{"id":9996,"date":"2016-06-03T07:47:11","date_gmt":"2016-06-03T05:47:11","guid":{"rendered":"http:\/\/www.rwg-bayreuth.de\/home\/?page_id=9996"},"modified":"2019-01-26T18:49:49","modified_gmt":"2019-01-26T17:49:49","slug":"der-poetische-garten","status":"publish","type":"post","link":"https:\/\/www.rwg-bayreuth.de\/home\/?p=9996","title":{"rendered":"Der poetische Garten"},"content":{"rendered":"<div id=\"attachment_9997\" style=\"width: 360px\" class=\"wp-caption alignleft\"><a href=\"https:\/\/www.rwg-bayreuth.de\/home\/wp-content\/uploads\/2016\/06\/2015-16_Ital-Gartenschau1_web.jpg\"><img loading=\"lazy\" decoding=\"async\" aria-describedby=\"caption-attachment-9997\" class=\"size-full wp-image-9997\" src=\"https:\/\/www.rwg-bayreuth.de\/home\/wp-content\/uploads\/2016\/06\/2015-16_Ital-Gartenschau1_web.jpg\" alt=\"Es entstanden sch\u00f6ne Objekte.\" width=\"350\" height=\"264\" srcset=\"https:\/\/www.rwg-bayreuth.de\/home\/wp-content\/uploads\/2016\/06\/2015-16_Ital-Gartenschau1_web.jpg 350w, https:\/\/www.rwg-bayreuth.de\/home\/wp-content\/uploads\/2016\/06\/2015-16_Ital-Gartenschau1_web-150x113.jpg 150w, https:\/\/www.rwg-bayreuth.de\/home\/wp-content\/uploads\/2016\/06\/2015-16_Ital-Gartenschau1_web-300x226.jpg 300w, https:\/\/www.rwg-bayreuth.de\/home\/wp-content\/uploads\/2016\/06\/2015-16_Ital-Gartenschau1_web-250x189.jpg 250w\" sizes=\"(max-width: 350px) 100vw, 350px\" \/><\/a><p id=\"caption-attachment-9997\" class=\"wp-caption-text\">Es entstanden sch\u00f6ne Objekte.<\/p><\/div>\n<p>Anl\u00e4sslich des 30-j\u00e4hrigen Jubil\u00e4ums des Sch\u00fcleraustausches des RWG mit dem Istituto Superiore A. Fossati &#8211; Da Passano in La Spezia nahmen die diesj\u00e4hrigen Teilnehme mit einem ganz besonderen Projekt an der Landesgartenschau teil.<\/p>\n<p>Sie verzierten Blument\u00f6pfe mit Gedichten und Aphorismen italienischer und deutscher Dichter, die sie zuvor im Internet recherchiert hatten. Alle Gedichte hatten die Natur, Blumen oder den Fr\u00fchling zum Thema.<\/p>\n<div id=\"attachment_9998\" style=\"width: 210px\" class=\"wp-caption alignright\"><a href=\"https:\/\/www.rwg-bayreuth.de\/home\/wp-content\/uploads\/2016\/06\/2015-16_Ital-Gartenschau3_web.jpg\"><img loading=\"lazy\" decoding=\"async\" aria-describedby=\"caption-attachment-9998\" class=\"size-full wp-image-9998\" src=\"https:\/\/www.rwg-bayreuth.de\/home\/wp-content\/uploads\/2016\/06\/2015-16_Ital-Gartenschau3_web.jpg\" alt=\"Die Aktion geh\u00f6rte zur Jubil\u00e4umsfeier.\" width=\"200\" height=\"268\" srcset=\"https:\/\/www.rwg-bayreuth.de\/home\/wp-content\/uploads\/2016\/06\/2015-16_Ital-Gartenschau3_web.jpg 200w, https:\/\/www.rwg-bayreuth.de\/home\/wp-content\/uploads\/2016\/06\/2015-16_Ital-Gartenschau3_web-112x150.jpg 112w\" sizes=\"(max-width: 200px) 100vw, 200px\" \/><\/a><p id=\"caption-attachment-9998\" class=\"wp-caption-text\">Die Aktion geh\u00f6rte zur<br \/>Jubil\u00e4umsfeier.<\/p><\/div>\n<p>Im Laufe des Vormittags entstanden sehr individuelle und sch\u00f6ne Objekte, die mit Kr\u00e4utern und Blumen bepflanzt wurden. Die gemeinsame Arbeit machte allen Spa\u00df und bot auch kreativen Anlass, sich mit dem Partner \u00fcber die Texte und Gedichte auszutauschen und die miteinander verbrachte Austauschwoche Revue passieren zu lassen. Im Laufe des Tages wurde unser Stand auch von den Schulleitern Frau Graf und Herrn Weber, den italienischen Begleitlehrkr\u00e4ften und vielen interessierten Eltern und Lehrern besucht. Auch bei anderen Besuchern der Landesgartenschau trafen die Blument\u00f6pfe auf gro\u00dfes Interesse.<\/p>\n<p>Als Teilnehmer an diesem Projekt hatten alle italienischen Gastsch\u00fcler und unsere RWG-Sch\u00fcler freien Eintritt und hatten an diesem Samstag Gelegenheit, weitere Aktivit\u00e4ten und Ausstellungen auf der Landesgartenschau anzuschauen und das Gel\u00e4nde gemeinsam zu erkunden. Die italienischen Lehrkr\u00e4fte und interessierten Sch\u00fcler hatten au\u00dferdem die M\u00f6glichkeit an einer F\u00fchrung teilzunehmen.<\/p>\n<div id=\"attachment_10000\" style=\"width: 360px\" class=\"wp-caption alignleft\"><a href=\"https:\/\/www.rwg-bayreuth.de\/home\/wp-content\/uploads\/2016\/06\/2015-16_Ital-Gartenschau2_web.jpg\"><img loading=\"lazy\" decoding=\"async\" aria-describedby=\"caption-attachment-10000\" class=\"size-full wp-image-10000\" src=\"https:\/\/www.rwg-bayreuth.de\/home\/wp-content\/uploads\/2016\/06\/2015-16_Ital-Gartenschau2_web.jpg\" alt=\"Die T\u00f6pfe eigenen sich gut als Geschenke.\" width=\"350\" height=\"264\" srcset=\"https:\/\/www.rwg-bayreuth.de\/home\/wp-content\/uploads\/2016\/06\/2015-16_Ital-Gartenschau2_web.jpg 350w, https:\/\/www.rwg-bayreuth.de\/home\/wp-content\/uploads\/2016\/06\/2015-16_Ital-Gartenschau2_web-150x113.jpg 150w, https:\/\/www.rwg-bayreuth.de\/home\/wp-content\/uploads\/2016\/06\/2015-16_Ital-Gartenschau2_web-300x226.jpg 300w, https:\/\/www.rwg-bayreuth.de\/home\/wp-content\/uploads\/2016\/06\/2015-16_Ital-Gartenschau2_web-250x189.jpg 250w\" sizes=\"(max-width: 350px) 100vw, 350px\" \/><\/a><p id=\"caption-attachment-10000\" class=\"wp-caption-text\">Die T\u00f6pfe eigenen sich gut als Geschenke.<\/p><\/div>\n<p>Abschlie\u00dfend trafen sich alle noch einmal um ihren Austauschpartnern den gestalteten Topf als Erinnerung an eine ereignisreiche Austauschwoche zu \u00fcberreichen und den sch\u00f6nen, sommerlich-warmen Tag mit einem gemeinsamen Foto geb\u00fchrend ausklingen zu lassen.<\/p>\n<p>Vielen Dank nochmals an alle Eltern, die dieses Projekt und den gesamten Austausch tatkr\u00e4ftig unterst\u00fctzt haben. Alle, die Fotos von der Aktion sehen m\u00f6chten, k\u00f6nnen sie zusammen mit Fotos von der Austauschwoche auf Facebook anklicken <a href=\"https:\/\/www.facebook.com\/FDPRWG2016\/\" target=\"_blank\" rel=\"noopener\">[mehr&#8230;]<\/a><\/p>\n<p>Anne-Kathrin Saathoff<\/p>\n<div id=\"attachment_10017\" style=\"width: 460px\" class=\"wp-caption alignleft\"><a href=\"https:\/\/www.rwg-bayreuth.de\/home\/wp-content\/uploads\/2016\/06\/2015-16_La_spezia_Abschlussfoto_450.jpg\"><img loading=\"lazy\" decoding=\"async\" aria-describedby=\"caption-attachment-10017\" class=\"size-full wp-image-10017\" src=\"https:\/\/www.rwg-bayreuth.de\/home\/wp-content\/uploads\/2016\/06\/2015-16_La_spezia_Abschlussfoto_450.jpg\" alt=\"Die deutsch-italienische Gruppe auf der Gartenschau.\" width=\"450\" height=\"300\" srcset=\"https:\/\/www.rwg-bayreuth.de\/home\/wp-content\/uploads\/2016\/06\/2015-16_La_spezia_Abschlussfoto_450.jpg 450w, https:\/\/www.rwg-bayreuth.de\/home\/wp-content\/uploads\/2016\/06\/2015-16_La_spezia_Abschlussfoto_450-150x100.jpg 150w, https:\/\/www.rwg-bayreuth.de\/home\/wp-content\/uploads\/2016\/06\/2015-16_La_spezia_Abschlussfoto_450-300x200.jpg 300w, https:\/\/www.rwg-bayreuth.de\/home\/wp-content\/uploads\/2016\/06\/2015-16_La_spezia_Abschlussfoto_450-250x167.jpg 250w\" sizes=\"(max-width: 450px) 100vw, 450px\" \/><\/a><p id=\"caption-attachment-10017\" class=\"wp-caption-text\">Die deutsch-italienische Gruppe auf der Gartenschau.<\/p><\/div>\n","protected":false},"excerpt":{"rendered":"<p>Anl\u00e4sslich des 30-j\u00e4hrigen Jubil\u00e4ums des Sch\u00fcleraustausches des RWG mit dem Istituto Superiore A. Fossati &#8211; Da Passano in La Spezia nahmen die diesj\u00e4hrigen Teilnehme mit einem ganz besonderen Projekt an der Landesgartenschau teil. Sie verzierten Blument\u00f6pfe mit Gedichten und Aphorismen italienischer und deutscher Dichter, die sie zuvor im Internet recherchiert hatten. Alle Gedichte hatten die&hellip;<\/p>\n","protected":false},"author":2,"featured_media":10017,"comment_status":"closed","ping_status":"closed","sticky":false,"template":"","format":"standard","meta":{"footnotes":""},"categories":[1],"tags":[68,51,69],"_links":{"self":[{"href":"https:\/\/www.rwg-bayreuth.de\/home\/index.php?rest_route=\/wp\/v2\/posts\/9996"}],"collection":[{"href":"https:\/\/www.rwg-bayreuth.de\/home\/index.php?rest_route=\/wp\/v2\/posts"}],"about":[{"href":"https:\/\/www.rwg-bayreuth.de\/home\/index.php?rest_route=\/wp\/v2\/types\/post"}],"author":[{"embeddable":true,"href":"https:\/\/www.rwg-bayreuth.de\/home\/index.php?rest_route=\/wp\/v2\/users\/2"}],"replies":[{"embeddable":true,"href":"https:\/\/www.rwg-bayreuth.de\/home\/index.php?rest_route=%2Fwp%2Fv2%2Fcomments&post=9996"}],"version-history":[{"count":7,"href":"https:\/\/www.rwg-bayreuth.de\/home\/index.php?rest_route=\/wp\/v2\/posts\/9996\/revisions"}],"predecessor-version":[{"id":20478,"href":"https:\/\/www.rwg-bayreuth.de\/home\/index.php?rest_route=\/wp\/v2\/posts\/9996\/revisions\/20478"}],"wp:featuredmedia":[{"embeddable":true,"href":"https:\/\/www.rwg-bayreuth.de\/home\/index.php?rest_route=\/wp\/v2\/media\/10017"}],"wp:attachment":[{"href":"https:\/\/www.rwg-bayreuth.de\/home\/index.php?rest_route=%2Fwp%2Fv2%2Fmedia&parent=9996"}],"wp:term":[{"taxonomy":"category","embeddable":true,"href":"https:\/\/www.rwg-bayreuth.de\/home\/index.php?rest_route=%2Fwp%2Fv2%2Fcategories&post=9996"},{"taxonomy":"post_tag","embeddable":true,"href":"https:\/\/www.rwg-bayreuth.de\/home\/index.php?rest_route=%2Fwp%2Fv2%2Ftags&post=9996"}],"curies":[{"name":"wp","href":"https:\/\/api.w.org\/{rel}","templated":true}]}}