{"id":9888,"date":"2016-05-04T21:45:39","date_gmt":"2016-05-04T19:45:39","guid":{"rendered":"http:\/\/www.rwg-bayreuth.de\/home\/?page_id=9888"},"modified":"2017-03-05T22:13:09","modified_gmt":"2017-03-05T21:13:09","slug":"aktivitaeten-rund-um-den-garten","status":"publish","type":"post","link":"https:\/\/www.rwg-bayreuth.de\/home\/?p=9888","title":{"rendered":"Aktivit\u00e4ten rund um den Garten"},"content":{"rendered":"<div id=\"attachment_9886\" style=\"width: 610px\" class=\"wp-caption aligncenter\"><a href=\"https:\/\/www.rwg-bayreuth.de\/home\/wp-content\/uploads\/2016\/05\/2015-16_Gartenschau_Begr\u00fc\u00df_600.jpg\"><img loading=\"lazy\" decoding=\"async\" aria-describedby=\"caption-attachment-9886\" src=\"https:\/\/www.rwg-bayreuth.de\/home\/wp-content\/uploads\/2016\/05\/2015-16_Gartenschau_Begr\u00fc\u00df_600.jpg\" alt=\"Schulleiterin Ursula Graf er\u00f6ffnete den RWG-Aktionstag auf der Gartenschau.\" width=\"600\" height=\"297\" class=\"size-full wp-image-9886\" srcset=\"https:\/\/www.rwg-bayreuth.de\/home\/wp-content\/uploads\/2016\/05\/2015-16_Gartenschau_Begr\u00fc\u00df_600.jpg 600w, https:\/\/www.rwg-bayreuth.de\/home\/wp-content\/uploads\/2016\/05\/2015-16_Gartenschau_Begr\u00fc\u00df_600-150x74.jpg 150w, https:\/\/www.rwg-bayreuth.de\/home\/wp-content\/uploads\/2016\/05\/2015-16_Gartenschau_Begr\u00fc\u00df_600-450x223.jpg 450w, https:\/\/www.rwg-bayreuth.de\/home\/wp-content\/uploads\/2016\/05\/2015-16_Gartenschau_Begr\u00fc\u00df_600-250x124.jpg 250w\" sizes=\"(max-width: 600px) 100vw, 600px\" \/><\/a><p id=\"caption-attachment-9886\" class=\"wp-caption-text\">Schulleiterin Ursula Graf er\u00f6ffnete den RWG-Aktionstag auf der Gartenschau.<\/p><\/div>\n<p>Mit einem eigenen Aktionstag beteiligte sich unsere Schule, das RWG, an der Landesgartenschau 2016. Sie ist eine Veranstaltung von \u00fcberregionalem Gewicht: Nicht nur f\u00fcr die Bayreuther und die Menschen aus der Umgebung ist sie gedacht, sondern f\u00fcr Besucher aus ganz Bayern, und die sollen sehen, dass sich Bayreuth von seiner besten Seite zeigen kann. Deshalb ist es sch\u00f6n, dass auch unsere Schule die Gelegenheit bekam, dazu einen Beitrag zu leisten.<\/p>\n<p>Sch\u00f6n ist es ferner, dass auch der Wettergott Erbarmen zeigte und den unerwarteten Wintereinbruch rechtzeitig beendete: Am Samstagmorgen herrschte auf dem gro\u00dfz\u00fcgigen Areal in den oberen Mainauen tats\u00e4chlich fr\u00fchlingshafter Sonnenschein und lockte schon am fr\u00fchen Morgen Besucher auf das Ausstellungsgel\u00e4nde.<\/p>\n<div id=\"attachment_9900\" style=\"width: 360px\" class=\"wp-caption alignleft\"><a href=\"https:\/\/www.rwg-bayreuth.de\/home\/wp-content\/uploads\/2016\/05\/2015-16_Gartenschau_Besch\u00e4ftigung_web.jpg\"><img loading=\"lazy\" decoding=\"async\" aria-describedby=\"caption-attachment-9900\" src=\"https:\/\/www.rwg-bayreuth.de\/home\/wp-content\/uploads\/2016\/05\/2015-16_Gartenschau_Besch\u00e4ftigung_web.jpg\" alt=\"Die Gartenschau bietet viele M\u00f6glichkeiten, sich zu besch\u00e4ftigen.\" width=\"350\" height=\"249\" class=\"size-full wp-image-9900\" srcset=\"https:\/\/www.rwg-bayreuth.de\/home\/wp-content\/uploads\/2016\/05\/2015-16_Gartenschau_Besch\u00e4ftigung_web.jpg 350w, https:\/\/www.rwg-bayreuth.de\/home\/wp-content\/uploads\/2016\/05\/2015-16_Gartenschau_Besch\u00e4ftigung_web-150x107.jpg 150w, https:\/\/www.rwg-bayreuth.de\/home\/wp-content\/uploads\/2016\/05\/2015-16_Gartenschau_Besch\u00e4ftigung_web-300x213.jpg 300w, https:\/\/www.rwg-bayreuth.de\/home\/wp-content\/uploads\/2016\/05\/2015-16_Gartenschau_Besch\u00e4ftigung_web-250x178.jpg 250w\" sizes=\"(max-width: 350px) 100vw, 350px\" \/><\/a><p id=\"caption-attachment-9900\" class=\"wp-caption-text\">Die Gartenschau bietet viele M\u00f6glichkeiten,<br \/>\nsich zu besch\u00e4ftigen.<\/p><\/div>\n<p>Wer sich dort umsah, merkte rasch, dass die Gestalter eine gute Arbeit geleistet haben: Das Gel\u00e4nde ist sehr gro\u00dfz\u00fcgig geplant, aber trotzdem \u00fcberschaubar und auch g\u00e4rtnerisch geschickt gestaltet: Die \u00fcppigen Beete und Rabatten mit ihren bunten Fr\u00fchlingsblumen sorgten f\u00fcr eine sch\u00f6ne Augenweide &#8211; zum Gl\u00fcck konnte ihnen der Frost der letzten Wochen nicht allzu viel anhaben.<\/p>\n<p>Wer meint, die Gartenschau sei nur etwas f\u00fcr hartgesottene und eingefleischte Hobbyg\u00e4rtner, der sieht sich bei einem Gang \u00fcber das Gel\u00e4nde schnell eines Besseren belehrt: Entstanden ist eine abwechslungsreiche Parklandschaft, die zum Spazieren, zum Schauen und zum Verweilen einl\u00e4dt und eine echt sehenswerter Attraktion auch f\u00fcr alle diejenigen ist, die nicht unbedingt mit einem gr\u00fcnen D\u00e4umchen gesegnet sind. Es gibt einfach viel zu sehen und  auch etwas zu tun.<\/p>\n<p>Daf\u00fcr sorgten unsere Sch\u00fcler bei ihrem RWG-Aktionstag. Die Seeb\u00fchne unter dem gro\u00dfen Zeltdach hatte schon fr\u00fch morgens unsere Bigband und unser Unterstufenchor in Beschlag genommen. Schulleiterin Ursula Graf hie\u00df noch einmal alle willkommen und gab ihrer Freude Ausdruck, dass das RWG einen Beitrag leisten konnte. Die nagelneuen Schulbanner flankierten die B\u00fchne und zeigte allen Besuchern, wer im Anschluss an die Er\u00f6ffnung so sch\u00f6n sang und spielte: \u201eDas RWG &#8211; die Schule im Herzen der Stadt.\u201c<\/p>\n<div id=\"attachment_9889\" style=\"width: 360px\" class=\"wp-caption alignleft\"><a href=\"https:\/\/www.rwg-bayreuth.de\/home\/wp-content\/uploads\/2016\/05\/2015-16_Blumengedichte_web.jpg\"><img loading=\"lazy\" decoding=\"async\" aria-describedby=\"caption-attachment-9889\" src=\"https:\/\/www.rwg-bayreuth.de\/home\/wp-content\/uploads\/2016\/05\/2015-16_Blumengedichte_web.jpg\" alt=\"An verschiedenen Stationen wurden Gedichte rezitiert.\" width=\"350\" height=\"229\" class=\"size-full wp-image-9889\" srcset=\"https:\/\/www.rwg-bayreuth.de\/home\/wp-content\/uploads\/2016\/05\/2015-16_Blumengedichte_web.jpg 350w, https:\/\/www.rwg-bayreuth.de\/home\/wp-content\/uploads\/2016\/05\/2015-16_Blumengedichte_web-150x98.jpg 150w, https:\/\/www.rwg-bayreuth.de\/home\/wp-content\/uploads\/2016\/05\/2015-16_Blumengedichte_web-300x196.jpg 300w, https:\/\/www.rwg-bayreuth.de\/home\/wp-content\/uploads\/2016\/05\/2015-16_Blumengedichte_web-250x164.jpg 250w\" sizes=\"(max-width: 350px) 100vw, 350px\" \/><\/a><p id=\"caption-attachment-9889\" class=\"wp-caption-text\">An verschiedenen Stationen wurden Gedichte rezitiert.<\/p><\/div>\n<p>Unter der Koordination von Constanze Hofmann hatten sich verschiedene Projektgruppen interessante Beitr\u00e4ge \u00fcberlegt, die nun den Besuchern vorgef\u00fchrt wurden: Sch\u00fcler von Frau Kemnitzer trugen selbst verfasste Poesie vor: Mit ihren Texten luden sie die Besucher ein, zu verweilen und innezuhalten und den Versen der Gedichte zu lauschen. Am Ende wurden die Textschilder zu einem kreativen Mosaik gelegt. <\/p>\n<p>Die Schulspielgruppe der Q11 um Frau Guder-Sp\u00e4th f\u00fchrte den \u201eB\u00fcrger als Edelmann\u201c von Moli\u00e8re auf und sorgte mit der k\u00f6stlichen Kom\u00f6die f\u00fcr eine lustige Unterhaltung des Publikums.<\/p>\n<div id=\"attachment_9891\" style=\"width: 360px\" class=\"wp-caption alignright\"><a href=\"https:\/\/www.rwg-bayreuth.de\/home\/wp-content\/uploads\/2016\/05\/2015-16_Gartenschau_Mitbringsel_web.jpg\"><img loading=\"lazy\" decoding=\"async\" aria-describedby=\"caption-attachment-9891\" src=\"https:\/\/www.rwg-bayreuth.de\/home\/wp-content\/uploads\/2016\/05\/2015-16_Gartenschau_Mitbringsel_web.jpg\" alt=\"Der Stand war im Zeichen des Austausch-Jubil\u00e4ums.\" width=\"350\" height=\"265\" class=\"size-full wp-image-9891\" srcset=\"https:\/\/www.rwg-bayreuth.de\/home\/wp-content\/uploads\/2016\/05\/2015-16_Gartenschau_Mitbringsel_web.jpg 350w, https:\/\/www.rwg-bayreuth.de\/home\/wp-content\/uploads\/2016\/05\/2015-16_Gartenschau_Mitbringsel_web-150x114.jpg 150w, https:\/\/www.rwg-bayreuth.de\/home\/wp-content\/uploads\/2016\/05\/2015-16_Gartenschau_Mitbringsel_web-300x227.jpg 300w, https:\/\/www.rwg-bayreuth.de\/home\/wp-content\/uploads\/2016\/05\/2015-16_Gartenschau_Mitbringsel_web-250x189.jpg 250w\" sizes=\"(max-width: 350px) 100vw, 350px\" \/><\/a><p id=\"caption-attachment-9891\" class=\"wp-caption-text\">Der Stand war im Zeichen des Austausch-Jubil\u00e4ums.<\/p><\/div>\n<p>Unser Schulaustausch mit La Spezia feiert gerade sein 50-j\u00e4hriges Jubil\u00e4um. Dazu gibt es viele Besuche mit den entsprechenden Gegenbesuchen und schnell taucht die Frage auf: \u201eWas bringe ich als Gastgeschenk mit?\u201c Auf der Gartenschau zeigte eine Sch\u00fclergruppe, wie man kleine Blumentopfarrangements gestalten kann, die sich wunderbar als Geschenk eignen, unkompliziert herzustellen sind und nicht viel kosten. Hier konnten sich die Besucher so manche Anregung mit nach Hause nehmen und nat\u00fcrlich das eine oder andere Dekorationsbeispiel auch k\u00e4uflich erwerben.<\/p>\n<div id=\"attachment_9892\" style=\"width: 360px\" class=\"wp-caption alignleft\"><a href=\"https:\/\/www.rwg-bayreuth.de\/home\/wp-content\/uploads\/2016\/05\/2015-16_Gartenschau_Krepblumen_web.jpg\"><img loading=\"lazy\" decoding=\"async\" aria-describedby=\"caption-attachment-9892\" src=\"https:\/\/www.rwg-bayreuth.de\/home\/wp-content\/uploads\/2016\/05\/2015-16_Gartenschau_Krepblumen_web.jpg\" alt=\"Kreppblumen verwelken nicht.\" width=\"350\" height=\"249\" class=\"size-full wp-image-9892\" srcset=\"https:\/\/www.rwg-bayreuth.de\/home\/wp-content\/uploads\/2016\/05\/2015-16_Gartenschau_Krepblumen_web.jpg 350w, https:\/\/www.rwg-bayreuth.de\/home\/wp-content\/uploads\/2016\/05\/2015-16_Gartenschau_Krepblumen_web-150x107.jpg 150w, https:\/\/www.rwg-bayreuth.de\/home\/wp-content\/uploads\/2016\/05\/2015-16_Gartenschau_Krepblumen_web-300x213.jpg 300w, https:\/\/www.rwg-bayreuth.de\/home\/wp-content\/uploads\/2016\/05\/2015-16_Gartenschau_Krepblumen_web-250x178.jpg 250w\" sizes=\"(max-width: 350px) 100vw, 350px\" \/><\/a><p id=\"caption-attachment-9892\" class=\"wp-caption-text\">Kreppblumen verwelken nicht.<\/p><\/div>\n<p>Deutschland und Italien war auch das Thema eines anderen Workshop, bei der es um Blumen in einem ganz anderen Sinn geht: W\u00e4hrend die Pracht der Gartenschaublumen eine sehr verg\u00e4ngliche ist, haben Blumen aus Krepp-Papier den Vorteil, dass sie niemals welken. Wie man sie macht und wie man sie geschickt arrangiert, zeigte ebenfalls eine Sch\u00fclergruppe des RWG. Dass dabei die Nationalfarben der beiden L\u00e4nder &#8211; Schwarz-Rot-Gold f\u00fcr Deutschland und Gr\u00fcn-Wei\u00df-Rot f\u00fcr Italien &#8211; eine gro\u00dfe Rolle spielten, versteht sich von selbst.<\/p>\n<div id=\"attachment_9893\" style=\"width: 360px\" class=\"wp-caption alignright\"><a href=\"https:\/\/www.rwg-bayreuth.de\/home\/wp-content\/uploads\/2016\/05\/2015-16_Gartenschau_Pflanzenfarben_web-.jpg\"><img loading=\"lazy\" decoding=\"async\" aria-describedby=\"caption-attachment-9893\" src=\"https:\/\/www.rwg-bayreuth.de\/home\/wp-content\/uploads\/2016\/05\/2015-16_Gartenschau_Pflanzenfarben_web-.jpg\" alt=\"Aus Pflanzen kann man auch Farben machen.\" width=\"350\" height=\"251\" class=\"size-full wp-image-9893\" srcset=\"https:\/\/www.rwg-bayreuth.de\/home\/wp-content\/uploads\/2016\/05\/2015-16_Gartenschau_Pflanzenfarben_web-.jpg 350w, https:\/\/www.rwg-bayreuth.de\/home\/wp-content\/uploads\/2016\/05\/2015-16_Gartenschau_Pflanzenfarben_web--150x108.jpg 150w, https:\/\/www.rwg-bayreuth.de\/home\/wp-content\/uploads\/2016\/05\/2015-16_Gartenschau_Pflanzenfarben_web--300x215.jpg 300w, https:\/\/www.rwg-bayreuth.de\/home\/wp-content\/uploads\/2016\/05\/2015-16_Gartenschau_Pflanzenfarben_web--250x179.jpg 250w\" sizes=\"(max-width: 350px) 100vw, 350px\" \/><\/a><p id=\"caption-attachment-9893\" class=\"wp-caption-text\">Aus Pflanzen kann man auch Farben machen.<\/p><\/div>\n<p>Dass man mit Pflanzen tats\u00e4chlich malen kann, demonstrierte eine andere Gruppe: Pflanzen eigenen sich n\u00e4mlich nicht nur als Motiv, sondern auch, um aus ihnen Farbe herzustellen, die dann verwendet werden kann, um unterschiedliche Bildthemen zu gestalten. Unter der Regie von Frau Fr\u00f6ber werkelte eine Sch\u00fclergruppe in ihrem Pavillon, um den G\u00e4sten zu zeigen, wie geschickt sie mit Pinsel und den selbst gemischten Farben umzugehen verstanden.<\/p>\n<div id=\"attachment_9894\" style=\"width: 360px\" class=\"wp-caption alignleft\"><a href=\"https:\/\/www.rwg-bayreuth.de\/home\/wp-content\/uploads\/2016\/05\/2015-16_Gartenschau_Windlicht_Web.jpg\"><img loading=\"lazy\" decoding=\"async\" aria-describedby=\"caption-attachment-9894\" src=\"https:\/\/www.rwg-bayreuth.de\/home\/wp-content\/uploads\/2016\/05\/2015-16_Gartenschau_Windlicht_Web.jpg\" alt=\"Die Windlichter trugen Naturmotive .\" width=\"350\" height=\"253\" class=\"size-full wp-image-9894\" srcset=\"https:\/\/www.rwg-bayreuth.de\/home\/wp-content\/uploads\/2016\/05\/2015-16_Gartenschau_Windlicht_Web.jpg 350w, https:\/\/www.rwg-bayreuth.de\/home\/wp-content\/uploads\/2016\/05\/2015-16_Gartenschau_Windlicht_Web-150x108.jpg 150w, https:\/\/www.rwg-bayreuth.de\/home\/wp-content\/uploads\/2016\/05\/2015-16_Gartenschau_Windlicht_Web-300x217.jpg 300w, https:\/\/www.rwg-bayreuth.de\/home\/wp-content\/uploads\/2016\/05\/2015-16_Gartenschau_Windlicht_Web-250x181.jpg 250w\" sizes=\"(max-width: 350px) 100vw, 350px\" \/><\/a><p id=\"caption-attachment-9894\" class=\"wp-caption-text\">Die Windlichter trugen Naturmotive .<\/p><\/div>\n<p>W\u00e4hrend hier etwas ganz Dauerhaftes entstand, huldigteeine andere Gruppe dem Ideal Fl\u00fcchtigkeit: Bei Festen oder anderen Anl\u00e4ssen sind Windlicht-Ballone ein stimmungsvolles Element. Mit einer Kerze versehen steigen sie in den Himmel, um irgendwann im nirgendwo zu verschwinden. Unsere Sch\u00fcler aus der Q11 zeigten, wie man die Windlichth\u00fcllen sch\u00f6n verzieren kann, bevor sie sich zu ihrem einzigen Flug in den Himmel erheben, &#8211; zur Gartenschau passend mit Naturmotiven.<\/p>\n<div id=\"attachment_9896\" style=\"width: 360px\" class=\"wp-caption alignright\"><a href=\"https:\/\/www.rwg-bayreuth.de\/home\/wp-content\/uploads\/2016\/05\/2015-16_Gartenschau_Mathe.jpg\"><img loading=\"lazy\" decoding=\"async\" aria-describedby=\"caption-attachment-9896\" src=\"https:\/\/www.rwg-bayreuth.de\/home\/wp-content\/uploads\/2016\/05\/2015-16_Gartenschau_Mathe.jpg\" alt=\"Es gab auch Experimente rund um Mathe.\" width=\"350\" height=\"264\" class=\"size-full wp-image-9896\" srcset=\"https:\/\/www.rwg-bayreuth.de\/home\/wp-content\/uploads\/2016\/05\/2015-16_Gartenschau_Mathe.jpg 350w, https:\/\/www.rwg-bayreuth.de\/home\/wp-content\/uploads\/2016\/05\/2015-16_Gartenschau_Mathe-150x113.jpg 150w, https:\/\/www.rwg-bayreuth.de\/home\/wp-content\/uploads\/2016\/05\/2015-16_Gartenschau_Mathe-300x226.jpg 300w, https:\/\/www.rwg-bayreuth.de\/home\/wp-content\/uploads\/2016\/05\/2015-16_Gartenschau_Mathe-250x189.jpg 250w\" sizes=\"(max-width: 350px) 100vw, 350px\" \/><\/a><p id=\"caption-attachment-9896\" class=\"wp-caption-text\">Es gab auch Experimente rund um Mathe.<\/p><\/div>\n<p>Aus einer ganz anderen Richtung n\u00e4herte sich eine Sch\u00fclergruppe um Herrn B\u00f6hner der Gartenschau: Hier ging es um Mathematik zum Anfassen, und man konnte mit allerlei Aktivit\u00e4ten den Baupl\u00e4nen der Natur auf die Spur kommen.<\/p>\n<p>Blickpunkte in der Landschaft bildeten die \u00fcberdimensionalen Windspiele, welche sich Herr Just \u00fcberlegt hatte und seine Sch\u00fcler gestalten lie\u00df. Sie steckten nun von weithin sichtbar in den Anlagen und sind ein sch\u00f6nes, bleibendes Zeichen, dass das RWG seinen Beitrag zur Gartenschau geleistet hat.<\/p>\n<p>Am Samstag, 7. Mai, ist das RWG wieder auf der Gartenschau: Dann gibt es eine Pflanzentauschb\u00f6rse, organisiert von der Schulgarten-AG.<br \/>\n<a href=\"https:\/\/www.rwg-bayreuth.de\/home\/wp-content\/uploads\/2016\/04\/Gartenschau-RWG-Plan.pdf\"><br \/>\n[zum Gesamtprogramm &#8222;Das RWG auf der Landesgartenschau&#8230;]<\/a><\/p>\n","protected":false},"excerpt":{"rendered":"<p>Mit einem eigenen Aktionstag beteiligte sich unsere Schule, das RWG, an der Landesgartenschau 2016. Sie ist eine Veranstaltung von \u00fcberregionalem Gewicht: Nicht nur f\u00fcr die Bayreuther und die Menschen aus der Umgebung ist sie gedacht, sondern f\u00fcr Besucher aus ganz Bayern, und die sollen sehen, dass sich Bayreuth von seiner besten Seite zeigen kann. Deshalb&hellip;<\/p>\n","protected":false},"author":2,"featured_media":0,"comment_status":"closed","ping_status":"closed","sticky":false,"template":"","format":"standard","meta":{"footnotes":""},"categories":[1],"tags":[],"_links":{"self":[{"href":"https:\/\/www.rwg-bayreuth.de\/home\/index.php?rest_route=\/wp\/v2\/posts\/9888"}],"collection":[{"href":"https:\/\/www.rwg-bayreuth.de\/home\/index.php?rest_route=\/wp\/v2\/posts"}],"about":[{"href":"https:\/\/www.rwg-bayreuth.de\/home\/index.php?rest_route=\/wp\/v2\/types\/post"}],"author":[{"embeddable":true,"href":"https:\/\/www.rwg-bayreuth.de\/home\/index.php?rest_route=\/wp\/v2\/users\/2"}],"replies":[{"embeddable":true,"href":"https:\/\/www.rwg-bayreuth.de\/home\/index.php?rest_route=%2Fwp%2Fv2%2Fcomments&post=9888"}],"version-history":[{"count":16,"href":"https:\/\/www.rwg-bayreuth.de\/home\/index.php?rest_route=\/wp\/v2\/posts\/9888\/revisions"}],"predecessor-version":[{"id":9917,"href":"https:\/\/www.rwg-bayreuth.de\/home\/index.php?rest_route=\/wp\/v2\/posts\/9888\/revisions\/9917"}],"wp:attachment":[{"href":"https:\/\/www.rwg-bayreuth.de\/home\/index.php?rest_route=%2Fwp%2Fv2%2Fmedia&parent=9888"}],"wp:term":[{"taxonomy":"category","embeddable":true,"href":"https:\/\/www.rwg-bayreuth.de\/home\/index.php?rest_route=%2Fwp%2Fv2%2Fcategories&post=9888"},{"taxonomy":"post_tag","embeddable":true,"href":"https:\/\/www.rwg-bayreuth.de\/home\/index.php?rest_route=%2Fwp%2Fv2%2Ftags&post=9888"}],"curies":[{"name":"wp","href":"https:\/\/api.w.org\/{rel}","templated":true}]}}