{"id":9848,"date":"2016-05-02T08:08:15","date_gmt":"2016-05-02T06:08:15","guid":{"rendered":"http:\/\/www.rwg-bayreuth.de\/home\/?page_id=9848"},"modified":"2017-03-05T22:13:09","modified_gmt":"2017-03-05T21:13:09","slug":"erste-plaetze-beim-franzoesisch-wettbewerb","status":"publish","type":"post","link":"https:\/\/www.rwg-bayreuth.de\/home\/?p=9848","title":{"rendered":"Erste Pl\u00e4tze beim Franz\u00f6sisch-Wettbewerb"},"content":{"rendered":"<div id=\"attachment_9849\" style=\"width: 360px\" class=\"wp-caption alignleft\"><a href=\"https:\/\/www.rwg-bayreuth.de\/home\/wp-content\/uploads\/2016\/05\/2015-16_Frz_Vorlesen_web4.jpg\"><img loading=\"lazy\" decoding=\"async\" aria-describedby=\"caption-attachment-9849\" src=\"https:\/\/www.rwg-bayreuth.de\/home\/wp-content\/uploads\/2016\/05\/2015-16_Frz_Vorlesen_web4.jpg\" alt=\"Die beiden Siegerinnen freuten sich \u00fcber ihren Erfolg.\" width=\"350\" height=\"263\" class=\"size-full wp-image-9849\" srcset=\"https:\/\/www.rwg-bayreuth.de\/home\/wp-content\/uploads\/2016\/05\/2015-16_Frz_Vorlesen_web4.jpg 350w, https:\/\/www.rwg-bayreuth.de\/home\/wp-content\/uploads\/2016\/05\/2015-16_Frz_Vorlesen_web4-150x113.jpg 150w, https:\/\/www.rwg-bayreuth.de\/home\/wp-content\/uploads\/2016\/05\/2015-16_Frz_Vorlesen_web4-300x225.jpg 300w, https:\/\/www.rwg-bayreuth.de\/home\/wp-content\/uploads\/2016\/05\/2015-16_Frz_Vorlesen_web4-250x188.jpg 250w\" sizes=\"(max-width: 350px) 100vw, 350px\" \/><\/a><p id=\"caption-attachment-9849\" class=\"wp-caption-text\">Die beiden Siegerinnen freuten sich \u00fcber ihren Erfolg.<\/p><\/div>\n<p>Maxima Walter (7d) und Lena Backer (7e) gewinnen den ersten und zweiten Preis beim franz\u00f6sischen Vorlesewettbewerb.<\/p>\n<p>Zum 21. Mal f\u00fchrte die deutsch-franz\u00f6sische Gesellschaft einen Vorlesewettbewerb in franz\u00f6sischer Sprache f\u00fcr die Sch\u00fclerinnen und Sch\u00fcler der 7. Jahrgangsstufe aller Bayreuther Gymnasien und des Gymnasiums von Pegnitz durch. Nach dem Vortrag eines bekannten Textes, den die Sch\u00fclerinnen und Sch\u00fcler mit ihren Lehrern einge\u00fcbt hatten, mussten sie der Jury, die aus vier franz\u00f6sischen Muttersprachlerinnen bestand, auch einen unbekannten Texte vorlesen \u2013 eine Herausforderung f\u00fcr alle Teilnehmer. Anl\u00e4sslich des 50. Geburtstags der Partnerschaft zwischen Annecy und Bayreuth wurde eine savoyardische Legende ausgew\u00e4hlt. Maxima Walter \u00fcberzeugte die Jury bei beiden Vortr\u00e4gen und gewann den 1. Preis, gefolgt von Lena Backer, die sich den 2. Platz sicherte.<\/p>\n","protected":false},"excerpt":{"rendered":"<p>Maxima Walter (7d) und Lena Backer (7e) gewinnen den ersten und zweiten Preis beim franz\u00f6sischen Vorlesewettbewerb. Zum 21. Mal f\u00fchrte die deutsch-franz\u00f6sische Gesellschaft einen Vorlesewettbewerb in franz\u00f6sischer Sprache f\u00fcr die Sch\u00fclerinnen und Sch\u00fcler der 7. Jahrgangsstufe aller Bayreuther Gymnasien und des Gymnasiums von Pegnitz durch. Nach dem Vortrag eines bekannten Textes, den die Sch\u00fclerinnen und&hellip;<\/p>\n","protected":false},"author":2,"featured_media":0,"comment_status":"closed","ping_status":"closed","sticky":false,"template":"","format":"standard","meta":{"footnotes":""},"categories":[1],"tags":[],"_links":{"self":[{"href":"https:\/\/www.rwg-bayreuth.de\/home\/index.php?rest_route=\/wp\/v2\/posts\/9848"}],"collection":[{"href":"https:\/\/www.rwg-bayreuth.de\/home\/index.php?rest_route=\/wp\/v2\/posts"}],"about":[{"href":"https:\/\/www.rwg-bayreuth.de\/home\/index.php?rest_route=\/wp\/v2\/types\/post"}],"author":[{"embeddable":true,"href":"https:\/\/www.rwg-bayreuth.de\/home\/index.php?rest_route=\/wp\/v2\/users\/2"}],"replies":[{"embeddable":true,"href":"https:\/\/www.rwg-bayreuth.de\/home\/index.php?rest_route=%2Fwp%2Fv2%2Fcomments&post=9848"}],"version-history":[{"count":2,"href":"https:\/\/www.rwg-bayreuth.de\/home\/index.php?rest_route=\/wp\/v2\/posts\/9848\/revisions"}],"predecessor-version":[{"id":9851,"href":"https:\/\/www.rwg-bayreuth.de\/home\/index.php?rest_route=\/wp\/v2\/posts\/9848\/revisions\/9851"}],"wp:attachment":[{"href":"https:\/\/www.rwg-bayreuth.de\/home\/index.php?rest_route=%2Fwp%2Fv2%2Fmedia&parent=9848"}],"wp:term":[{"taxonomy":"category","embeddable":true,"href":"https:\/\/www.rwg-bayreuth.de\/home\/index.php?rest_route=%2Fwp%2Fv2%2Fcategories&post=9848"},{"taxonomy":"post_tag","embeddable":true,"href":"https:\/\/www.rwg-bayreuth.de\/home\/index.php?rest_route=%2Fwp%2Fv2%2Ftags&post=9848"}],"curies":[{"name":"wp","href":"https:\/\/api.w.org\/{rel}","templated":true}]}}