{"id":979,"date":"2012-12-20T08:21:44","date_gmt":"2012-12-20T07:21:44","guid":{"rendered":"http:\/\/www.rwg-bayreuth.de\/home\/?p=979"},"modified":"2012-12-20T08:21:45","modified_gmt":"2012-12-20T07:21:45","slug":"feierliche-amtseinfuhrung","status":"publish","type":"post","link":"https:\/\/www.rwg-bayreuth.de\/home\/?p=979","title":{"rendered":"Feierliche Amtseinf\u00fchrung"},"content":{"rendered":"<div id=\"attachment_948\" style=\"width: 435px\" class=\"wp-caption alignleft\"><a href=\"https:\/\/www.rwg-bayreuth.de\/home\/wp-content\/uploads\/2012\/11\/2012_Graf_Einfuehrung_web1.jpg\"><img loading=\"lazy\" decoding=\"async\" aria-describedby=\"caption-attachment-948\" src=\"https:\/\/www.rwg-bayreuth.de\/home\/wp-content\/uploads\/2012\/11\/2012_Graf_Einfuehrung_web1.jpg\" alt=\"Amtseinf\u00fchrung Ursula Graf\" title=\"Amtseinf\u00fchrung Graf\" width=\"425\" height=\"294\" class=\"size-full wp-image-948\" \/><\/a><p id=\"caption-attachment-948\" class=\"wp-caption-text\">Die musikalische Umrahmung der Amtseinf\u00fchrung \u00fcbernahmen der Unterstufenchor und Solisten des RWG<\/p><\/div>\n<p>Mit einer Feierstunde in der Aula wurde die neue Schulleiterin des RWG, Ursula Graf, in ihr Amt eingef\u00fchrt. In ihrer Ansprache zeigte sich Schulleiterin Graf sehr angetan von dem guten Geist, der in der Sch\u00fclerschaft und im Kollegium herrsche. Sie stellte heraus, wie wichtig es sei, bei der weiteren Entwicklung der Schule vertrauensvoll miteinander zu arbeiten. Als wichtigste Herausforderungen f\u00fcr die Zukunft sprach sie die Schaffung eines guten Intensivierungskonzeptes an, die individuelle F\u00f6rderung der Sch\u00fcler, M\u00f6glichkeiten des Ausbaus einer sinnvollen Betreuung am Nachmittag und auch die Renovierung des Schulhauses. <\/p>\n<p>Der Ministerialbeauftragte f\u00fcr die Gymnasien in Oberfranken Dr. Edmund Neubauer erinnerte an den beruflichen Werdegang der neuen Schulleiterin und stellte ihre \u00fcberragende Qualifikation f\u00fcr dieses Amt heraus. Als Vertreter der Stadt Bayreuth bot Zweiter B\u00fcrgermeister Thomas Ebersberger die Fortsetzung der guten Zusammenarbeit an. F\u00fcr den Personalrat des RWG w\u00fcnschte Finn Wagner der neuen Schulleiterin eine gute Amtszeit. <\/p>\n<p>Die Sch\u00fclerschaft kam durch Tizian Jahreis, den neu gew\u00e4hlten Bezirkssch\u00fclersprecher, zu Wort: Er freute sich \u00fcber die gro\u00dfe Gespr\u00e4chsbereitschaft, die Schulleiterin Graf den Sch\u00fclern gegen\u00fcber gezeigt habe: Dies sei ein gutes Signal, dass die Zukunft der Schule bei Frau Graf in guten H\u00e4nden sei. Der Beifall aller Zuh\u00f6rer war ihm an dieser Stelle sicher.<\/p>\n","protected":false},"excerpt":{"rendered":"<p>Mit einer Feierstunde in der Aula wurde die neue Schulleiterin des RWG, Ursula Graf, in ihr Amt eingef\u00fchrt. In ihrer Ansprache zeigte sich Schulleiterin Graf sehr angetan von dem guten Geist, der in der Sch\u00fclerschaft und im Kollegium herrsche. Sie stellte heraus, wie wichtig es sei, bei der weiteren Entwicklung der Schule vertrauensvoll miteinander zu&hellip;<\/p>\n","protected":false},"author":2,"featured_media":0,"comment_status":"closed","ping_status":"closed","sticky":false,"template":"","format":"standard","meta":{"footnotes":""},"categories":[1],"tags":[],"_links":{"self":[{"href":"https:\/\/www.rwg-bayreuth.de\/home\/index.php?rest_route=\/wp\/v2\/posts\/979"}],"collection":[{"href":"https:\/\/www.rwg-bayreuth.de\/home\/index.php?rest_route=\/wp\/v2\/posts"}],"about":[{"href":"https:\/\/www.rwg-bayreuth.de\/home\/index.php?rest_route=\/wp\/v2\/types\/post"}],"author":[{"embeddable":true,"href":"https:\/\/www.rwg-bayreuth.de\/home\/index.php?rest_route=\/wp\/v2\/users\/2"}],"replies":[{"embeddable":true,"href":"https:\/\/www.rwg-bayreuth.de\/home\/index.php?rest_route=%2Fwp%2Fv2%2Fcomments&post=979"}],"version-history":[{"count":2,"href":"https:\/\/www.rwg-bayreuth.de\/home\/index.php?rest_route=\/wp\/v2\/posts\/979\/revisions"}],"predecessor-version":[{"id":981,"href":"https:\/\/www.rwg-bayreuth.de\/home\/index.php?rest_route=\/wp\/v2\/posts\/979\/revisions\/981"}],"wp:attachment":[{"href":"https:\/\/www.rwg-bayreuth.de\/home\/index.php?rest_route=%2Fwp%2Fv2%2Fmedia&parent=979"}],"wp:term":[{"taxonomy":"category","embeddable":true,"href":"https:\/\/www.rwg-bayreuth.de\/home\/index.php?rest_route=%2Fwp%2Fv2%2Fcategories&post=979"},{"taxonomy":"post_tag","embeddable":true,"href":"https:\/\/www.rwg-bayreuth.de\/home\/index.php?rest_route=%2Fwp%2Fv2%2Ftags&post=979"}],"curies":[{"name":"wp","href":"https:\/\/api.w.org\/{rel}","templated":true}]}}