{"id":9787,"date":"2016-04-27T09:20:18","date_gmt":"2016-04-27T07:20:18","guid":{"rendered":"http:\/\/www.rwg-bayreuth.de\/home\/?page_id=9787"},"modified":"2017-03-05T22:13:09","modified_gmt":"2017-03-05T21:13:09","slug":"das-rwg-auf-der-gartenschau","status":"publish","type":"post","link":"https:\/\/www.rwg-bayreuth.de\/home\/?p=9787","title":{"rendered":"Das RWG auf der Gartenschau"},"content":{"rendered":"<div id=\"attachment_9788\" style=\"width: 360px\" class=\"wp-caption alignleft\"><a href=\"https:\/\/www.rwg-bayreuth.de\/home\/wp-content\/uploads\/2016\/04\/2015-16_Gartenschau_Wndspiel_web.jpg\"><img loading=\"lazy\" decoding=\"async\" aria-describedby=\"caption-attachment-9788\" src=\"https:\/\/www.rwg-bayreuth.de\/home\/wp-content\/uploads\/2016\/04\/2015-16_Gartenschau_Wndspiel_web.jpg\" alt=\"Die Windspiele sind mittlerweile installiert.\" width=\"350\" height=\"252\" class=\"size-full wp-image-9788\" srcset=\"https:\/\/www.rwg-bayreuth.de\/home\/wp-content\/uploads\/2016\/04\/2015-16_Gartenschau_Wndspiel_web.jpg 350w, https:\/\/www.rwg-bayreuth.de\/home\/wp-content\/uploads\/2016\/04\/2015-16_Gartenschau_Wndspiel_web-150x108.jpg 150w, https:\/\/www.rwg-bayreuth.de\/home\/wp-content\/uploads\/2016\/04\/2015-16_Gartenschau_Wndspiel_web-300x216.jpg 300w, https:\/\/www.rwg-bayreuth.de\/home\/wp-content\/uploads\/2016\/04\/2015-16_Gartenschau_Wndspiel_web-250x180.jpg 250w\" sizes=\"(max-width: 350px) 100vw, 350px\" \/><\/a><p id=\"caption-attachment-9788\" class=\"wp-caption-text\">Die Windspiele sind mittlerweile installiert.<\/p><\/div>\n<p>Mit einem gro\u00dfen RWG-Aktionstag beteiligt sich unsere Schule an der Landesgartenschau. Unsere Sch\u00fcler sind am Samstag, 30. April, mit einem bunten Programm dabei.<\/p>\n<p>Mit der Moil\u00e8re-Kom\u00f6die \u201eDer B\u00fcrger als Edelmann\u201c sind unsere Schauspieler der Q11 auf der \u201eSeeb\u00fchne\u201c des Gartenschaugel\u00e4ndes zu sehen. Beginn der Auff\u00fchrung ist um 9:30 Uhr.<\/p>\n<p>Um 11:00 Uhr gibt es ebenfalls auf der Seeb\u00fchne eine \u201eRWG-Musikstunde\u201c mit dem Unter- und Oberstufenchor und der Bigband.<\/p>\n<p>Ab 10:00 Uhr geh\u00f6rt der Bolzplatz auf den Mainwiesen am Auenweg dem RWG: Es werden Windlichth\u00fcllen gestaltet, es gibt Mathematik zum Anfassen, Malen mit Pflanzenfarben, Blumengedichte und eine Schulgartenwerkstatt.<\/p>\n<p>Auf der Dirtbike-Anlage ist ab 10:00 Uhr unsere Mountainbike-AG aktiv: Sie gibt den Besuchern eine Fahr- und Technikschulung.<\/p>\n<p>Auch andere Ereignisse auf der Landesgartenschau gestalten Sch\u00fcler und Lehrer unserer Schule in ganz unterschiedlicher Weise. Viele Sch\u00fcler arbeiten schon seit vergangenem Schuljahr an Projekten, die auf dem Gel\u00e4nde der Landesgartenschau zu sehen sind. Es wird seit langem geprobt, musiziert, experimentiert und in vielerlei Hinsicht gestaltet. <\/p>\n<p>Ein optischer Blickfang sind zum Beispiel die \u00fcberdimensionierten Windspiele, welche aus dem Kunstunterricht erwuchsen und welche nun auf dem Gel\u00e4nde zu sehen sind. Auch unsere Schulspieler sind w\u00e4hrend des gesamten Sommers immer wieder mit Auftritten auf der Landesgartenschau zu sehen. Insgesamt f\u00fcnf verschiedene St\u00fccke aus den verschiedenen Jahrgangsstufen werden gespielt. Ein besonderes Highlight verspricht au\u00dferdem das Musical &#8222;Der Traumzauberbaum&#8220; am 15. und 30. Juli auf der Seeb\u00fchne, welches die Musiker und Schulspieler zusammen erarbeitet haben. <\/p>\n<p>Einzelheiten \u00fcber die RWG-Termine sind aus dem Programm ersichtlich <a href=\"https:\/\/www.rwg-bayreuth.de\/home\/wp-content\/uploads\/2016\/04\/Gartenschau-RWG-Plan.pdf\">[zum Programm &#8222;Das RWG auf der Gartenschau&#8220;&#8230;]<\/a>.<\/p>\n<p>Im Herbst, am 24. September, wird es noch einen zweiten RWG-Aktionstag auf der Landesgartenschau geben.<\/p>\n<p>Das RWG freut sich auf den Besuch!<\/p>\n","protected":false},"excerpt":{"rendered":"<p>Mit einem gro\u00dfen RWG-Aktionstag beteiligt sich unsere Schule an der Landesgartenschau. Unsere Sch\u00fcler sind am Samstag, 30. April, mit einem bunten Programm dabei. Mit der Moil\u00e8re-Kom\u00f6die \u201eDer B\u00fcrger als Edelmann\u201c sind unsere Schauspieler der Q11 auf der \u201eSeeb\u00fchne\u201c des Gartenschaugel\u00e4ndes zu sehen. Beginn der Auff\u00fchrung ist um 9:30 Uhr. Um 11:00 Uhr gibt es ebenfalls&hellip;<\/p>\n","protected":false},"author":2,"featured_media":0,"comment_status":"closed","ping_status":"closed","sticky":false,"template":"","format":"standard","meta":{"footnotes":""},"categories":[1],"tags":[],"_links":{"self":[{"href":"https:\/\/www.rwg-bayreuth.de\/home\/index.php?rest_route=\/wp\/v2\/posts\/9787"}],"collection":[{"href":"https:\/\/www.rwg-bayreuth.de\/home\/index.php?rest_route=\/wp\/v2\/posts"}],"about":[{"href":"https:\/\/www.rwg-bayreuth.de\/home\/index.php?rest_route=\/wp\/v2\/types\/post"}],"author":[{"embeddable":true,"href":"https:\/\/www.rwg-bayreuth.de\/home\/index.php?rest_route=\/wp\/v2\/users\/2"}],"replies":[{"embeddable":true,"href":"https:\/\/www.rwg-bayreuth.de\/home\/index.php?rest_route=%2Fwp%2Fv2%2Fcomments&post=9787"}],"version-history":[{"count":9,"href":"https:\/\/www.rwg-bayreuth.de\/home\/index.php?rest_route=\/wp\/v2\/posts\/9787\/revisions"}],"predecessor-version":[{"id":9801,"href":"https:\/\/www.rwg-bayreuth.de\/home\/index.php?rest_route=\/wp\/v2\/posts\/9787\/revisions\/9801"}],"wp:attachment":[{"href":"https:\/\/www.rwg-bayreuth.de\/home\/index.php?rest_route=%2Fwp%2Fv2%2Fmedia&parent=9787"}],"wp:term":[{"taxonomy":"category","embeddable":true,"href":"https:\/\/www.rwg-bayreuth.de\/home\/index.php?rest_route=%2Fwp%2Fv2%2Fcategories&post=9787"},{"taxonomy":"post_tag","embeddable":true,"href":"https:\/\/www.rwg-bayreuth.de\/home\/index.php?rest_route=%2Fwp%2Fv2%2Ftags&post=9787"}],"curies":[{"name":"wp","href":"https:\/\/api.w.org\/{rel}","templated":true}]}}