{"id":9764,"date":"2016-04-25T08:12:50","date_gmt":"2016-04-25T06:12:50","guid":{"rendered":"http:\/\/www.rwg-bayreuth.de\/home\/?page_id=9764"},"modified":"2019-01-26T18:38:44","modified_gmt":"2019-01-26T17:38:44","slug":"willkommen-zum-austausch","status":"publish","type":"post","link":"https:\/\/www.rwg-bayreuth.de\/home\/?p=9764","title":{"rendered":"Willkommen zum Austausch"},"content":{"rendered":"<div id=\"attachment_9765\" style=\"width: 360px\" class=\"wp-caption alignleft\"><a href=\"https:\/\/www.rwg-bayreuth.de\/home\/wp-content\/uploads\/2016\/04\/2015-16_La-Spezia_Begr\u00fc\u00df_web.jpg\"><img loading=\"lazy\" decoding=\"async\" aria-describedby=\"caption-attachment-9765\" src=\"https:\/\/www.rwg-bayreuth.de\/home\/wp-content\/uploads\/2016\/04\/2015-16_La-Spezia_Begr\u00fc\u00df_web.jpg\" alt=\"Stellvertretender Schulleiter Mathias Weber begr\u00fc\u00dfte die G\u00e4ste.\" width=\"350\" height=\"233\" class=\"size-full wp-image-9765\" srcset=\"https:\/\/www.rwg-bayreuth.de\/home\/wp-content\/uploads\/2016\/04\/2015-16_La-Spezia_Begr\u00fc\u00df_web.jpg 350w, https:\/\/www.rwg-bayreuth.de\/home\/wp-content\/uploads\/2016\/04\/2015-16_La-Spezia_Begr\u00fc\u00df_web-150x100.jpg 150w, https:\/\/www.rwg-bayreuth.de\/home\/wp-content\/uploads\/2016\/04\/2015-16_La-Spezia_Begr\u00fc\u00df_web-300x200.jpg 300w, https:\/\/www.rwg-bayreuth.de\/home\/wp-content\/uploads\/2016\/04\/2015-16_La-Spezia_Begr\u00fc\u00df_web-250x166.jpg 250w\" sizes=\"(max-width: 350px) 100vw, 350px\" \/><\/a><p id=\"caption-attachment-9765\" class=\"wp-caption-text\">Stellvertretender Schulleiter Mathias Weber begr\u00fc\u00dfte<br \/> die G\u00e4ste.<\/p><\/div>\n<p>Die italienische Austauschgruppe aus La Spezia ist angekommen und wurde in der Schulaula willkommen gehei\u00dfen.<\/p>\n<p>Es ist heuer das 30. Mal, dass sich der Austausch zwischen dem RWG und dem Istituto di Istruzione Superiore  Agostino Fossati \u2013 Manfredo da Passano j\u00e4hrt. Dies ist eine sehr lange Zeit der gemeinsamen Zusammenarbeit, auf die beide Schulen sehr stolz sein k\u00f6nnen. Dazu findet am Freitag, 29. April in der Aula ein Festakt statt, bei dem das Ereignis geb\u00fchrend gew\u00fcrdigt werden soll.<\/p>\n<p>F\u00fcr die Austauschsch\u00fcler steht eine Woche lang ein interessantes Besuchsprogramm an: Die Gruppe f\u00e4hrt nach Bamberg und in die Fr\u00e4nkische Schweiz. Es wird Bayreuth mit der Gartenschau besucht. Nat\u00fcrlich geh\u00f6rt auch der Besuch des Unterrichts am RWG dazu und vor allem die gemeinsame Zeit in den Familien.<\/p>\n<p>Unsere RWG-Sch\u00fcler haben den Austausch in Italien bereits hinter sich. Sie waren bereits im M\u00e4rz nach La Spezia gefahren und haben dort Bekanntschaften und Freundschaften geschlossen. Das Wiedersehen mit den \u201ecari amici\u201c war deshalb ein sehr herzliches.<\/p>\n","protected":false},"excerpt":{"rendered":"<p>Die italienische Austauschgruppe aus La Spezia ist angekommen und wurde in der Schulaula willkommen gehei\u00dfen. Es ist heuer das 30. Mal, dass sich der Austausch zwischen dem RWG und dem Istituto di Istruzione Superiore Agostino Fossati \u2013 Manfredo da Passano j\u00e4hrt. Dies ist eine sehr lange Zeit der gemeinsamen Zusammenarbeit, auf die beide Schulen sehr&hellip;<\/p>\n","protected":false},"author":2,"featured_media":9765,"comment_status":"closed","ping_status":"closed","sticky":false,"template":"","format":"standard","meta":{"footnotes":""},"categories":[1],"tags":[68,51,69],"_links":{"self":[{"href":"https:\/\/www.rwg-bayreuth.de\/home\/index.php?rest_route=\/wp\/v2\/posts\/9764"}],"collection":[{"href":"https:\/\/www.rwg-bayreuth.de\/home\/index.php?rest_route=\/wp\/v2\/posts"}],"about":[{"href":"https:\/\/www.rwg-bayreuth.de\/home\/index.php?rest_route=\/wp\/v2\/types\/post"}],"author":[{"embeddable":true,"href":"https:\/\/www.rwg-bayreuth.de\/home\/index.php?rest_route=\/wp\/v2\/users\/2"}],"replies":[{"embeddable":true,"href":"https:\/\/www.rwg-bayreuth.de\/home\/index.php?rest_route=%2Fwp%2Fv2%2Fcomments&post=9764"}],"version-history":[{"count":3,"href":"https:\/\/www.rwg-bayreuth.de\/home\/index.php?rest_route=\/wp\/v2\/posts\/9764\/revisions"}],"predecessor-version":[{"id":20476,"href":"https:\/\/www.rwg-bayreuth.de\/home\/index.php?rest_route=\/wp\/v2\/posts\/9764\/revisions\/20476"}],"wp:featuredmedia":[{"embeddable":true,"href":"https:\/\/www.rwg-bayreuth.de\/home\/index.php?rest_route=\/wp\/v2\/media\/9765"}],"wp:attachment":[{"href":"https:\/\/www.rwg-bayreuth.de\/home\/index.php?rest_route=%2Fwp%2Fv2%2Fmedia&parent=9764"}],"wp:term":[{"taxonomy":"category","embeddable":true,"href":"https:\/\/www.rwg-bayreuth.de\/home\/index.php?rest_route=%2Fwp%2Fv2%2Fcategories&post=9764"},{"taxonomy":"post_tag","embeddable":true,"href":"https:\/\/www.rwg-bayreuth.de\/home\/index.php?rest_route=%2Fwp%2Fv2%2Ftags&post=9764"}],"curies":[{"name":"wp","href":"https:\/\/api.w.org\/{rel}","templated":true}]}}