{"id":9569,"date":"2016-03-29T10:46:49","date_gmt":"2016-03-29T08:46:49","guid":{"rendered":"http:\/\/www.rwg-bayreuth.de\/home\/?page_id=9569"},"modified":"2017-03-05T22:11:56","modified_gmt":"2017-03-05T21:11:56","slug":"schachtelarchitektur","status":"publish","type":"post","link":"https:\/\/www.rwg-bayreuth.de\/home\/?p=9569","title":{"rendered":"Schachtelarchitektur"},"content":{"rendered":"<div id=\"attachment_9570\" style=\"width: 360px\" class=\"wp-caption alignleft\"><a href=\"https:\/\/www.rwg-bayreuth.de\/home\/wp-content\/uploads\/2016\/03\/2015-15_Kunstpause_M\u00e4rz_web.jpg\" rel=\"attachment wp-att-9570\"><img loading=\"lazy\" decoding=\"async\" aria-describedby=\"caption-attachment-9570\" src=\"https:\/\/www.rwg-bayreuth.de\/home\/wp-content\/uploads\/2016\/03\/2015-15_Kunstpause_M\u00e4rz_web.jpg\" alt=\"Eine Box f\u00fcr die Streichtschlichter.\" width=\"350\" height=\"249\" class=\"size-full wp-image-9570\" srcset=\"https:\/\/www.rwg-bayreuth.de\/home\/wp-content\/uploads\/2016\/03\/2015-15_Kunstpause_M\u00e4rz_web.jpg 350w, https:\/\/www.rwg-bayreuth.de\/home\/wp-content\/uploads\/2016\/03\/2015-15_Kunstpause_M\u00e4rz_web-150x107.jpg 150w, https:\/\/www.rwg-bayreuth.de\/home\/wp-content\/uploads\/2016\/03\/2015-15_Kunstpause_M\u00e4rz_web-300x213.jpg 300w, https:\/\/www.rwg-bayreuth.de\/home\/wp-content\/uploads\/2016\/03\/2015-15_Kunstpause_M\u00e4rz_web-250x178.jpg 250w\" sizes=\"(max-width: 350px) 100vw, 350px\" \/><\/a><p id=\"caption-attachment-9570\" class=\"wp-caption-text\">Eine Box f\u00fcr die Streichtschlichter.<\/p><\/div>\n<p>Ist eine Box ein Objekt oder Architektur? Darum ging es in der ersten Kunstpause dieses Jahres.<\/p>\n<p>Das kommt ganz darauf an, hei\u00dft die Antwort. Sch\u00fclerinnen und Sch\u00fcler, die die Kunstpause in der \u201eBlauen Grotte\u201c gesehen hatten, mussten feststellen, dass diese Frage nicht leicht zu l\u00f6sen war.<\/p>\n<p>\u201eStreitschlichterboxen\u201c, deren architektonische Entw\u00fcrfe und Modelle geplant f\u00fcr den Schulhof, zu sehen waren, pr\u00e4sentierten ausgefeilte \u201eSchlichtungskonzepte\u201c f\u00fcr unsere Teams, die auch farbpsychologische Aspekte nicht au\u00dfer Acht lie\u00dfen. Kommen zwei Kontrahenten aufgeheizt in ein Schlichtungsgespr\u00e4ch, so werden sie zuweilen erst in ein energiereiches rotes Farbfeld gef\u00fchrt und im Verlauf des Gespr\u00e4ches von Raum zu Raum geleitet, bei denen sich die Temperatur \u00fcber Gr\u00fcn bis zum beruhigenden Blau abgek\u00fchlt hat. Alternativ dazu gibt es Konzepte, bei denen man sich zum Gespr\u00e4ch gleich einmal in flauschige Kissen fallen lassen kann und gr\u00fcne Lianen im Wind des Schulgartens zur Gespr\u00e4chsf\u00fchrung ihren Teil beitragen. <\/p>\n<p>Bei den Architekturmodellen der Q12 ging es um Bauformen des 20.\/21. Jahrhunderts. Die dekonstruktivistische Architekturauffassung sollte in Form von Skizzen, Entw\u00fcrfen und Modellen nachempfunden werden.<\/p>\n<p>Definitiv festgelegt auf das Thema Objekt waren allerdings die Sch\u00fcler in der Q11, die die Ausdruckskraft von K\u00f6rperfragmenten in einer bestimmten Pr\u00e4sentationsform ausloten sollten.<br \/>\n<em><br \/>\nAnne Gerdes<\/em><\/p>\n","protected":false},"excerpt":{"rendered":"<p>Ist eine Box ein Objekt oder Architektur? Darum ging es in der ersten Kunstpause dieses Jahres. Das kommt ganz darauf an, hei\u00dft die Antwort. Sch\u00fclerinnen und Sch\u00fcler, die die Kunstpause in der \u201eBlauen Grotte\u201c gesehen hatten, mussten feststellen, dass diese Frage nicht leicht zu l\u00f6sen war. \u201eStreitschlichterboxen\u201c, deren architektonische Entw\u00fcrfe und Modelle geplant f\u00fcr den&hellip;<\/p>\n","protected":false},"author":2,"featured_media":0,"comment_status":"closed","ping_status":"closed","sticky":false,"template":"","format":"standard","meta":{"footnotes":""},"categories":[1],"tags":[],"_links":{"self":[{"href":"https:\/\/www.rwg-bayreuth.de\/home\/index.php?rest_route=\/wp\/v2\/posts\/9569"}],"collection":[{"href":"https:\/\/www.rwg-bayreuth.de\/home\/index.php?rest_route=\/wp\/v2\/posts"}],"about":[{"href":"https:\/\/www.rwg-bayreuth.de\/home\/index.php?rest_route=\/wp\/v2\/types\/post"}],"author":[{"embeddable":true,"href":"https:\/\/www.rwg-bayreuth.de\/home\/index.php?rest_route=\/wp\/v2\/users\/2"}],"replies":[{"embeddable":true,"href":"https:\/\/www.rwg-bayreuth.de\/home\/index.php?rest_route=%2Fwp%2Fv2%2Fcomments&post=9569"}],"version-history":[{"count":1,"href":"https:\/\/www.rwg-bayreuth.de\/home\/index.php?rest_route=\/wp\/v2\/posts\/9569\/revisions"}],"predecessor-version":[{"id":9571,"href":"https:\/\/www.rwg-bayreuth.de\/home\/index.php?rest_route=\/wp\/v2\/posts\/9569\/revisions\/9571"}],"wp:attachment":[{"href":"https:\/\/www.rwg-bayreuth.de\/home\/index.php?rest_route=%2Fwp%2Fv2%2Fmedia&parent=9569"}],"wp:term":[{"taxonomy":"category","embeddable":true,"href":"https:\/\/www.rwg-bayreuth.de\/home\/index.php?rest_route=%2Fwp%2Fv2%2Fcategories&post=9569"},{"taxonomy":"post_tag","embeddable":true,"href":"https:\/\/www.rwg-bayreuth.de\/home\/index.php?rest_route=%2Fwp%2Fv2%2Ftags&post=9569"}],"curies":[{"name":"wp","href":"https:\/\/api.w.org\/{rel}","templated":true}]}}