{"id":9549,"date":"2016-03-16T21:17:10","date_gmt":"2016-03-16T20:17:10","guid":{"rendered":"http:\/\/www.rwg-bayreuth.de\/home\/?page_id=9549"},"modified":"2017-03-05T22:11:56","modified_gmt":"2017-03-05T21:11:56","slug":"erlaubt-ist-was-gefaellt","status":"publish","type":"post","link":"https:\/\/www.rwg-bayreuth.de\/home\/?p=9549","title":{"rendered":"Erlaubt war, was gef\u00e4llt"},"content":{"rendered":"<div id=\"attachment_9550\" style=\"width: 360px\" class=\"wp-caption alignleft\"><a href=\"https:\/\/www.rwg-bayreuth.de\/home\/wp-content\/uploads\/2016\/03\/2015-16_Mottotage_web.jpg\" rel=\"attachment wp-att-9550\"><img loading=\"lazy\" decoding=\"async\" aria-describedby=\"caption-attachment-9550\" src=\"https:\/\/www.rwg-bayreuth.de\/home\/wp-content\/uploads\/2016\/03\/2015-16_Mottotage_web.jpg\" alt=\"Fasching inder Faschingszeit? Falsch: Mottotage!\" width=\"350\" height=\"244\" class=\"size-full wp-image-9550\" srcset=\"https:\/\/www.rwg-bayreuth.de\/home\/wp-content\/uploads\/2016\/03\/2015-16_Mottotage_web.jpg 350w, https:\/\/www.rwg-bayreuth.de\/home\/wp-content\/uploads\/2016\/03\/2015-16_Mottotage_web-150x105.jpg 150w, https:\/\/www.rwg-bayreuth.de\/home\/wp-content\/uploads\/2016\/03\/2015-16_Mottotage_web-300x209.jpg 300w, https:\/\/www.rwg-bayreuth.de\/home\/wp-content\/uploads\/2016\/03\/2015-16_Mottotage_web-250x174.jpg 250w\" sizes=\"(max-width: 350px) 100vw, 350px\" \/><\/a><p id=\"caption-attachment-9550\" class=\"wp-caption-text\">Fasching in der Faschingszeit? Falsch: Mottotage!<\/p><\/div>\n<p>Bald ist alles vor\u00fcber und f\u00fcr die Q12 gibt es gar nicht mehr so viele M\u00f6glichkeiten, sich in Szene zu setzen.<\/p>\n<p>Das gilt punktetechnisch, denn von den vielen Leistungen, die im Laufe der beiden Oberstufenjahre gefordert werden, sind die meisten schon im Sack, und das Abi, na ja, das wird schon werden. <\/p>\n<p>Um trotz allem noch einmal richtig auf sich aufmerksam zu machen, wurden die \u201eMottotage\u201c erfunden. Niemand wei\u00df von wem und niemand wei\u00df genau warum, es gibt sie auf alle F\u00e4lle und sie werden stets hingebungsvoll zelebriert. Alle verkleiden sich dem gew\u00e4hlten Motto entsprechend, und so wei\u00df jeder: \u201eAha, die Zeit des Abis naht!\u201c<\/p>\n<p>Ein bisschen konnte man in dieser Woche sogar denken, der Fasching sei mitten in der Fastenzeit zur\u00fcckgekommen, denn auf einmal tummelten sich jede Menge phantasievoll verkleideter Menschen auf dem Pausenhof und in den Kursr\u00e4umen: \u201eKindertr\u00e4ume\u201c hie\u00df ein Motto, und das Ergebnis lie\u00df tief blicken: Viele Pippi Langstrumpf waren zu sehen, denn offenbar ist der Wunsch, die Regeln zu suspendieren und \u00fcber die Str\u00e4nge zu schlagen, ungebrochen, zumindest im Bereich der Phantasie. Auch Politikertr\u00e4ume konnte man sehen mit rotem Parteiabzeichen im Revers &#8211; Junge, tr\u00e4um doch weiter! Prinzessinnen waren nat\u00fcrlich dabei, vielleicht heimlich auf einen Prinzen wartend, Cheerleader mit ob der K\u00e4lte viel zu kurzen R\u00f6ckchen, ganzk\u00f6rperverh\u00fcllte Dinos und undefinierbare Kindertraum-Fabelwesen. Erlaubt war, was gef\u00e4llt. Mottotage eben.<\/p>\n","protected":false},"excerpt":{"rendered":"<p>Bald ist alles vor\u00fcber und f\u00fcr die Q12 gibt es gar nicht mehr so viele M\u00f6glichkeiten, sich in Szene zu setzen. Das gilt punktetechnisch, denn von den vielen Leistungen, die im Laufe der beiden Oberstufenjahre gefordert werden, sind die meisten schon im Sack, und das Abi, na ja, das wird schon werden. Um trotz allem&hellip;<\/p>\n","protected":false},"author":2,"featured_media":0,"comment_status":"closed","ping_status":"closed","sticky":false,"template":"","format":"standard","meta":{"footnotes":""},"categories":[1],"tags":[],"_links":{"self":[{"href":"https:\/\/www.rwg-bayreuth.de\/home\/index.php?rest_route=\/wp\/v2\/posts\/9549"}],"collection":[{"href":"https:\/\/www.rwg-bayreuth.de\/home\/index.php?rest_route=\/wp\/v2\/posts"}],"about":[{"href":"https:\/\/www.rwg-bayreuth.de\/home\/index.php?rest_route=\/wp\/v2\/types\/post"}],"author":[{"embeddable":true,"href":"https:\/\/www.rwg-bayreuth.de\/home\/index.php?rest_route=\/wp\/v2\/users\/2"}],"replies":[{"embeddable":true,"href":"https:\/\/www.rwg-bayreuth.de\/home\/index.php?rest_route=%2Fwp%2Fv2%2Fcomments&post=9549"}],"version-history":[{"count":4,"href":"https:\/\/www.rwg-bayreuth.de\/home\/index.php?rest_route=\/wp\/v2\/posts\/9549\/revisions"}],"predecessor-version":[{"id":9557,"href":"https:\/\/www.rwg-bayreuth.de\/home\/index.php?rest_route=\/wp\/v2\/posts\/9549\/revisions\/9557"}],"wp:attachment":[{"href":"https:\/\/www.rwg-bayreuth.de\/home\/index.php?rest_route=%2Fwp%2Fv2%2Fmedia&parent=9549"}],"wp:term":[{"taxonomy":"category","embeddable":true,"href":"https:\/\/www.rwg-bayreuth.de\/home\/index.php?rest_route=%2Fwp%2Fv2%2Fcategories&post=9549"},{"taxonomy":"post_tag","embeddable":true,"href":"https:\/\/www.rwg-bayreuth.de\/home\/index.php?rest_route=%2Fwp%2Fv2%2Ftags&post=9549"}],"curies":[{"name":"wp","href":"https:\/\/api.w.org\/{rel}","templated":true}]}}