{"id":9362,"date":"2016-02-27T15:44:57","date_gmt":"2016-02-27T14:44:57","guid":{"rendered":"http:\/\/www.rwg-bayreuth.de\/home\/?page_id=9362"},"modified":"2017-03-05T22:11:57","modified_gmt":"2017-03-05T21:11:57","slug":"ein-bunter-info-tag-2","status":"publish","type":"post","link":"https:\/\/www.rwg-bayreuth.de\/home\/?p=9362","title":{"rendered":"Ein bunter Info-Tag"},"content":{"rendered":"<div id=\"attachment_9363\" style=\"width: 360px\" class=\"wp-caption alignleft\"><a href=\"https:\/\/www.rwg-bayreuth.de\/home\/wp-content\/uploads\/2016\/02\/2015-16_Info_web.jpg\" rel=\"attachment wp-att-9363\"><img loading=\"lazy\" decoding=\"async\" aria-describedby=\"caption-attachment-9363\" src=\"https:\/\/www.rwg-bayreuth.de\/home\/wp-content\/uploads\/2016\/02\/2015-16_Info_web.jpg\" alt=\"Nach M\u00fctzenfarbe geordnet warteten die Kinder auf ihren Erkundugsgang durch die Schule.\" width=\"350\" height=\"224\" class=\"size-full wp-image-9363\" srcset=\"https:\/\/www.rwg-bayreuth.de\/home\/wp-content\/uploads\/2016\/02\/2015-16_Info_web.jpg 350w, https:\/\/www.rwg-bayreuth.de\/home\/wp-content\/uploads\/2016\/02\/2015-16_Info_web-150x96.jpg 150w, https:\/\/www.rwg-bayreuth.de\/home\/wp-content\/uploads\/2016\/02\/2015-16_Info_web-300x192.jpg 300w, https:\/\/www.rwg-bayreuth.de\/home\/wp-content\/uploads\/2016\/02\/2015-16_Info_web-250x160.jpg 250w\" sizes=\"(max-width: 350px) 100vw, 350px\" \/><\/a><p id=\"caption-attachment-9363\" class=\"wp-caption-text\">Nach M\u00fctzenfarbe geordnet warteten die Kinder<br \/>\nauf ihren Erkundugsgang durch die Schule.<\/p><\/div>\n<p>Mit einem bunten Reigen an Ausstellungen und Mitmachaktionen pr\u00e4sentierte sich das RWG an seinem Info-Tag den Eltern und \u00fcbertrittswilligen Sch\u00fclern der Grundschulen aus Bayreuth und Umgebung.<\/p>\n<p><a href=\"https:\/\/www.rwg-bayreuth.de\/home\/?page_id=1419\">[mehr zum \u00dcbertritt\u2026]<\/a><\/p>\n<p>Zur Begr\u00fc\u00dfung gab es f\u00fcr die potentiellen F\u00fcnftkl\u00e4ssler des n\u00e4chsten Schuljahres bunte Schirmm\u00fctzchen in allen Regenbogenfarben. Sie halfen bei der Einteilung der Gruppen, denn w\u00e4hrend der gro\u00dfen Vortr\u00e4ge in der Turnhalle konnten sie, gef\u00fchrt von den RWG-Tutoren, die Schule erkunden. <\/p>\n<p>Ihre Eltern bekamen am Eingang der Turnhalle den RWG-Flyer in die Hand gedr\u00fcckt, der die wesentlichen Informationen \u00fcber die Schule enth\u00e4lt: Etwa 800 Sch\u00fcler, 24 pro Klasse, 75 Lehrer, drei Schulzweige, n\u00e4mlich sprachlich, wirtschaftswissenschaftlich und sozialwissenschaftlich, eigene Mensa, eine sehr gut funktionierende Nachmittagsbetreuung, im sprachlichen Zweig drei moderne Fremdsprachen, wenn dies gew\u00fcnscht wird.<\/p>\n<p>Einzelheiten erkl\u00e4rte Schulleiterin Ursula Graf in ihrem Info-Vortrag. Unsere Schule ist verkehrsg\u00fcnstig gelegen und \u201eim Herzen der Stadt\u201c. Das Klima ist famili\u00e4r: \u201eWir kennen unsere Sch\u00fcler\u201c. Gerade die Neuen erfahren am Anfang eine intensive Betreuung: \u201eWir k\u00fcmmern uns\u2026!\u201c Lang war die Liste der verschiedenen Aktivit\u00e4ten, die es an der Schule gibt und in die sich alle einbringen k\u00f6nnen, sei es im Bereich des Sports, der Kunst, der Musik, der Sprachen, der Naturwissenschaften oder des sozialen Engagements. Die M\u00f6glichkeiten, den Schulweg auf der Grundlage der Leistungen und der Interessen individuell zu gestalten, sind also sehr vielf\u00e4ltig.<\/p>\n<p>Dass das von Schulleiterin Graf versprochene famili\u00e4re und soziale Klima keine Erfindung ist, davon konnten die Eltern und Kinder bei einem Gang durch die Schule rasch \u00fcberzeugen: An den vielen Mitmachstationen konnte man sehen, wie Sch\u00fcler und Lehrer zusammen ihre F\u00e4cher pr\u00e4sentierten und auch die heimlichen Hauptakteure, die \u201eNeuen\u201c, durften gleich mittun. Sie alle sind am RWG herzlich willkommen, wenn im Mai die Anmeldezeit ist.<\/p>\n","protected":false},"excerpt":{"rendered":"<p>Mit einem bunten Reigen an Ausstellungen und Mitmachaktionen pr\u00e4sentierte sich das RWG an seinem Info-Tag den Eltern und \u00fcbertrittswilligen Sch\u00fclern der Grundschulen aus Bayreuth und Umgebung. [mehr zum \u00dcbertritt\u2026] Zur Begr\u00fc\u00dfung gab es f\u00fcr die potentiellen F\u00fcnftkl\u00e4ssler des n\u00e4chsten Schuljahres bunte Schirmm\u00fctzchen in allen Regenbogenfarben. Sie halfen bei der Einteilung der Gruppen, denn w\u00e4hrend der&hellip;<\/p>\n","protected":false},"author":2,"featured_media":0,"comment_status":"closed","ping_status":"closed","sticky":false,"template":"","format":"standard","meta":{"footnotes":""},"categories":[1],"tags":[],"_links":{"self":[{"href":"https:\/\/www.rwg-bayreuth.de\/home\/index.php?rest_route=\/wp\/v2\/posts\/9362"}],"collection":[{"href":"https:\/\/www.rwg-bayreuth.de\/home\/index.php?rest_route=\/wp\/v2\/posts"}],"about":[{"href":"https:\/\/www.rwg-bayreuth.de\/home\/index.php?rest_route=\/wp\/v2\/types\/post"}],"author":[{"embeddable":true,"href":"https:\/\/www.rwg-bayreuth.de\/home\/index.php?rest_route=\/wp\/v2\/users\/2"}],"replies":[{"embeddable":true,"href":"https:\/\/www.rwg-bayreuth.de\/home\/index.php?rest_route=%2Fwp%2Fv2%2Fcomments&post=9362"}],"version-history":[{"count":1,"href":"https:\/\/www.rwg-bayreuth.de\/home\/index.php?rest_route=\/wp\/v2\/posts\/9362\/revisions"}],"predecessor-version":[{"id":9364,"href":"https:\/\/www.rwg-bayreuth.de\/home\/index.php?rest_route=\/wp\/v2\/posts\/9362\/revisions\/9364"}],"wp:attachment":[{"href":"https:\/\/www.rwg-bayreuth.de\/home\/index.php?rest_route=%2Fwp%2Fv2%2Fmedia&parent=9362"}],"wp:term":[{"taxonomy":"category","embeddable":true,"href":"https:\/\/www.rwg-bayreuth.de\/home\/index.php?rest_route=%2Fwp%2Fv2%2Fcategories&post=9362"},{"taxonomy":"post_tag","embeddable":true,"href":"https:\/\/www.rwg-bayreuth.de\/home\/index.php?rest_route=%2Fwp%2Fv2%2Ftags&post=9362"}],"curies":[{"name":"wp","href":"https:\/\/api.w.org\/{rel}","templated":true}]}}