{"id":9350,"date":"2016-02-26T18:20:56","date_gmt":"2016-02-26T17:20:56","guid":{"rendered":"http:\/\/www.rwg-bayreuth.de\/home\/?page_id=9350"},"modified":"2017-03-05T22:11:57","modified_gmt":"2017-03-05T21:11:57","slug":"bilder-fuer-den-frieden","status":"publish","type":"post","link":"https:\/\/www.rwg-bayreuth.de\/home\/?p=9350","title":{"rendered":"Bilder f\u00fcr den Frieden"},"content":{"rendered":"<div id=\"attachment_9351\" style=\"width: 360px\" class=\"wp-caption alignleft\"><a href=\"https:\/\/www.rwg-bayreuth.de\/home\/wp-content\/uploads\/2016\/02\/Mara-Wirth-10a-Bearbeitet1-1-web.jpg\" rel=\"attachment wp-att-9351\"><img loading=\"lazy\" decoding=\"async\" aria-describedby=\"caption-attachment-9351\" src=\"https:\/\/www.rwg-bayreuth.de\/home\/wp-content\/uploads\/2016\/02\/Mara-Wirth-10a-Bearbeitet1-1-web.jpg\" alt=\"Eines der Siegerbilder (Mara Wirth, 10a)\" width=\"350\" height=\"235\" class=\"size-full wp-image-9351\" srcset=\"https:\/\/www.rwg-bayreuth.de\/home\/wp-content\/uploads\/2016\/02\/Mara-Wirth-10a-Bearbeitet1-1-web.jpg 350w, https:\/\/www.rwg-bayreuth.de\/home\/wp-content\/uploads\/2016\/02\/Mara-Wirth-10a-Bearbeitet1-1-web-150x101.jpg 150w, https:\/\/www.rwg-bayreuth.de\/home\/wp-content\/uploads\/2016\/02\/Mara-Wirth-10a-Bearbeitet1-1-web-300x201.jpg 300w, https:\/\/www.rwg-bayreuth.de\/home\/wp-content\/uploads\/2016\/02\/Mara-Wirth-10a-Bearbeitet1-1-web-250x168.jpg 250w\" sizes=\"(max-width: 350px) 100vw, 350px\" \/><\/a><p id=\"caption-attachment-9351\" class=\"wp-caption-text\">Eines der Siegerbilder (Mara Wirth, 10a)<\/p><\/div>\n<p>\u201eGemeinsam in Frieden leben!\u201c lautete das Thema des Europ\u00e4ischen Wettbewerbs 2016. 12 Sch\u00fclerinnen aus den Klassen 6, 8 und 10 erhielten mit ihren Werken einen Sieg auf Landesebene zugesprochen.<\/p>\n<p>Sicher war es kein einfaches Thema, was unsere Sch\u00fcler bildnerisch umzusetzen hatten, aber es entstanden beeindruckende Kunstwerke.<\/p>\n<div id=\"attachment_9352\" style=\"width: 149px\" class=\"wp-caption alignright\"><a href=\"https:\/\/www.rwg-bayreuth.de\/home\/wp-content\/uploads\/2016\/02\/Marie-Kleineidam-6c-1_web2.jpg\" rel=\"attachment wp-att-9352\"><img loading=\"lazy\" decoding=\"async\" aria-describedby=\"caption-attachment-9352\" src=\"https:\/\/www.rwg-bayreuth.de\/home\/wp-content\/uploads\/2016\/02\/Marie-Kleineidam-6c-1_web2.jpg\" alt=\"Selbstportrait - Marie Kleineidam (6c)\" width=\"139\" height=\"190\" class=\"size-full wp-image-9352\" srcset=\"https:\/\/www.rwg-bayreuth.de\/home\/wp-content\/uploads\/2016\/02\/Marie-Kleineidam-6c-1_web2.jpg 139w, https:\/\/www.rwg-bayreuth.de\/home\/wp-content\/uploads\/2016\/02\/Marie-Kleineidam-6c-1_web2-110x150.jpg 110w\" sizes=\"(max-width: 139px) 100vw, 139px\" \/><\/a><p id=\"caption-attachment-9352\" class=\"wp-caption-text\">Selbstportrait &#8211;<br \/>\nMarie Klein-<br \/>\neidam (6c)<\/p><\/div>\n<p>Wenngleich zwischen den Staaten der Europ\u00e4ischen Union seit Jahrzehnten Frieden herrscht, gibt es auf gesellschaftlicher Ebene einiges, was verbesserungsw\u00fcrdig ist. Die Sch\u00fclerinnen der Unterstufe konnten sich bildnerisch mit ihrem Selbstbild auseinandersetzen, denn nur ein gefestigter Charakter mit eigenen Interessen und Vorstellungen kann sich anderen Meinungen gegen\u00fcber durchsetzen. Nicht immer ist ein Smartphone und Markenkleidung vorhanden, aber gibt es nicht auch individuell sch\u00f6ne Dinge um sich auszudr\u00fccken, wie Marie Kleineidam (6c) uns bildnerisch anhand ihrer vielz\u00e4hligen Hobbies vorf\u00fchrt?<\/p>\n<p>Frieden ist letztlich eine Kunst, und in Anlehnung an bekannte K\u00fcnstler, wie z.B. Banksy oder Haring sahen sich die Sch\u00fclerinnen der h\u00f6heren Klassenstufen an, wie das Weltgeschehen in aufr\u00fcttelnder Weise in Szene gesetzt wird und erschufen Bilder, die f\u00fcr den Frieden einstehen. <\/p>\n<p>Da wir nicht alle Bilder einsenden konnten, haben wir im Treppenhaus genau eine Woche nach den Attentaten in Paris eine Wand f\u00fcr den Frieden gestaltet. Schulen sind Orte, an denen Kinder und Jugendliche ein soziales Miteinander lernen. Die europ\u00e4ischen Werte wie Vielfalt, Gleichberechtigung und Zivilcourage sollten im bildnerischen Tun hinterfragt werden.<\/p>\n<p>Gewonnen haben mit dieser Aufgabenstellung Antonia Hirsch(7d), Sabrina Koch (8a), Lisa Bockmeier (8b), Mara Wirth (10a), Konstanze Gleich, Anna-Lena Wagner (10c) und Celine Schirmer, Amelie Salzborn, RakjaNasrati, Alexandra Heyse (10b). Wir gratulieren herzlich zu diesem Erfolg! <\/p>\n<p>Hier sind die Bilder, die als Landessieger pr\u00e4miert wurden:<\/p>\n<div style=\"visibility:visible;width:460px;margin:auto;\"><embed src=\"http:\/\/flash.picturetrail.com\/pflicks\/3\/spflick.swf\" quality=\"high\" FlashVars=\"ql=2&#038;src1=http:\/\/pic80.picturetrail.com:80\/VOL2078\/10245846\/flicks\/1\/9118760\" wmode=\"transparent\" bgcolor=\"#000000\" width=\"460\" height=\"350\" name=\"Bilder f\u00fcr den Frieden\" align=\"middle\" allowScriptAccess=\"sameDomain\" style=\"height:350px;width:460px\" type=\"application\/x-shockwave-flash\"><\/embed>\n<\/div>\n","protected":false},"excerpt":{"rendered":"<p>\u201eGemeinsam in Frieden leben!\u201c lautete das Thema des Europ\u00e4ischen Wettbewerbs 2016. 12 Sch\u00fclerinnen aus den Klassen 6, 8 und 10 erhielten mit ihren Werken einen Sieg auf Landesebene zugesprochen. Sicher war es kein einfaches Thema, was unsere Sch\u00fcler bildnerisch umzusetzen hatten, aber es entstanden beeindruckende Kunstwerke. Wenngleich zwischen den Staaten der Europ\u00e4ischen Union seit Jahrzehnten&hellip;<\/p>\n","protected":false},"author":2,"featured_media":0,"comment_status":"closed","ping_status":"closed","sticky":false,"template":"","format":"standard","meta":{"footnotes":""},"categories":[1],"tags":[],"_links":{"self":[{"href":"https:\/\/www.rwg-bayreuth.de\/home\/index.php?rest_route=\/wp\/v2\/posts\/9350"}],"collection":[{"href":"https:\/\/www.rwg-bayreuth.de\/home\/index.php?rest_route=\/wp\/v2\/posts"}],"about":[{"href":"https:\/\/www.rwg-bayreuth.de\/home\/index.php?rest_route=\/wp\/v2\/types\/post"}],"author":[{"embeddable":true,"href":"https:\/\/www.rwg-bayreuth.de\/home\/index.php?rest_route=\/wp\/v2\/users\/2"}],"replies":[{"embeddable":true,"href":"https:\/\/www.rwg-bayreuth.de\/home\/index.php?rest_route=%2Fwp%2Fv2%2Fcomments&post=9350"}],"version-history":[{"count":4,"href":"https:\/\/www.rwg-bayreuth.de\/home\/index.php?rest_route=\/wp\/v2\/posts\/9350\/revisions"}],"predecessor-version":[{"id":9361,"href":"https:\/\/www.rwg-bayreuth.de\/home\/index.php?rest_route=\/wp\/v2\/posts\/9350\/revisions\/9361"}],"wp:attachment":[{"href":"https:\/\/www.rwg-bayreuth.de\/home\/index.php?rest_route=%2Fwp%2Fv2%2Fmedia&parent=9350"}],"wp:term":[{"taxonomy":"category","embeddable":true,"href":"https:\/\/www.rwg-bayreuth.de\/home\/index.php?rest_route=%2Fwp%2Fv2%2Fcategories&post=9350"},{"taxonomy":"post_tag","embeddable":true,"href":"https:\/\/www.rwg-bayreuth.de\/home\/index.php?rest_route=%2Fwp%2Fv2%2Ftags&post=9350"}],"curies":[{"name":"wp","href":"https:\/\/api.w.org\/{rel}","templated":true}]}}