{"id":9200,"date":"2016-02-19T11:45:19","date_gmt":"2016-02-19T10:45:19","guid":{"rendered":"http:\/\/www.rwg-bayreuth.de\/home\/?page_id=9200"},"modified":"2017-03-05T22:14:05","modified_gmt":"2017-03-05T21:14:05","slug":"die-zeremonie","status":"publish","type":"post","link":"https:\/\/www.rwg-bayreuth.de\/home\/?p=9200","title":{"rendered":"Die Zeremonie"},"content":{"rendered":"<div id=\"attachment_9202\" style=\"width: 360px\" class=\"wp-caption alignleft\"><a href=\"https:\/\/www.rwg-bayreuth.de\/home\/wp-content\/uploads\/2016\/02\/2015-16_Rithcie_Teppich_web.jpg\" rel=\"attachment wp-att-9202\"><img loading=\"lazy\" decoding=\"async\" aria-describedby=\"caption-attachment-9202\" src=\"https:\/\/www.rwg-bayreuth.de\/home\/wp-content\/uploads\/2016\/02\/2015-16_Rithcie_Teppich_web.jpg\" alt=\"Der rote Teppich geh\u00f6rt dazu.\" width=\"350\" height=\"231\" class=\"size-full wp-image-9202\" srcset=\"https:\/\/www.rwg-bayreuth.de\/home\/wp-content\/uploads\/2016\/02\/2015-16_Rithcie_Teppich_web.jpg 350w, https:\/\/www.rwg-bayreuth.de\/home\/wp-content\/uploads\/2016\/02\/2015-16_Rithcie_Teppich_web-150x99.jpg 150w, https:\/\/www.rwg-bayreuth.de\/home\/wp-content\/uploads\/2016\/02\/2015-16_Rithcie_Teppich_web-300x198.jpg 300w, https:\/\/www.rwg-bayreuth.de\/home\/wp-content\/uploads\/2016\/02\/2015-16_Rithcie_Teppich_web-250x165.jpg 250w\" sizes=\"(max-width: 350px) 100vw, 350px\" \/><\/a><p id=\"caption-attachment-9202\" class=\"wp-caption-text\">Der rote Teppich geh\u00f6rt dazu.<\/p><\/div>\n<p>Ein besonderes Ereignis verdient einen besonderen Rahmen: Wie bei Preisverleihungen \u00fcblich, sollte auch die Verleihung des ersten Ritchie-Preises etwas Besonderes sein mit Reden, Musik, B\u00fcfett, sch\u00f6nen Kleidern und einer feierlichen Stimmung.<\/p>\n<p>Zu der geh\u00f6rt selbstverst\u00e4ndlich ein gro\u00dfer roter Teppich, \u00fcber den Nominierte, Geehrte, Festg\u00e4ste und Geladene schreiten durften, um zum Ort des Geschehens, die Schulaula zu gelangen. Dr. Ponsel vom Elternbeirat hatte ihn organisiert, eigenh\u00e4ndig ins RWG geschleppt und war so von seiner Tat begeistert, dass er den gut 30 Meter langen und drei Meter breiten L\u00e4ufer in einem Akt des uneigenn\u00fctzigen Schulsponsoring dem RWG schenkte: Er wird also weiterhin f\u00fcr festliche Gelegenheiten zur Verf\u00fcgung stehen.<\/p>\n<div id=\"attachment_9201\" style=\"width: 360px\" class=\"wp-caption alignleft\"><a href=\"https:\/\/www.rwg-bayreuth.de\/home\/wp-content\/uploads\/2016\/02\/2015-16_Ritchie_Graf_web.jpg\" rel=\"attachment wp-att-9201\"><img loading=\"lazy\" decoding=\"async\" aria-describedby=\"caption-attachment-9201\" src=\"https:\/\/www.rwg-bayreuth.de\/home\/wp-content\/uploads\/2016\/02\/2015-16_Ritchie_Graf_web.jpg\" alt=\"Schulleiterin Ursula Graf lobte das Sch\u00fclerengagement.\" width=\"350\" height=\"192\" class=\"size-full wp-image-9201\" srcset=\"https:\/\/www.rwg-bayreuth.de\/home\/wp-content\/uploads\/2016\/02\/2015-16_Ritchie_Graf_web.jpg 350w, https:\/\/www.rwg-bayreuth.de\/home\/wp-content\/uploads\/2016\/02\/2015-16_Ritchie_Graf_web-150x82.jpg 150w, https:\/\/www.rwg-bayreuth.de\/home\/wp-content\/uploads\/2016\/02\/2015-16_Ritchie_Graf_web-300x165.jpg 300w, https:\/\/www.rwg-bayreuth.de\/home\/wp-content\/uploads\/2016\/02\/2015-16_Ritchie_Graf_web-250x137.jpg 250w\" sizes=\"(max-width: 350px) 100vw, 350px\" \/><\/a><p id=\"caption-attachment-9201\" class=\"wp-caption-text\">Schulleiterin Ursula Graf lobte das Sch\u00fclerengagement.<\/p><\/div>\n<p>Zu jeder Verleihungszeremonie geh\u00f6rt eine Er\u00f6ffnungsrede. Schulleiterin Ursula Graf lobte dabei, dass es am RWG ein vielf\u00e4ltiges Angebot an Wahlf\u00e4chern gebe, welches geeignet sei, Interessen zu wecken und Talente zu f\u00f6rdern, sei es beim Theater, Chor, Musik, Sport oder in anderer Hinsicht. Der Ritchie-Preis sei dabei durchaus so etwas wie ein \u201eAcademy Award\u201c: Zwar gebe es keine \u00fcppigen Geldpreise, aber die Ritchie-Troph\u00e4e habe einen gro\u00dfen ideellen Wert. \u201eSchon die Nominierung f\u00fcr den Preis ist eine tolle Auszeichnung,\u201c sagte sie.<\/p>\n<div id=\"attachment_9203\" style=\"width: 160px\" class=\"wp-caption alignright\"><a href=\"https:\/\/www.rwg-bayreuth.de\/home\/wp-content\/uploads\/2016\/02\/205-26_Ritchie_Kozluklu.web_.jpg\" rel=\"attachment wp-att-9203\"><img loading=\"lazy\" decoding=\"async\" aria-describedby=\"caption-attachment-9203\" src=\"https:\/\/www.rwg-bayreuth.de\/home\/wp-content\/uploads\/2016\/02\/205-26_Ritchie_Kozluklu.web_.jpg\" alt=\"LeventKozluklu nahm die Verleihung vor.\" width=\"150\" height=\"222\" class=\"size-full wp-image-9203\" srcset=\"https:\/\/www.rwg-bayreuth.de\/home\/wp-content\/uploads\/2016\/02\/205-26_Ritchie_Kozluklu.web_.jpg 150w, https:\/\/www.rwg-bayreuth.de\/home\/wp-content\/uploads\/2016\/02\/205-26_Ritchie_Kozluklu.web_-101x150.jpg 101w\" sizes=\"(max-width: 150px) 100vw, 150px\" \/><\/a><p id=\"caption-attachment-9203\" class=\"wp-caption-text\">Levent Kozluklu nahm<br \/>\ndie Verleihung vor.<\/p><\/div>\n<p>Verleihung der Preise nahm Levent Kozluklu vom Elternbeirat vor. Er betonte, dass dem Preiskomitee die Entscheidung wahrlich nicht leicht gefallen sei, da die von Sch\u00fclern und Lehrern nominierten Kandidaten alle durch die Bank Au\u00dfergew\u00f6hnliches geleistet h\u00e4tten.<\/p>\n<p>Er rief die Nominierten der Kategorien Musik, Soziales, k\u00fcnstlerischer Bereich, Naturwissenschaften und Sprachen nacheinander auf die B\u00fchne und stellte jeden Einzeln vor, verbunden mit einer kurzen Begr\u00fcndung, warum er oder sie f\u00fcr den Preis in Frage komme. Er fand dabei sehr pers\u00f6nliche Worte und lobte nicht nur die Beteiligung an besonderen Projekten, sondern w\u00fcrdigte auch die Pers\u00f6nlichkeiten der Kandidaten, bevor er bekannt gab, wer denn nun die Gewinner in den jeweiligen Kategorien waren.<\/p>\n<p>Urkunden f\u00fcr die Nominierung und die Ritchie-Pokale konnten alle aus den zarten H\u00e4nden der Ehrendamen empfangen, welche die Klasse 10d gestellt hatten. Feierlich in den Tanzkursgew\u00e4ndern gekleidet, \u00fcberreichten sie die Auszeichnungen. Die Gewinner der Sonderpreise, Eva Leonhardt (Q12) und Tizian Jahreis (Abitur 2015) lie\u00dfen es sich nicht nehmen, sich mit einer kleinen Ansprache daf\u00fcr zu bedanken.<\/p>\n<p>Die musikalische Umrahmung der Feier hatten Jannis Wachs, Charlotte He\u00df und Seden G\u00fcs, die selbst unter den Nominierten war, \u00fcbernommen, begleitet von Helmut Mehling am Fl\u00fcgel. Ihre Sologes\u00e4nge sorgten f\u00fcr eine heitere Note in der Aula. \u201eWouldn\u2019t it be lovely\u2026\u201c, sang Seden G\u00fcs aus dem Musical \u201eMy Fair Lady\u201c, und viele m\u00f6gen erg\u00e4nzt haben \u201e\u2026to  be awarded, too.\u201c Im n\u00e4chsten Jahr bietet sich wieder die Gelegenheit, denn, so waren sich alle einig, die Zeremonie der Ritchie-Verleihung sollte eine feste Tradition an der Schule werden.<\/p>\n<div id=\"attachment_9204\" style=\"width: 360px\" class=\"wp-caption alignleft\"><a href=\"https:\/\/www.rwg-bayreuth.de\/home\/wp-content\/uploads\/2016\/02\/2015-16_richtie_Bufett_web.jpg\" rel=\"attachment wp-att-9204\"><img loading=\"lazy\" decoding=\"async\" aria-describedby=\"caption-attachment-9204\" src=\"https:\/\/www.rwg-bayreuth.de\/home\/wp-content\/uploads\/2016\/02\/2015-16_richtie_Bufett_web.jpg\" alt=\"Das Catering-Team der 10a hatte Leckereien vorbereitet.\" width=\"350\" height=\"229\" class=\"size-full wp-image-9204\" srcset=\"https:\/\/www.rwg-bayreuth.de\/home\/wp-content\/uploads\/2016\/02\/2015-16_richtie_Bufett_web.jpg 350w, https:\/\/www.rwg-bayreuth.de\/home\/wp-content\/uploads\/2016\/02\/2015-16_richtie_Bufett_web-150x98.jpg 150w, https:\/\/www.rwg-bayreuth.de\/home\/wp-content\/uploads\/2016\/02\/2015-16_richtie_Bufett_web-300x196.jpg 300w, https:\/\/www.rwg-bayreuth.de\/home\/wp-content\/uploads\/2016\/02\/2015-16_richtie_Bufett_web-250x164.jpg 250w\" sizes=\"(max-width: 350px) 100vw, 350px\" \/><\/a><p id=\"caption-attachment-9204\" class=\"wp-caption-text\">Das Catering-Team hatte Leckereien vorbereitet.<\/p><\/div>\n<p>Ihren Abschluss fand sie in der Pausenhalle, wo das Catering-Team der Klassen 7a\/c und 8b unter der Leitung von Frau Hupe ein gigantisches B\u00fcfett vorbereitet hatte. Zu H\u00e4ppchen und Sekt konnte noch geplaudert werden und alle freuten sich \u00fcber die w\u00fcrdigen Preistr\u00e4ger. F\u00fcr die Sch\u00fcler gab es sogar noch eine Disko. Zwar wird die Schule bald 150 Jahre alt, aber wie Ritchie, das Maskottchen zeigt, ist sie jung geblieben.<\/p>\n<p>Ein Dank geb\u00fchrt dem Verein  der Freunde des RWG e. V., der die Kosten f\u00fcr die Preise und die Veranstaltung \u00fcbernommen hatte, dem Elternbeirat f\u00fcr die Organisation und allen, die sich an dem Auswahl- und Verleihungsverfahren beteiligt hatten, insbesondere der SMV und dem Lehrerteam unter der Regie von Frau Wenger, Frau Sander, Frau Scriba und Frau Schwind sowie Dr. Oliver Ponsel, Levent Kozluklu, Conny Meier und Elke Taubmann vom Elternbeirat.<br \/>\n<div id=\"attachment_9205\" style=\"width: 360px\" class=\"wp-caption alignleft\"><a href=\"https:\/\/www.rwg-bayreuth.de\/home\/wp-content\/uploads\/2016\/02\/2015-16_Ritchie_Team_web.jpg\" rel=\"attachment wp-att-9205\"><img loading=\"lazy\" decoding=\"async\" aria-describedby=\"caption-attachment-9205\" src=\"https:\/\/www.rwg-bayreuth.de\/home\/wp-content\/uploads\/2016\/02\/2015-16_Ritchie_Team_web.jpg\" alt=\"as Organisationsteam freute sich: Alles klappte wie am Schn\u00fcrchen. \" width=\"350\" height=\"274\" class=\"size-full wp-image-9205\" srcset=\"https:\/\/www.rwg-bayreuth.de\/home\/wp-content\/uploads\/2016\/02\/2015-16_Ritchie_Team_web.jpg 350w, https:\/\/www.rwg-bayreuth.de\/home\/wp-content\/uploads\/2016\/02\/2015-16_Ritchie_Team_web-150x117.jpg 150w, https:\/\/www.rwg-bayreuth.de\/home\/wp-content\/uploads\/2016\/02\/2015-16_Ritchie_Team_web-300x235.jpg 300w, https:\/\/www.rwg-bayreuth.de\/home\/wp-content\/uploads\/2016\/02\/2015-16_Ritchie_Team_web-250x196.jpg 250w\" sizes=\"(max-width: 350px) 100vw, 350px\" \/><\/a><p id=\"caption-attachment-9205\" class=\"wp-caption-text\">Das Organisationsteam freute sich: Alles klappte<br \/>\nwie am Schn\u00fcrchen.<br \/><\/p><\/div>\n","protected":false},"excerpt":{"rendered":"<p>Ein besonderes Ereignis verdient einen besonderen Rahmen: Wie bei Preisverleihungen \u00fcblich, sollte auch die Verleihung des ersten Ritchie-Preises etwas Besonderes sein mit Reden, Musik, B\u00fcfett, sch\u00f6nen Kleidern und einer feierlichen Stimmung. Zu der geh\u00f6rt selbstverst\u00e4ndlich ein gro\u00dfer roter Teppich, \u00fcber den Nominierte, Geehrte, Festg\u00e4ste und Geladene schreiten durften, um zum Ort des Geschehens, die Schulaula&hellip;<\/p>\n","protected":false},"author":2,"featured_media":0,"comment_status":"closed","ping_status":"closed","sticky":false,"template":"","format":"standard","meta":{"footnotes":""},"categories":[1],"tags":[],"_links":{"self":[{"href":"https:\/\/www.rwg-bayreuth.de\/home\/index.php?rest_route=\/wp\/v2\/posts\/9200"}],"collection":[{"href":"https:\/\/www.rwg-bayreuth.de\/home\/index.php?rest_route=\/wp\/v2\/posts"}],"about":[{"href":"https:\/\/www.rwg-bayreuth.de\/home\/index.php?rest_route=\/wp\/v2\/types\/post"}],"author":[{"embeddable":true,"href":"https:\/\/www.rwg-bayreuth.de\/home\/index.php?rest_route=\/wp\/v2\/users\/2"}],"replies":[{"embeddable":true,"href":"https:\/\/www.rwg-bayreuth.de\/home\/index.php?rest_route=%2Fwp%2Fv2%2Fcomments&post=9200"}],"version-history":[{"count":12,"href":"https:\/\/www.rwg-bayreuth.de\/home\/index.php?rest_route=\/wp\/v2\/posts\/9200\/revisions"}],"predecessor-version":[{"id":9348,"href":"https:\/\/www.rwg-bayreuth.de\/home\/index.php?rest_route=\/wp\/v2\/posts\/9200\/revisions\/9348"}],"wp:attachment":[{"href":"https:\/\/www.rwg-bayreuth.de\/home\/index.php?rest_route=%2Fwp%2Fv2%2Fmedia&parent=9200"}],"wp:term":[{"taxonomy":"category","embeddable":true,"href":"https:\/\/www.rwg-bayreuth.de\/home\/index.php?rest_route=%2Fwp%2Fv2%2Fcategories&post=9200"},{"taxonomy":"post_tag","embeddable":true,"href":"https:\/\/www.rwg-bayreuth.de\/home\/index.php?rest_route=%2Fwp%2Fv2%2Ftags&post=9200"}],"curies":[{"name":"wp","href":"https:\/\/api.w.org\/{rel}","templated":true}]}}