{"id":9106,"date":"2016-02-16T08:58:25","date_gmt":"2016-02-16T07:58:25","guid":{"rendered":"http:\/\/www.rwg-bayreuth.de\/home\/?page_id=9106"},"modified":"2017-03-05T22:14:05","modified_gmt":"2017-03-05T21:14:05","slug":"karriere-fuer-abiturienten","status":"publish","type":"post","link":"https:\/\/www.rwg-bayreuth.de\/home\/?p=9106","title":{"rendered":"Karriere f\u00fcr Abiturienten"},"content":{"rendered":"<div id=\"attachment_9107\" style=\"width: 360px\" class=\"wp-caption alignleft\"><a href=\"https:\/\/www.rwg-bayreuth.de\/home\/wp-content\/uploads\/2016\/02\/2015-16_Ausbildungsmesse_Nbg_web.jpg\" rel=\"attachment wp-att-9107\"><img loading=\"lazy\" decoding=\"async\" aria-describedby=\"caption-attachment-9107\" src=\"https:\/\/www.rwg-bayreuth.de\/home\/wp-content\/uploads\/2016\/02\/2015-16_Ausbildungsmesse_Nbg_web.jpg\" alt=\"Die Info-St\u00e4nde waren dicht umlagert.\" width=\"350\" height=\"237\" class=\"size-full wp-image-9107\" srcset=\"https:\/\/www.rwg-bayreuth.de\/home\/wp-content\/uploads\/2016\/02\/2015-16_Ausbildungsmesse_Nbg_web.jpg 350w, https:\/\/www.rwg-bayreuth.de\/home\/wp-content\/uploads\/2016\/02\/2015-16_Ausbildungsmesse_Nbg_web-150x102.jpg 150w, https:\/\/www.rwg-bayreuth.de\/home\/wp-content\/uploads\/2016\/02\/2015-16_Ausbildungsmesse_Nbg_web-300x203.jpg 300w, https:\/\/www.rwg-bayreuth.de\/home\/wp-content\/uploads\/2016\/02\/2015-16_Ausbildungsmesse_Nbg_web-250x169.jpg 250w\" sizes=\"(max-width: 350px) 100vw, 350px\" \/><\/a><p id=\"caption-attachment-9107\" class=\"wp-caption-text\">Die Info-St\u00e4nde waren dicht umlagert.<\/p><\/div>\n<p>W\u00e4hrend der Berufs- und Studienorientierungsphase besuchten einige Sch\u00fcler der diesj\u00e4hrigen Q11 die 14. Bayreuther Ausbildungs- und Studienmesse in der Oberfrankenhalle.<\/p>\n<p>Die Messe wurde von der Arbeitsgemeinschaft aus dem Arbeitskreis Schule und Wirtschaft, den Bayreuther Wirtschaftsjunioren, der Agentur f\u00fcr Arbeit und weiteren Kooperationspartnern der Stadt und dem Landkreis Bayreuth veranstaltet. <\/p>\n<p>Neben 140 Ausstellern wurden auch 30 Vortr\u00e4ge zu einzelnen Konzernen, Ausbildungs- und Studienkonzepten, sowie das effektive Meistern von Vorstellungsgespr\u00e4chen und andere wichtige Kriterien zur Berufs- und Studienfindung vorgestellt. Hierbei wurden sowohl Unternehmen wie das Klinikum Bayreuth, Medi, Walraven, BayWa, DAK, als auch Schulen wie die FOS\/ BOS, Medau- und die PTA Schule vertreten.<\/p>\n<p>Nachdem die Messe bisher nur \u00fcber Ausbildungen informierte, konnten dieses Jahr auch Studieninteressierte die Veranstaltung besuchen. Hierbei konnten beispielsweise genauere Informationen \u00fcber das duale Studium gewonnen werden. Die Kombination von Ausbildung und Studium erm\u00f6glicht einen h\u00f6heren Praxisbezug und somit auch ein schnelleres und unkomplizierteres Einsteigen in die Berufswelt.<\/p>\n<p>\u00dcberrascht hat uns dabei, dass bei einem dualen Studium noch einmal zwischen dem \u201eVerbundstudium\u201c und dem \u201eStudium mit vertiefter Praxis\u201c unterschieden wird. W\u00e4hrend beispielsweise das Verbundstudium (mit allgemein doppelt so hoher Nachfrage) ein Studium mit integrierter Berufsausbildung darstellt, enth\u00e4lt ein Studium der vertieften Praxis keine integrierte Ausbildung.<\/p>\n<p>Zus\u00e4tzlich war die Messe auch eine gute M\u00f6glichkeit, um mit Unternehmen erste Kontakte zu kn\u00fcpfen, ein Praktikum zu vereinbaren oder sogar bereits eine Bewerbung pers\u00f6nlich abzugeben.<\/p>\n<p>Insgesamt war die 14. Bayreuther Berufs- und Studienmesse also ein gelungener \u00dcberblick \u00fcber die aktuellen Perspektiven in der Studien- und Berufswelt, bei dem man seinen pers\u00f6nlichen Horizont erheblich erweitern konnte.<br \/>\n<em><br \/>\nAnna Kraus<\/em><\/p>\n","protected":false},"excerpt":{"rendered":"<p>W\u00e4hrend der Berufs- und Studienorientierungsphase besuchten einige Sch\u00fcler der diesj\u00e4hrigen Q11 die 14. Bayreuther Ausbildungs- und Studienmesse in der Oberfrankenhalle. Die Messe wurde von der Arbeitsgemeinschaft aus dem Arbeitskreis Schule und Wirtschaft, den Bayreuther Wirtschaftsjunioren, der Agentur f\u00fcr Arbeit und weiteren Kooperationspartnern der Stadt und dem Landkreis Bayreuth veranstaltet. Neben 140 Ausstellern wurden auch 30&hellip;<\/p>\n","protected":false},"author":2,"featured_media":0,"comment_status":"closed","ping_status":"closed","sticky":false,"template":"","format":"standard","meta":{"footnotes":""},"categories":[1],"tags":[],"_links":{"self":[{"href":"https:\/\/www.rwg-bayreuth.de\/home\/index.php?rest_route=\/wp\/v2\/posts\/9106"}],"collection":[{"href":"https:\/\/www.rwg-bayreuth.de\/home\/index.php?rest_route=\/wp\/v2\/posts"}],"about":[{"href":"https:\/\/www.rwg-bayreuth.de\/home\/index.php?rest_route=\/wp\/v2\/types\/post"}],"author":[{"embeddable":true,"href":"https:\/\/www.rwg-bayreuth.de\/home\/index.php?rest_route=\/wp\/v2\/users\/2"}],"replies":[{"embeddable":true,"href":"https:\/\/www.rwg-bayreuth.de\/home\/index.php?rest_route=%2Fwp%2Fv2%2Fcomments&post=9106"}],"version-history":[{"count":2,"href":"https:\/\/www.rwg-bayreuth.de\/home\/index.php?rest_route=\/wp\/v2\/posts\/9106\/revisions"}],"predecessor-version":[{"id":9109,"href":"https:\/\/www.rwg-bayreuth.de\/home\/index.php?rest_route=\/wp\/v2\/posts\/9106\/revisions\/9109"}],"wp:attachment":[{"href":"https:\/\/www.rwg-bayreuth.de\/home\/index.php?rest_route=%2Fwp%2Fv2%2Fmedia&parent=9106"}],"wp:term":[{"taxonomy":"category","embeddable":true,"href":"https:\/\/www.rwg-bayreuth.de\/home\/index.php?rest_route=%2Fwp%2Fv2%2Fcategories&post=9106"},{"taxonomy":"post_tag","embeddable":true,"href":"https:\/\/www.rwg-bayreuth.de\/home\/index.php?rest_route=%2Fwp%2Fv2%2Ftags&post=9106"}],"curies":[{"name":"wp","href":"https:\/\/api.w.org\/{rel}","templated":true}]}}