{"id":9073,"date":"2016-02-11T16:45:35","date_gmt":"2016-02-11T15:45:35","guid":{"rendered":"http:\/\/www.rwg-bayreuth.de\/home\/?page_id=9073"},"modified":"2017-03-05T22:14:05","modified_gmt":"2017-03-05T21:14:05","slug":"informationen-rund-um-den-beruf","status":"publish","type":"post","link":"https:\/\/www.rwg-bayreuth.de\/home\/?p=9073","title":{"rendered":"Informationen rund um den Beruf"},"content":{"rendered":"<div id=\"attachment_9074\" style=\"width: 360px\" class=\"wp-caption alignleft\"><a href=\"https:\/\/www.rwg-bayreuth.de\/home\/wp-content\/uploads\/2016\/02\/2015-16_Berufsmesse06_web.jpg\" rel=\"attachment wp-att-9074\"><img loading=\"lazy\" decoding=\"async\" aria-describedby=\"caption-attachment-9074\" src=\"https:\/\/www.rwg-bayreuth.de\/home\/wp-content\/uploads\/2016\/02\/2015-16_Berufsmesse06_web.jpg\" alt=\"Die Infost\u00e4nde waren dicht umlagert.\" width=\"350\" height=\"264\" class=\"size-full wp-image-9074\" srcset=\"https:\/\/www.rwg-bayreuth.de\/home\/wp-content\/uploads\/2016\/02\/2015-16_Berufsmesse06_web.jpg 350w, https:\/\/www.rwg-bayreuth.de\/home\/wp-content\/uploads\/2016\/02\/2015-16_Berufsmesse06_web-150x113.jpg 150w, https:\/\/www.rwg-bayreuth.de\/home\/wp-content\/uploads\/2016\/02\/2015-16_Berufsmesse06_web-300x226.jpg 300w, https:\/\/www.rwg-bayreuth.de\/home\/wp-content\/uploads\/2016\/02\/2015-16_Berufsmesse06_web-250x189.jpg 250w\" sizes=\"(max-width: 350px) 100vw, 350px\" \/><\/a><p id=\"caption-attachment-9074\" class=\"wp-caption-text\">Die Infost\u00e4nde waren dicht umlagert.<\/p><\/div>\n<p>Im Rahmen der Berufs- und Studienorientierungsphase der Sch\u00fcler der 11. Jahrgangsstufe wurde die dritte Berufsinformationsmesse am RWG veranstaltet.<\/p>\n<p>An diesem Nachmittag und Abend konnten sich die Sch\u00fcler des Richard-Wagner-Gymnasiums und des Gymnasium Christian-Ernestinum intensiv mit ihrer Berufs- und Studienwahl auseinandersetzen. Schlie\u00dflich ist die Frage, wie es nach dem Abitur einmal weitergehen soll, eine sehr wichtige, der keiner ausweichen kann.<\/p>\n<p>Zahlreiche St\u00e4nde und Vortr\u00e4ge boten optimale M\u00f6glichkeiten, um sich umfassend zu informieren. Der Nachmittag begann um 15.00 Uhr mit einer kleinen Begr\u00fc\u00dfung durch Frau Graf in der Turnhalle.<\/p>\n<div id=\"attachment_9075\" style=\"width: 360px\" class=\"wp-caption alignright\"><a href=\"https:\/\/www.rwg-bayreuth.de\/home\/wp-content\/uploads\/2016\/02\/2015-16_Berufsmesse05_web.jpg\" rel=\"attachment wp-att-9075\"><img loading=\"lazy\" decoding=\"async\" aria-describedby=\"caption-attachment-9075\" src=\"https:\/\/www.rwg-bayreuth.de\/home\/wp-content\/uploads\/2016\/02\/2015-16_Berufsmesse05_web.jpg\" alt=\"Text\" width=\"350\" height=\"258\" class=\"size-full wp-image-9075\" srcset=\"https:\/\/www.rwg-bayreuth.de\/home\/wp-content\/uploads\/2016\/02\/2015-16_Berufsmesse05_web.jpg 350w, https:\/\/www.rwg-bayreuth.de\/home\/wp-content\/uploads\/2016\/02\/2015-16_Berufsmesse05_web-150x111.jpg 150w, https:\/\/www.rwg-bayreuth.de\/home\/wp-content\/uploads\/2016\/02\/2015-16_Berufsmesse05_web-300x221.jpg 300w, https:\/\/www.rwg-bayreuth.de\/home\/wp-content\/uploads\/2016\/02\/2015-16_Berufsmesse05_web-250x184.jpg 250w\" sizes=\"(max-width: 350px) 100vw, 350px\" \/><\/a><p id=\"caption-attachment-9075\" class=\"wp-caption-text\">F\u00fcr Abiturienten gibt es viele M\u00f6glichkeiten.<\/p><\/div>\n<p>Anschlie\u00dfend hatten die Sch\u00fcler zwei Stunden Zeit, die Informationsst\u00e4nde genauer anzusehen. Viele verschiedene Branchen boten f\u00fcr jeden optimale M\u00f6glichkeiten, seinen Interessen nachzugehen. Unter anderem waren bereits bekannte Unternehmen der BuS-Phase &#8211; Walraven und Baur Versand GmbH &#038; Co KG -vertreten.<\/p>\n<p>Aber auch andere interessante Vertreter der Sparkasse, der Hermos AG, der Hochschule dual, der Universit\u00e4t Bayreuth, der Fachhochschule des Mittelstands Bamberg, der Hotel- und Berufsfachschule Pegnitz, der Ibs N\u00fcrnberg, der BayWa AG, der Tourismusschule Wiesau, der IHK, des Klinikum Bayreuths und viele mehr, standen f\u00fcr Gespr\u00e4che zur Verf\u00fcgung.<\/p>\n<div id=\"attachment_9076\" style=\"width: 360px\" class=\"wp-caption alignleft\"><a href=\"https:\/\/www.rwg-bayreuth.de\/home\/wp-content\/uploads\/2016\/02\/2015-16_Berufsmesse07_web.jpg\" rel=\"attachment wp-att-9076\"><img loading=\"lazy\" decoding=\"async\" aria-describedby=\"caption-attachment-9076\" src=\"https:\/\/www.rwg-bayreuth.de\/home\/wp-content\/uploads\/2016\/02\/2015-16_Berufsmesse07_web.jpg\" alt=\"Auch die Uni war vertreten.\" width=\"350\" height=\"233\" class=\"size-full wp-image-9076\" srcset=\"https:\/\/www.rwg-bayreuth.de\/home\/wp-content\/uploads\/2016\/02\/2015-16_Berufsmesse07_web.jpg 350w, https:\/\/www.rwg-bayreuth.de\/home\/wp-content\/uploads\/2016\/02\/2015-16_Berufsmesse07_web-150x100.jpg 150w, https:\/\/www.rwg-bayreuth.de\/home\/wp-content\/uploads\/2016\/02\/2015-16_Berufsmesse07_web-300x200.jpg 300w, https:\/\/www.rwg-bayreuth.de\/home\/wp-content\/uploads\/2016\/02\/2015-16_Berufsmesse07_web-250x166.jpg 250w\" sizes=\"(max-width: 350px) 100vw, 350px\" \/><\/a><p id=\"caption-attachment-9076\" class=\"wp-caption-text\">Auch die Uni war vertreten.<\/p><\/div>\n<p>Es gab au\u00dferdem Vortr\u00e4ge \u00fcber die verschiedensten Berufsfelder und M\u00f6glichkeiten nach dem Abitur. Jeder Sch\u00fcler besuchte insgesamt drei an diesem Abend. Die schulinterne Berufsinformationsmesse an diesem Tag war eine informative und gelungene Veranstaltung.Sie bot den Sch\u00fclern die Gelegenheit herauszufinden, welche Berufslaufbahn f\u00fcr sie geeignet ist und welche eher nicht in Frage kommt.<\/p>\n","protected":false},"excerpt":{"rendered":"<p>Im Rahmen der Berufs- und Studienorientierungsphase der Sch\u00fcler der 11. Jahrgangsstufe wurde die dritte Berufsinformationsmesse am RWG veranstaltet. An diesem Nachmittag und Abend konnten sich die Sch\u00fcler des Richard-Wagner-Gymnasiums und des Gymnasium Christian-Ernestinum intensiv mit ihrer Berufs- und Studienwahl auseinandersetzen. Schlie\u00dflich ist die Frage, wie es nach dem Abitur einmal weitergehen soll, eine sehr wichtige,&hellip;<\/p>\n","protected":false},"author":2,"featured_media":0,"comment_status":"closed","ping_status":"closed","sticky":false,"template":"","format":"standard","meta":{"footnotes":""},"categories":[1],"tags":[],"_links":{"self":[{"href":"https:\/\/www.rwg-bayreuth.de\/home\/index.php?rest_route=\/wp\/v2\/posts\/9073"}],"collection":[{"href":"https:\/\/www.rwg-bayreuth.de\/home\/index.php?rest_route=\/wp\/v2\/posts"}],"about":[{"href":"https:\/\/www.rwg-bayreuth.de\/home\/index.php?rest_route=\/wp\/v2\/types\/post"}],"author":[{"embeddable":true,"href":"https:\/\/www.rwg-bayreuth.de\/home\/index.php?rest_route=\/wp\/v2\/users\/2"}],"replies":[{"embeddable":true,"href":"https:\/\/www.rwg-bayreuth.de\/home\/index.php?rest_route=%2Fwp%2Fv2%2Fcomments&post=9073"}],"version-history":[{"count":7,"href":"https:\/\/www.rwg-bayreuth.de\/home\/index.php?rest_route=\/wp\/v2\/posts\/9073\/revisions"}],"predecessor-version":[{"id":9083,"href":"https:\/\/www.rwg-bayreuth.de\/home\/index.php?rest_route=\/wp\/v2\/posts\/9073\/revisions\/9083"}],"wp:attachment":[{"href":"https:\/\/www.rwg-bayreuth.de\/home\/index.php?rest_route=%2Fwp%2Fv2%2Fmedia&parent=9073"}],"wp:term":[{"taxonomy":"category","embeddable":true,"href":"https:\/\/www.rwg-bayreuth.de\/home\/index.php?rest_route=%2Fwp%2Fv2%2Fcategories&post=9073"},{"taxonomy":"post_tag","embeddable":true,"href":"https:\/\/www.rwg-bayreuth.de\/home\/index.php?rest_route=%2Fwp%2Fv2%2Ftags&post=9073"}],"curies":[{"name":"wp","href":"https:\/\/api.w.org\/{rel}","templated":true}]}}