{"id":8755,"date":"2015-12-24T13:39:03","date_gmt":"2015-12-24T12:39:03","guid":{"rendered":"http:\/\/www.rwg-bayreuth.de\/home\/?page_id=8755"},"modified":"2017-03-05T22:13:34","modified_gmt":"2017-03-05T21:13:34","slug":"ein-konzert-fuer-die-seele","status":"publish","type":"post","link":"https:\/\/www.rwg-bayreuth.de\/home\/?p=8755","title":{"rendered":"Ein Konzert f\u00fcr die Seele"},"content":{"rendered":"<div id=\"attachment_8756\" style=\"width: 360px\" class=\"wp-caption alignleft\"><a href=\"https:\/\/www.rwg-bayreuth.de\/home\/wp-content\/uploads\/2015\/12\/2015-16_Weih_Chor_web.jpg\" rel=\"attachment wp-att-8756\"><img loading=\"lazy\" decoding=\"async\" aria-describedby=\"caption-attachment-8756\" src=\"https:\/\/www.rwg-bayreuth.de\/home\/wp-content\/uploads\/2015\/12\/2015-16_Weih_Chor_web.jpg\" alt=\"Der Gro\u00dfe Chor f\u00fcllte den Altarraum der Chrsituskirche.\" width=\"350\" height=\"233\" class=\"size-full wp-image-8756\" srcset=\"https:\/\/www.rwg-bayreuth.de\/home\/wp-content\/uploads\/2015\/12\/2015-16_Weih_Chor_web.jpg 350w, https:\/\/www.rwg-bayreuth.de\/home\/wp-content\/uploads\/2015\/12\/2015-16_Weih_Chor_web-150x100.jpg 150w, https:\/\/www.rwg-bayreuth.de\/home\/wp-content\/uploads\/2015\/12\/2015-16_Weih_Chor_web-300x200.jpg 300w, https:\/\/www.rwg-bayreuth.de\/home\/wp-content\/uploads\/2015\/12\/2015-16_Weih_Chor_web-250x166.jpg 250w\" sizes=\"(max-width: 350px) 100vw, 350px\" \/><\/a><p id=\"caption-attachment-8756\" class=\"wp-caption-text\">Der Gro\u00dfe Chor f\u00fcllte den Altarraum der Christuskirche.<\/p><\/div>\n<p>Ein stimmungsvolles Weihnachtskonzert bescherten die Sch\u00fclerinnen und Sch\u00fcler unserer Schule allen, die als Zuh\u00f6rer in die Christuskirche gekommen waren.<\/p>\n<p>Mit ihren festlichen Weisen schafften sie es, den Alltagstrubel vergessen zu machen, der sich gerade in der Vorweihnachtszeit schnell breit macht: In den L\u00e4den sieht man dann gestresste Gesichter auf der Jagd nach einem Weihnachtsschn\u00e4ppchen f\u00fcr die Lieben zu Hause, auf den Stra\u00dfen t\u00fctenbepackte Menschen, die durch die Stra\u00dfen hetzen. Als Begleitmusik d\u00fcrfen s\u00fc\u00dfe Glocken klingen und leise Schneefl\u00f6ckchen rieseln, denn morgen, Kinder, wird&#8217;s was geben.<\/p>\n<p>Wie ganz anders das Konzert in der Christuskirche: Es war ein geistliches Konzert mit geistlicher Musik, ohne die von Kommerz verbogenen Weihnachtsschlager, daf\u00fcr aber mit einer Botschaft: Die Musik l\u00e4sst uns am Weihnachtswunder teilhaben und hilft uns, zu uns selbst zu finden und Ruhe und Besinnlichkeit zu erleben.<\/p>\n<p>Daf\u00fcr machte das Blechbl\u00e4serensemble unter der Leitung von Wolfgang Mehl den Auftakt: Die kr\u00e4ftigen Fanfaren von Traugott F\u00fcnfgelds \u201ePr\u00e4ludio I&#8220; k\u00fcndigten an, dass es im Konzert um etwas Gro\u00dfes, Bedeutsames gehen sollte.<\/p>\n<div id=\"attachment_8758\" style=\"width: 360px\" class=\"wp-caption alignleft\"><a href=\"https:\/\/www.rwg-bayreuth.de\/home\/wp-content\/uploads\/2015\/12\/2015-16_Weih_Weihgeschichte_web.jpg\" rel=\"attachment wp-att-8758\"><img loading=\"lazy\" decoding=\"async\" aria-describedby=\"caption-attachment-8758\" src=\"https:\/\/www.rwg-bayreuth.de\/home\/wp-content\/uploads\/2015\/12\/2015-16_Weih_Weihgeschichte_web.jpg\" alt=\"Die &quot;Weihnachtsgeschichte&quot; ist eine Komposition von Florian Mehling.\" width=\"350\" height=\"236\" class=\"size-full wp-image-8758\" srcset=\"https:\/\/www.rwg-bayreuth.de\/home\/wp-content\/uploads\/2015\/12\/2015-16_Weih_Weihgeschichte_web.jpg 350w, https:\/\/www.rwg-bayreuth.de\/home\/wp-content\/uploads\/2015\/12\/2015-16_Weih_Weihgeschichte_web-150x101.jpg 150w, https:\/\/www.rwg-bayreuth.de\/home\/wp-content\/uploads\/2015\/12\/2015-16_Weih_Weihgeschichte_web-300x202.jpg 300w, https:\/\/www.rwg-bayreuth.de\/home\/wp-content\/uploads\/2015\/12\/2015-16_Weih_Weihgeschichte_web-250x169.jpg 250w\" sizes=\"(max-width: 350px) 100vw, 350px\" \/><\/a><p id=\"caption-attachment-8758\" class=\"wp-caption-text\">Die &#8222;Weihnachtsgeschichte&#8220; ist eine Komposition<br \/>\nvon Florian Mehling.<\/p><\/div>\n<p>Auf besonders intensive Weise kam dies in der \u201ekleinen Weihnachtsgeschichte&#8220; zum Ausdruck, einer Komposition und ein Arrangement von Florian Mehling, das an diesem Abend ganz bescheiden und ohne dass darum gro\u00dfe Worte gemacht worden w\u00e4ren, seine Premiere hatte. <\/p>\n<p>Das Minioratorium verband Lesungen aus der Schrift mit Gesang, Fl\u00f6ten- und Orchestermusik. Die klaren musikalischen Linien machten es f\u00fcr den Unterstufenchor ausgezeichnet singbar, und es war eine Freude, an den Augen der Kinder abzulesen, mit welcher Inbrunst sie bei der Sache waren. Begleitet wurden sie vom Blockfl\u00f6tenensemble und vom Vororchester, das so in einem gro\u00dfen Konzert seine Bew\u00e4hrungsprobe bestehen durfte, ohne \u00fcberfordert zu werden. <\/p>\n<div id=\"attachment_8761\" style=\"width: 360px\" class=\"wp-caption alignleft\"><a href=\"https:\/\/www.rwg-bayreuth.de\/home\/wp-content\/uploads\/2015\/12\/2015-16_Weih_Gitarren_web.jpg\" rel=\"attachment wp-att-8761\"><img loading=\"lazy\" decoding=\"async\" aria-describedby=\"caption-attachment-8761\" src=\"https:\/\/www.rwg-bayreuth.de\/home\/wp-content\/uploads\/2015\/12\/2015-16_Weih_Gitarren_web.jpg\" alt=\"Das Gitarrenensemble leitet Maja Popp aus der Q11.\" width=\"350\" height=\"276\" class=\"size-full wp-image-8761\" srcset=\"https:\/\/www.rwg-bayreuth.de\/home\/wp-content\/uploads\/2015\/12\/2015-16_Weih_Gitarren_web.jpg 350w, https:\/\/www.rwg-bayreuth.de\/home\/wp-content\/uploads\/2015\/12\/2015-16_Weih_Gitarren_web-150x118.jpg 150w, https:\/\/www.rwg-bayreuth.de\/home\/wp-content\/uploads\/2015\/12\/2015-16_Weih_Gitarren_web-300x237.jpg 300w, https:\/\/www.rwg-bayreuth.de\/home\/wp-content\/uploads\/2015\/12\/2015-16_Weih_Gitarren_web-250x197.jpg 250w\" sizes=\"(max-width: 350px) 100vw, 350px\" \/><\/a><p id=\"caption-attachment-8761\" class=\"wp-caption-text\">Das Gitarrenensemble leitet Maja Popp aus der Q11.<\/p><\/div>\n<p>Nicht minder feierlich war Georg Philipp Telemanns Kantate \u201eNun komm, der Heiden Heiland\u201c. Die Kantate ist f\u00fcr Chor und Instrumentalbegleitung und kennt wundersch\u00f6ne Solo-Partien, welche von Seden G\u00fcs, Nina Kn\u00f6rrer, Charlotte He\u00df, Jannis Wachs und Lena Bitterwolf klar und stimmlich sicher vortragen wurden. <\/p>\n<p>Der Gro\u00dfe Chor hatte einen eigenen Auftritt mit Peter Cornelius \u201eDie K\u00f6nige\u201c, wobei Viktor Stompe als Bass-Solist sang. Das Gitarrenensemble hatte, wie es in der Natur ihrer Instrumente liegt, einen leisen Auftritt, aber Gerhard Kloyers \u201eRondo\u201c lebte von einer sehr intensiven, festlichen Stimmung.<\/p>\n<div id=\"attachment_8760\" style=\"width: 360px\" class=\"wp-caption alignleft\"><a href=\"https:\/\/www.rwg-bayreuth.de\/home\/wp-content\/uploads\/2015\/12\/2015-16_Weih_Orchester_web.jpg\" rel=\"attachment wp-att-8760\"><img loading=\"lazy\" decoding=\"async\" aria-describedby=\"caption-attachment-8760\" src=\"https:\/\/www.rwg-bayreuth.de\/home\/wp-content\/uploads\/2015\/12\/2015-16_Weih_Orchester_web.jpg\" alt=\"Das Orcheter spielte H\u00e4ndels F-Dur-Konzert.\" width=\"350\" height=\"236\" class=\"size-full wp-image-8760\" srcset=\"https:\/\/www.rwg-bayreuth.de\/home\/wp-content\/uploads\/2015\/12\/2015-16_Weih_Orchester_web.jpg 350w, https:\/\/www.rwg-bayreuth.de\/home\/wp-content\/uploads\/2015\/12\/2015-16_Weih_Orchester_web-150x101.jpg 150w, https:\/\/www.rwg-bayreuth.de\/home\/wp-content\/uploads\/2015\/12\/2015-16_Weih_Orchester_web-300x202.jpg 300w, https:\/\/www.rwg-bayreuth.de\/home\/wp-content\/uploads\/2015\/12\/2015-16_Weih_Orchester_web-250x169.jpg 250w\" sizes=\"(max-width: 350px) 100vw, 350px\" \/><\/a><p id=\"caption-attachment-8760\" class=\"wp-caption-text\">Das Orcheter spielte H\u00e4ndels F-Dur-Konzert.<\/p><\/div>\n<p>Von wuchtiger Orgelmusik getragen war dagegen Georg Friedrich H\u00e4ndels F-Dur-Konzert, welches das Schulorchester spielte. Charlotte He\u00df und Karla Schulte <!--die Orgel-Solo-Partien--> meisterten souver\u00e4n die Orgel-Solo-Partien und trugen so wesentlich zum Gelingen des Auftritts bei.<\/p>\n<p>Weil nach einer guten Stunde Konzertdauer die Feststimmung der Musik l\u00e4ngst Eingang in die Herzen der Zuh\u00f6rer gefunden hatte, stimmte das Publikum am Ende bereitwillig in das gemeinsame Schlusslied ein: \u201eOh du fr\u00f6hliche\u201c, t\u00f6nten Ch\u00f6re, Streicher, Bl\u00e4ser und all die anderen Musiker zusammen mit den Zuh\u00f6rern: \u201eoh du selige, gnadenbringende Weihnachtszeit\u2026!\u201c Mehr gab es nicht zu sagen.<br \/>\n<em><br \/>\n<div id=\"attachment_8763\" style=\"width: 560px\" class=\"wp-caption alignleft\"><a href=\"https:\/\/www.rwg-bayreuth.de\/home\/wp-content\/uploads\/2015\/12\/2015-16_Weih_Alle_web.jpg\" rel=\"attachment wp-att-8763\"><img loading=\"lazy\" decoding=\"async\" aria-describedby=\"caption-attachment-8763\" src=\"https:\/\/www.rwg-bayreuth.de\/home\/wp-content\/uploads\/2015\/12\/2015-16_Weih_Alle_web.jpg\" alt=\"Alle Mitwirkenden und die Zuh\u00f6rer sangen &quot;Oh di fr\u00f6hliche...&quot;.\" width=\"550\" height=\"219\" class=\"size-full wp-image-8763\" srcset=\"https:\/\/www.rwg-bayreuth.de\/home\/wp-content\/uploads\/2015\/12\/2015-16_Weih_Alle_web.jpg 550w, https:\/\/www.rwg-bayreuth.de\/home\/wp-content\/uploads\/2015\/12\/2015-16_Weih_Alle_web-150x60.jpg 150w, https:\/\/www.rwg-bayreuth.de\/home\/wp-content\/uploads\/2015\/12\/2015-16_Weih_Alle_web-450x179.jpg 450w, https:\/\/www.rwg-bayreuth.de\/home\/wp-content\/uploads\/2015\/12\/2015-16_Weih_Alle_web-250x100.jpg 250w\" sizes=\"(max-width: 550px) 100vw, 550px\" \/><\/a><p id=\"caption-attachment-8763\" class=\"wp-caption-text\">Alle Mitwirkenden und die Zuh\u00f6rer sangen &#8222;Oh du fr\u00f6hliche&#8230;&#8220;.<\/p><\/div>\n<p>P.S.: Ein Nachtrag darf nicht fehlen: Einstudiert haben das Konzert Tatjana und Albert Huber, Anita Jehnes, Maja Popp, Judith Fink-Porr, Florian, Ulrike und Helmut Mehling.<\/em><\/p>\n","protected":false},"excerpt":{"rendered":"<p>Ein stimmungsvolles Weihnachtskonzert bescherten die Sch\u00fclerinnen und Sch\u00fcler unserer Schule allen, die als Zuh\u00f6rer in die Christuskirche gekommen waren. Mit ihren festlichen Weisen schafften sie es, den Alltagstrubel vergessen zu machen, der sich gerade in der Vorweihnachtszeit schnell breit macht: In den L\u00e4den sieht man dann gestresste Gesichter auf der Jagd nach einem Weihnachtsschn\u00e4ppchen f\u00fcr&hellip;<\/p>\n","protected":false},"author":2,"featured_media":0,"comment_status":"closed","ping_status":"closed","sticky":false,"template":"","format":"standard","meta":{"footnotes":""},"categories":[1],"tags":[],"_links":{"self":[{"href":"https:\/\/www.rwg-bayreuth.de\/home\/index.php?rest_route=\/wp\/v2\/posts\/8755"}],"collection":[{"href":"https:\/\/www.rwg-bayreuth.de\/home\/index.php?rest_route=\/wp\/v2\/posts"}],"about":[{"href":"https:\/\/www.rwg-bayreuth.de\/home\/index.php?rest_route=\/wp\/v2\/types\/post"}],"author":[{"embeddable":true,"href":"https:\/\/www.rwg-bayreuth.de\/home\/index.php?rest_route=\/wp\/v2\/users\/2"}],"replies":[{"embeddable":true,"href":"https:\/\/www.rwg-bayreuth.de\/home\/index.php?rest_route=%2Fwp%2Fv2%2Fcomments&post=8755"}],"version-history":[{"count":13,"href":"https:\/\/www.rwg-bayreuth.de\/home\/index.php?rest_route=\/wp\/v2\/posts\/8755\/revisions"}],"predecessor-version":[{"id":8921,"href":"https:\/\/www.rwg-bayreuth.de\/home\/index.php?rest_route=\/wp\/v2\/posts\/8755\/revisions\/8921"}],"wp:attachment":[{"href":"https:\/\/www.rwg-bayreuth.de\/home\/index.php?rest_route=%2Fwp%2Fv2%2Fmedia&parent=8755"}],"wp:term":[{"taxonomy":"category","embeddable":true,"href":"https:\/\/www.rwg-bayreuth.de\/home\/index.php?rest_route=%2Fwp%2Fv2%2Fcategories&post=8755"},{"taxonomy":"post_tag","embeddable":true,"href":"https:\/\/www.rwg-bayreuth.de\/home\/index.php?rest_route=%2Fwp%2Fv2%2Ftags&post=8755"}],"curies":[{"name":"wp","href":"https:\/\/api.w.org\/{rel}","templated":true}]}}