{"id":8746,"date":"2015-12-23T11:44:04","date_gmt":"2015-12-23T10:44:04","guid":{"rendered":"http:\/\/www.rwg-bayreuth.de\/home\/?page_id=8746"},"modified":"2017-03-05T22:13:34","modified_gmt":"2017-03-05T21:13:34","slug":"weihnachtsgottesdienst-in-der-stadtkirche","status":"publish","type":"post","link":"https:\/\/www.rwg-bayreuth.de\/home\/?p=8746","title":{"rendered":"Weihnachten in der Stadtkirche"},"content":{"rendered":"<div id=\"attachment_8747\" style=\"width: 360px\" class=\"wp-caption alignleft\"><a href=\"https:\/\/www.rwg-bayreuth.de\/home\/wp-content\/uploads\/2015\/12\/2015-16_Weihnachtsgotesdienst_web.jpg\" rel=\"attachment wp-att-8747\"><img loading=\"lazy\" decoding=\"async\" aria-describedby=\"caption-attachment-8747\" src=\"https:\/\/www.rwg-bayreuth.de\/home\/wp-content\/uploads\/2015\/12\/2015-16_Weihnachtsgotesdienst_web.jpg\" alt=\"Die Stadtkirche gab dem Gottesdienst einen w\u00fcrdigen Rahmen.\" width=\"350\" height=\"251\" class=\"size-full wp-image-8747\" srcset=\"https:\/\/www.rwg-bayreuth.de\/home\/wp-content\/uploads\/2015\/12\/2015-16_Weihnachtsgotesdienst_web.jpg 350w, https:\/\/www.rwg-bayreuth.de\/home\/wp-content\/uploads\/2015\/12\/2015-16_Weihnachtsgotesdienst_web-150x108.jpg 150w, https:\/\/www.rwg-bayreuth.de\/home\/wp-content\/uploads\/2015\/12\/2015-16_Weihnachtsgotesdienst_web-300x215.jpg 300w, https:\/\/www.rwg-bayreuth.de\/home\/wp-content\/uploads\/2015\/12\/2015-16_Weihnachtsgotesdienst_web-250x179.jpg 250w\" sizes=\"(max-width: 350px) 100vw, 350px\" \/><\/a><p id=\"caption-attachment-8747\" class=\"wp-caption-text\">Die Stadtkirche gab dem Gottesdienst einen<br \/>\nw\u00fcrdigen Rahmen.<\/p><\/div>\n<p>Mit einem festlichen Weihnachtsgottesdienst ging das Jahr f\u00fcr die Sch\u00fclerinnen und Sch\u00fcler des RWG zu Ende.<\/p>\n<p>Abgehalten wurde er traditionsgem\u00e4\u00df in der Stadtkirche, die nur wenige Schritte von der Schule entfernt ist. In seiner Weihnachtspredigt war Pfarrer Gerald Scheil die Frage auf, wie wir uns Gott vorstellen. Sch\u00fclerbilder geben interessante Vorstellungen, ebenso wie die mythologischen Erz\u00e4hlungen der gro\u00dfen Kulturen. Doch Gott ist nicht der gro\u00dfe Blitzeschleuderer oder der tapfere Krieger, auch wenn viele es sich manchmal w\u00fcnschen w\u00fcrden, dass Ungerechtigkeiten sofort ein Ende bereitet wird. Gott sei unscheinbar unter die Menschen gekommen, und darin liege der Zauber des Weihnachtsfestes.<\/p>\n<p>Bis einschlie\u00dflich des Dreik\u00f6nigsfestes ist nun schulfreie Zeit. Erster Schultag nach den Ferien ist am 7. Januar 2016.<\/p>\n","protected":false},"excerpt":{"rendered":"<p>Mit einem festlichen Weihnachtsgottesdienst ging das Jahr f\u00fcr die Sch\u00fclerinnen und Sch\u00fcler des RWG zu Ende. Abgehalten wurde er traditionsgem\u00e4\u00df in der Stadtkirche, die nur wenige Schritte von der Schule entfernt ist. In seiner Weihnachtspredigt war Pfarrer Gerald Scheil die Frage auf, wie wir uns Gott vorstellen. Sch\u00fclerbilder geben interessante Vorstellungen, ebenso wie die mythologischen&hellip;<\/p>\n","protected":false},"author":2,"featured_media":0,"comment_status":"closed","ping_status":"closed","sticky":false,"template":"","format":"standard","meta":{"footnotes":""},"categories":[1],"tags":[],"_links":{"self":[{"href":"https:\/\/www.rwg-bayreuth.de\/home\/index.php?rest_route=\/wp\/v2\/posts\/8746"}],"collection":[{"href":"https:\/\/www.rwg-bayreuth.de\/home\/index.php?rest_route=\/wp\/v2\/posts"}],"about":[{"href":"https:\/\/www.rwg-bayreuth.de\/home\/index.php?rest_route=\/wp\/v2\/types\/post"}],"author":[{"embeddable":true,"href":"https:\/\/www.rwg-bayreuth.de\/home\/index.php?rest_route=\/wp\/v2\/users\/2"}],"replies":[{"embeddable":true,"href":"https:\/\/www.rwg-bayreuth.de\/home\/index.php?rest_route=%2Fwp%2Fv2%2Fcomments&post=8746"}],"version-history":[{"count":3,"href":"https:\/\/www.rwg-bayreuth.de\/home\/index.php?rest_route=\/wp\/v2\/posts\/8746\/revisions"}],"predecessor-version":[{"id":8754,"href":"https:\/\/www.rwg-bayreuth.de\/home\/index.php?rest_route=\/wp\/v2\/posts\/8746\/revisions\/8754"}],"wp:attachment":[{"href":"https:\/\/www.rwg-bayreuth.de\/home\/index.php?rest_route=%2Fwp%2Fv2%2Fmedia&parent=8746"}],"wp:term":[{"taxonomy":"category","embeddable":true,"href":"https:\/\/www.rwg-bayreuth.de\/home\/index.php?rest_route=%2Fwp%2Fv2%2Fcategories&post=8746"},{"taxonomy":"post_tag","embeddable":true,"href":"https:\/\/www.rwg-bayreuth.de\/home\/index.php?rest_route=%2Fwp%2Fv2%2Ftags&post=8746"}],"curies":[{"name":"wp","href":"https:\/\/api.w.org\/{rel}","templated":true}]}}