{"id":8702,"date":"2015-12-20T10:37:28","date_gmt":"2015-12-20T09:37:28","guid":{"rendered":"http:\/\/www.rwg-bayreuth.de\/home\/?page_id=8702"},"modified":"2017-03-05T22:13:34","modified_gmt":"2017-03-05T21:13:34","slug":"leseabend-der-buechermafia","status":"publish","type":"post","link":"https:\/\/www.rwg-bayreuth.de\/home\/?p=8702","title":{"rendered":"Leseabend der B\u00fcchermafia"},"content":{"rendered":"<div id=\"attachment_8705\" style=\"width: 360px\" class=\"wp-caption alignleft\"><a href=\"https:\/\/www.rwg-bayreuth.de\/home\/wp-content\/uploads\/2015\/12\/2015-16_Vorlesen_web-1.jpg\" rel=\"attachment wp-att-8705\"><img loading=\"lazy\" decoding=\"async\" aria-describedby=\"caption-attachment-8705\" src=\"https:\/\/www.rwg-bayreuth.de\/home\/wp-content\/uploads\/2015\/12\/2015-16_Vorlesen_web-1.jpg\" alt=\"Die B\u00fcchermafia traf sich im Lesenden Klassenzimmer.\" width=\"350\" height=\"219\" class=\"size-full wp-image-8705\" srcset=\"https:\/\/www.rwg-bayreuth.de\/home\/wp-content\/uploads\/2015\/12\/2015-16_Vorlesen_web-1.jpg 350w, https:\/\/www.rwg-bayreuth.de\/home\/wp-content\/uploads\/2015\/12\/2015-16_Vorlesen_web-1-150x94.jpg 150w, https:\/\/www.rwg-bayreuth.de\/home\/wp-content\/uploads\/2015\/12\/2015-16_Vorlesen_web-1-300x188.jpg 300w, https:\/\/www.rwg-bayreuth.de\/home\/wp-content\/uploads\/2015\/12\/2015-16_Vorlesen_web-1-250x156.jpg 250w\" sizes=\"(max-width: 350px) 100vw, 350px\" \/><\/a><p id=\"caption-attachment-8705\" class=\"wp-caption-text\">Die B\u00fcchermafia traf sich im Lesenden Klassenzimmer.<\/p><\/div>\n<p>Einen gem\u00fctlichen Vorleseabend g\u00f6nnte sich die B\u00fcchermafia, die sich an unserer Schule um das Lesende Klassenzimmer k\u00fcmmert.<\/p>\n<p>Eigentlich war der Leseabend als Veranstaltung f\u00fcr jedermann gedacht, und die B\u00fcchermafia, betreut von Frau Wagner, hatte sich im Vorfeld alle erdenkliche M\u00fche gegeben, mit Lautsprecherdurchsagen und Handzetteln Werbung zu betreiben. <\/p>\n<p>Am Vorlesetag musste man dann aber doch unter sich bleiben. Das hatte durchaus auch Vorteile, denn so konnte es im Lesenden Klassenzimmer, dem Ort der Veranstaltung, etwas zwangloser zugehen. Die Zuh\u00f6rer konnten es sich auf den Sitzs\u00e4cken und Lederhockern bequem machen und es kreisten auch Lebkuchen und Weihnachtsgeb\u00e4ck.<\/p>\n<p>Im Mittelpunkt stand zun\u00e4chst eine Buchvorstellung. Sophia Hanke (7c) sprach \u00fcber das Buch \u201eMein  Sommer mit Mia\u201c von Karsten Stollwerck. Es spielt in West-Berlin, kurz vor der Wende: Als Meik seine Cousine in Ost-Berlin besucht, lernt er Mia kennen. Sie ist frech, mutig und voller verr\u00fcckter Ideen. Und sie wird Meiks beste Freundin. Am liebsten w\u00fcrde er einen Tunnel unter der Mauer durchgraben und Mia her\u00fcberholen. Doch bald \u00fcberst\u00fcrzen sich die Ereignisse&#8230;<\/p>\n<p>Alea Nikodem hatte \u201eHinter verzauberten Fenstern\u201c von Cornelia Funke dabei und las zusammen mit Sarah Goller einige Kapitel. Julia hat nicht wie ihr kleiner Bruder Olli einen sch\u00f6nen Schokoladenadventskalender bekommen, sondern nur diesen doofen Papieradventskalender. Doch das auf ihrem Kalender abgebildete Haus glitzert so silbrig und geheimnisvoll, dass Julia der Versuchung nicht widerstehen kann und das erste Fenster ihres Kalenderhauses \u00f6ffnet. Da bemerkt sie, dass das Haus bewohnt ist und befindet sich auf einmal mitten darin.<\/p>\n<p>Beide B\u00fccher sind witzig erz\u00e4hlt und ein sch\u00f6nes Weihnachtsgeschenk f\u00fcr die Unterstufe!<\/p>\n","protected":false},"excerpt":{"rendered":"<p>Einen gem\u00fctlichen Vorleseabend g\u00f6nnte sich die B\u00fcchermafia, die sich an unserer Schule um das Lesende Klassenzimmer k\u00fcmmert. Eigentlich war der Leseabend als Veranstaltung f\u00fcr jedermann gedacht, und die B\u00fcchermafia, betreut von Frau Wagner, hatte sich im Vorfeld alle erdenkliche M\u00fche gegeben, mit Lautsprecherdurchsagen und Handzetteln Werbung zu betreiben. Am Vorlesetag musste man dann aber doch&hellip;<\/p>\n","protected":false},"author":2,"featured_media":0,"comment_status":"closed","ping_status":"closed","sticky":false,"template":"","format":"standard","meta":{"footnotes":""},"categories":[1],"tags":[],"_links":{"self":[{"href":"https:\/\/www.rwg-bayreuth.de\/home\/index.php?rest_route=\/wp\/v2\/posts\/8702"}],"collection":[{"href":"https:\/\/www.rwg-bayreuth.de\/home\/index.php?rest_route=\/wp\/v2\/posts"}],"about":[{"href":"https:\/\/www.rwg-bayreuth.de\/home\/index.php?rest_route=\/wp\/v2\/types\/post"}],"author":[{"embeddable":true,"href":"https:\/\/www.rwg-bayreuth.de\/home\/index.php?rest_route=\/wp\/v2\/users\/2"}],"replies":[{"embeddable":true,"href":"https:\/\/www.rwg-bayreuth.de\/home\/index.php?rest_route=%2Fwp%2Fv2%2Fcomments&post=8702"}],"version-history":[{"count":6,"href":"https:\/\/www.rwg-bayreuth.de\/home\/index.php?rest_route=\/wp\/v2\/posts\/8702\/revisions"}],"predecessor-version":[{"id":8713,"href":"https:\/\/www.rwg-bayreuth.de\/home\/index.php?rest_route=\/wp\/v2\/posts\/8702\/revisions\/8713"}],"wp:attachment":[{"href":"https:\/\/www.rwg-bayreuth.de\/home\/index.php?rest_route=%2Fwp%2Fv2%2Fmedia&parent=8702"}],"wp:term":[{"taxonomy":"category","embeddable":true,"href":"https:\/\/www.rwg-bayreuth.de\/home\/index.php?rest_route=%2Fwp%2Fv2%2Fcategories&post=8702"},{"taxonomy":"post_tag","embeddable":true,"href":"https:\/\/www.rwg-bayreuth.de\/home\/index.php?rest_route=%2Fwp%2Fv2%2Ftags&post=8702"}],"curies":[{"name":"wp","href":"https:\/\/api.w.org\/{rel}","templated":true}]}}