{"id":8646,"date":"2015-12-13T12:17:12","date_gmt":"2015-12-13T11:17:12","guid":{"rendered":"http:\/\/www.rwg-bayreuth.de\/home\/?page_id=8646"},"modified":"2017-03-05T22:13:34","modified_gmt":"2017-03-05T21:13:34","slug":"advent-advent","status":"publish","type":"post","link":"https:\/\/www.rwg-bayreuth.de\/home\/?p=8646","title":{"rendered":"Advent, Advent&#8230;"},"content":{"rendered":"<div id=\"attachment_8647\" style=\"width: 360px\" class=\"wp-caption alignleft\"><a href=\"https:\/\/www.rwg-bayreuth.de\/home\/wp-content\/uploads\/2015\/12\/2015-16_Advent_5b_web.jpg\" rel=\"attachment wp-att-8647\"><img loading=\"lazy\" decoding=\"async\" aria-describedby=\"caption-attachment-8647\" src=\"https:\/\/www.rwg-bayreuth.de\/home\/wp-content\/uploads\/2015\/12\/2015-16_Advent_5b_web.jpg\" alt=\"Er oder sie? Der Adventskalender sieht verd\u00e4chtig nach Weihnachtsfrau aus.\" width=\"350\" height=\"231\" class=\"size-full wp-image-8647\" srcset=\"https:\/\/www.rwg-bayreuth.de\/home\/wp-content\/uploads\/2015\/12\/2015-16_Advent_5b_web.jpg 350w, https:\/\/www.rwg-bayreuth.de\/home\/wp-content\/uploads\/2015\/12\/2015-16_Advent_5b_web-150x99.jpg 150w, https:\/\/www.rwg-bayreuth.de\/home\/wp-content\/uploads\/2015\/12\/2015-16_Advent_5b_web-300x198.jpg 300w, https:\/\/www.rwg-bayreuth.de\/home\/wp-content\/uploads\/2015\/12\/2015-16_Advent_5b_web-250x165.jpg 250w\" sizes=\"(max-width: 350px) 100vw, 350px\" \/><\/a><p id=\"caption-attachment-8647\" class=\"wp-caption-text\">Er oder sie? Der Adventskalender sieht verd\u00e4chtig<br \/>\nnach Weihnachtsfrau aus.<\/p><\/div>\n<p>Wenn schon nicht den gr\u00f6\u00dften Weihnachtsbaum, dann den gr\u00f6\u00dften Adventskalender, dachte sich die Klasse 5b und lie\u00df demn Gedanken Taten folgen.<\/p>\n<p>Da h\u00e4ngt er nun, an der hinteren Wand im Zimmer 224, dem Klassenzimmer der Klasse 5b. Er ist ungef\u00e4hr einen Kopf gr\u00f6\u00dfer als ein durchschnittlich gewachsener F\u00fcnftkl\u00e4ssler und hat die Form eines Weihnachtsmannes mit M\u00fctze, Ringelsocken und  roten Stiefeln. Da er Z\u00f6pfe hat, sieht er verd\u00e4chtig nach einer Weihnachtsfrau aus. Das rotes Gewand hat exakt 24 Taschen &#8211; f\u00fcr jeden der Adventstage eine. Best\u00fcckt sind sie mit S\u00fc\u00dfigkeiten, und jeden Tag ist eine Sch\u00fclerin oder ein Sch\u00fcler der Klasse an der Reihe, um eine S\u00fc\u00dfigkeit zu ziehen. \u201eEs m\u00fcssen beim Wichteln nicht immer gro\u00dfe Geschenk sein, die schnell besch\u00e4men, wenn jemand nicht mithalten kann\u201c, sagt Klassleiterin Frau Wagner.<\/p>\n<p>Der Riesenadventskalender ist \u00fcbrigens ein einmaliges Exemplar: Gebastelt hat ihn die Mutter von Emilie Klauser, die die Klasse 5b besucht. \u201eMeine Mama hat Spa\u00df an solchen Sachen,\u201c sagt sie.<br \/>\n<em><br \/>\nP.S.:<br \/>\nGar nicht spa\u00dfig ist es, wenn sich, wie letzte Woche geschehen, Gastklassen bedienen. Die haben \u00fcberhaupt nichts verstanden und sollen sich sch\u00e4men.<br \/>\n<\/em><\/p>\n","protected":false},"excerpt":{"rendered":"<p>Wenn schon nicht den gr\u00f6\u00dften Weihnachtsbaum, dann den gr\u00f6\u00dften Adventskalender, dachte sich die Klasse 5b und lie\u00df demn Gedanken Taten folgen. Da h\u00e4ngt er nun, an der hinteren Wand im Zimmer 224, dem Klassenzimmer der Klasse 5b. Er ist ungef\u00e4hr einen Kopf gr\u00f6\u00dfer als ein durchschnittlich gewachsener F\u00fcnftkl\u00e4ssler und hat die Form eines Weihnachtsmannes mit&hellip;<\/p>\n","protected":false},"author":2,"featured_media":0,"comment_status":"closed","ping_status":"closed","sticky":false,"template":"","format":"standard","meta":{"footnotes":""},"categories":[1],"tags":[],"_links":{"self":[{"href":"https:\/\/www.rwg-bayreuth.de\/home\/index.php?rest_route=\/wp\/v2\/posts\/8646"}],"collection":[{"href":"https:\/\/www.rwg-bayreuth.de\/home\/index.php?rest_route=\/wp\/v2\/posts"}],"about":[{"href":"https:\/\/www.rwg-bayreuth.de\/home\/index.php?rest_route=\/wp\/v2\/types\/post"}],"author":[{"embeddable":true,"href":"https:\/\/www.rwg-bayreuth.de\/home\/index.php?rest_route=\/wp\/v2\/users\/2"}],"replies":[{"embeddable":true,"href":"https:\/\/www.rwg-bayreuth.de\/home\/index.php?rest_route=%2Fwp%2Fv2%2Fcomments&post=8646"}],"version-history":[{"count":1,"href":"https:\/\/www.rwg-bayreuth.de\/home\/index.php?rest_route=\/wp\/v2\/posts\/8646\/revisions"}],"predecessor-version":[{"id":8648,"href":"https:\/\/www.rwg-bayreuth.de\/home\/index.php?rest_route=\/wp\/v2\/posts\/8646\/revisions\/8648"}],"wp:attachment":[{"href":"https:\/\/www.rwg-bayreuth.de\/home\/index.php?rest_route=%2Fwp%2Fv2%2Fmedia&parent=8646"}],"wp:term":[{"taxonomy":"category","embeddable":true,"href":"https:\/\/www.rwg-bayreuth.de\/home\/index.php?rest_route=%2Fwp%2Fv2%2Fcategories&post=8646"},{"taxonomy":"post_tag","embeddable":true,"href":"https:\/\/www.rwg-bayreuth.de\/home\/index.php?rest_route=%2Fwp%2Fv2%2Ftags&post=8646"}],"curies":[{"name":"wp","href":"https:\/\/api.w.org\/{rel}","templated":true}]}}