{"id":8567,"date":"2015-12-02T12:21:48","date_gmt":"2015-12-02T11:21:48","guid":{"rendered":"http:\/\/www.rwg-bayreuth.de\/home\/?page_id=8567"},"modified":"2017-03-05T22:15:48","modified_gmt":"2017-03-05T21:15:48","slug":"hilfe-fuer-die-kinder-auf-der-flucht","status":"publish","type":"post","link":"https:\/\/www.rwg-bayreuth.de\/home\/?p=8567","title":{"rendered":"Hilfe f\u00fcr die Kinder auf der Flucht"},"content":{"rendered":"<div id=\"attachment_8568\" style=\"width: 360px\" class=\"wp-caption alignleft\"><a href=\"https:\/\/www.rwg-bayreuth.de\/home\/wp-content\/uploads\/2015\/12\/2015-16_Pl\u00e4tzchen_web.jpg\"><img loading=\"lazy\" decoding=\"async\" aria-describedby=\"caption-attachment-8568\" src=\"https:\/\/www.rwg-bayreuth.de\/home\/wp-content\/uploads\/2015\/12\/2015-16_Pl\u00e4tzchen_web.jpg\" alt=\"Den Kindern auf der Flucht soll geholfen werden.\" width=\"350\" height=\"244\" class=\"size-full wp-image-8568\" srcset=\"https:\/\/www.rwg-bayreuth.de\/home\/wp-content\/uploads\/2015\/12\/2015-16_Pl\u00e4tzchen_web.jpg 350w, https:\/\/www.rwg-bayreuth.de\/home\/wp-content\/uploads\/2015\/12\/2015-16_Pl\u00e4tzchen_web-150x105.jpg 150w, https:\/\/www.rwg-bayreuth.de\/home\/wp-content\/uploads\/2015\/12\/2015-16_Pl\u00e4tzchen_web-300x209.jpg 300w, https:\/\/www.rwg-bayreuth.de\/home\/wp-content\/uploads\/2015\/12\/2015-16_Pl\u00e4tzchen_web-250x174.jpg 250w\" sizes=\"(max-width: 350px) 100vw, 350px\" \/><\/a><p id=\"caption-attachment-8568\" class=\"wp-caption-text\">Den Kindern auf der Flucht soll geholfen werden.<\/p><\/div>\n<p>Mit einem Pl\u00e4tzchenverkauf m\u00f6chte die Sozialkundegruppe der 9. Klassen Fl\u00fcchtlingskindern in Not helfen.<\/p>\n<p>Das Amtsdeutsch spricht von \u201eunbegleiteten minderj\u00e4hrigen Fl\u00fcchtlingen\u201c. Gemeint ist damit, dass sich zurzeit Kinder, die noch keine 18 Jahre alt sind, von einem der Krisengebiete dieser Welt her auf Weg gemacht haben, um in ein sicheres Land zu kommen. Sie tun dies alleine, also ohne Eltern und Familie, und sind somit auch ganz auf sich gestellt, oft ohne die Sprache zu k\u00f6nnen oder ein konkretes Ziel zu kennen au\u00dfer dem, endlich in Sicherheit zu leben und eine Perspektive f\u00fcr ihr weiteres Leben zu bekommen. Im Landkreis Bayreuth gibt es zurzeit 82 unbegleitete minderj\u00e4hrige Fl\u00fcchtlingskinder.<\/p>\n<p>Auf Anregung ihrer Sozialkundelehrerin, Frau Steininger, haben die Sozialkundesch\u00fcler der 9. Klassen angefangen, sich mit diesem Problem zu besch\u00e4ftigen. Es soll auch konkret geholfen werden, zum Beispiel durch Geldspenden. Deshalb wurde ein Pl\u00e4tzchenverkauf gestartet, dessen Erl\u00f6s den Fl\u00fcchtlingskindern zugute kommen soll. Die Aktion ist Teil eines Wettbewerbsprojektes, welches vom Bundespr\u00e4sidenten ausgeschrieben wurde.<\/p>\n","protected":false},"excerpt":{"rendered":"<p>Mit einem Pl\u00e4tzchenverkauf m\u00f6chte die Sozialkundegruppe der 9. Klassen Fl\u00fcchtlingskindern in Not helfen. Das Amtsdeutsch spricht von \u201eunbegleiteten minderj\u00e4hrigen Fl\u00fcchtlingen\u201c. Gemeint ist damit, dass sich zurzeit Kinder, die noch keine 18 Jahre alt sind, von einem der Krisengebiete dieser Welt her auf Weg gemacht haben, um in ein sicheres Land zu kommen. Sie tun dies&hellip;<\/p>\n","protected":false},"author":2,"featured_media":0,"comment_status":"closed","ping_status":"closed","sticky":false,"template":"","format":"standard","meta":{"footnotes":""},"categories":[1],"tags":[],"_links":{"self":[{"href":"https:\/\/www.rwg-bayreuth.de\/home\/index.php?rest_route=\/wp\/v2\/posts\/8567"}],"collection":[{"href":"https:\/\/www.rwg-bayreuth.de\/home\/index.php?rest_route=\/wp\/v2\/posts"}],"about":[{"href":"https:\/\/www.rwg-bayreuth.de\/home\/index.php?rest_route=\/wp\/v2\/types\/post"}],"author":[{"embeddable":true,"href":"https:\/\/www.rwg-bayreuth.de\/home\/index.php?rest_route=\/wp\/v2\/users\/2"}],"replies":[{"embeddable":true,"href":"https:\/\/www.rwg-bayreuth.de\/home\/index.php?rest_route=%2Fwp%2Fv2%2Fcomments&post=8567"}],"version-history":[{"count":3,"href":"https:\/\/www.rwg-bayreuth.de\/home\/index.php?rest_route=\/wp\/v2\/posts\/8567\/revisions"}],"predecessor-version":[{"id":8577,"href":"https:\/\/www.rwg-bayreuth.de\/home\/index.php?rest_route=\/wp\/v2\/posts\/8567\/revisions\/8577"}],"wp:attachment":[{"href":"https:\/\/www.rwg-bayreuth.de\/home\/index.php?rest_route=%2Fwp%2Fv2%2Fmedia&parent=8567"}],"wp:term":[{"taxonomy":"category","embeddable":true,"href":"https:\/\/www.rwg-bayreuth.de\/home\/index.php?rest_route=%2Fwp%2Fv2%2Fcategories&post=8567"},{"taxonomy":"post_tag","embeddable":true,"href":"https:\/\/www.rwg-bayreuth.de\/home\/index.php?rest_route=%2Fwp%2Fv2%2Ftags&post=8567"}],"curies":[{"name":"wp","href":"https:\/\/api.w.org\/{rel}","templated":true}]}}