{"id":8384,"date":"2015-11-03T11:56:02","date_gmt":"2015-11-03T10:56:02","guid":{"rendered":"http:\/\/www.rwg-bayreuth.de\/home\/?page_id=8384"},"modified":"2017-03-05T22:15:48","modified_gmt":"2017-03-05T21:15:48","slug":"was-familien-bewegt","status":"publish","type":"post","link":"https:\/\/www.rwg-bayreuth.de\/home\/?p=8384","title":{"rendered":"Was Familien bewegt"},"content":{"rendered":"<p><a href=\"https:\/\/www.rwg-bayreuth.de\/home\/wp-content\/uploads\/2015\/11\/Was_Familien_bewegt_web.jpg\"><img loading=\"lazy\" decoding=\"async\" src=\"https:\/\/www.rwg-bayreuth.de\/home\/wp-content\/uploads\/2015\/11\/Was_Familien_bewegt_web.jpg\" alt=\"Was_Familien_bewegt_web\" width=\"250\" height=\"355\" class=\"alignleft size-full wp-image-8386\" srcset=\"https:\/\/www.rwg-bayreuth.de\/home\/wp-content\/uploads\/2015\/11\/Was_Familien_bewegt_web.jpg 250w, https:\/\/www.rwg-bayreuth.de\/home\/wp-content\/uploads\/2015\/11\/Was_Familien_bewegt_web-106x150.jpg 106w, https:\/\/www.rwg-bayreuth.de\/home\/wp-content\/uploads\/2015\/11\/Was_Familien_bewegt_web-211x300.jpg 211w\" sizes=\"(max-width: 250px) 100vw, 250px\" \/><\/a>Unter dem Motto \u201eWas Familien bewegt\u201c stand der Familienkongress der Stadt Bayreuth, der sich an Eltern, p\u00e4dagogische Fachkr\u00e4fte, Familien sowie Kinder und Jugendliche gleicherma\u00dfen wandte. <\/p>\n<p>Mehr als 30 Mitmachaktivit\u00e4ten aus den Bereichen Bewegung, Kultur und Musik, N\u00e4hen, Werken, Forschen oder Ern\u00e4hrung luden Familien zum aktiv Bet\u00e4tigen ein. Halbst\u00fcndlich wechselnde Kurzvortr\u00e4ge zu Themen wie Ern\u00e4hrung, Pubert\u00e4t, Geschwisterstreit, Schlafen, h\u00e4usliche Gewalt gaben Informationen zu aktuellen Familienproblemen weiter.<\/p>\n<p>Die Hauptvortr\u00e4ge hielten Stephanie Schneider zum Thema \u201eDer kleine Schulstressberate &#8211; So kommen Sie und ihr Kind gut durch die Schule &#8211; Tipps, wie Sie den ganz normalen t\u00e4glichen Schulwahnsinn gut meistern\u201c, Susanne Wendel zum Thema \u201eWork-Life-Fun-Balance\u201c und Stefan Ranninger zum Thema \u201eHandy und Smartphone\u201c sowie \u201eCyber Mobbing\u201c.<\/p>\n<p>F\u00fcr j\u00fcngere Kinder wurde eine spezielle Kinderbetreuung im Schulgeb\u00e4ude angeboten. Speisen und Getr\u00e4nke gab es zu familienfreundlichen Preisen. Selbstverst\u00e4ndlich war Bayreuths erster Familienkongress kostenfrei.<\/p>\n<p>Der Familientag war zugleich Aktionstag zum 10-j\u00e4hrigen Bestehen des Familienb\u00fcndnisses Bayreuth. Das Familienb\u00fcndnis steht unter der Schirmherrschaft der Bayreuther Oberb\u00fcrgermeisterin Brigitte Merk-Erbe. Ihm geh\u00f6ren unter anderem Vertreter der Fraktionen im Stadtrat, der Wohlfahrtsverb\u00e4nde, der Kirchen, des Netzwerks Bildungsregion Bayreuth, des Stadtjugendrings und des Stadtjugendamtes an.<\/p>\n","protected":false},"excerpt":{"rendered":"<p>Unter dem Motto \u201eWas Familien bewegt\u201c stand der Familienkongress der Stadt Bayreuth, der sich an Eltern, p\u00e4dagogische Fachkr\u00e4fte, Familien sowie Kinder und Jugendliche gleicherma\u00dfen wandte. Mehr als 30 Mitmachaktivit\u00e4ten aus den Bereichen Bewegung, Kultur und Musik, N\u00e4hen, Werken, Forschen oder Ern\u00e4hrung luden Familien zum aktiv Bet\u00e4tigen ein. Halbst\u00fcndlich wechselnde Kurzvortr\u00e4ge zu Themen wie Ern\u00e4hrung, Pubert\u00e4t,&hellip;<\/p>\n","protected":false},"author":2,"featured_media":0,"comment_status":"closed","ping_status":"closed","sticky":false,"template":"","format":"standard","meta":{"footnotes":""},"categories":[1],"tags":[],"_links":{"self":[{"href":"https:\/\/www.rwg-bayreuth.de\/home\/index.php?rest_route=\/wp\/v2\/posts\/8384"}],"collection":[{"href":"https:\/\/www.rwg-bayreuth.de\/home\/index.php?rest_route=\/wp\/v2\/posts"}],"about":[{"href":"https:\/\/www.rwg-bayreuth.de\/home\/index.php?rest_route=\/wp\/v2\/types\/post"}],"author":[{"embeddable":true,"href":"https:\/\/www.rwg-bayreuth.de\/home\/index.php?rest_route=\/wp\/v2\/users\/2"}],"replies":[{"embeddable":true,"href":"https:\/\/www.rwg-bayreuth.de\/home\/index.php?rest_route=%2Fwp%2Fv2%2Fcomments&post=8384"}],"version-history":[{"count":6,"href":"https:\/\/www.rwg-bayreuth.de\/home\/index.php?rest_route=\/wp\/v2\/posts\/8384\/revisions"}],"predecessor-version":[{"id":8453,"href":"https:\/\/www.rwg-bayreuth.de\/home\/index.php?rest_route=\/wp\/v2\/posts\/8384\/revisions\/8453"}],"wp:attachment":[{"href":"https:\/\/www.rwg-bayreuth.de\/home\/index.php?rest_route=%2Fwp%2Fv2%2Fmedia&parent=8384"}],"wp:term":[{"taxonomy":"category","embeddable":true,"href":"https:\/\/www.rwg-bayreuth.de\/home\/index.php?rest_route=%2Fwp%2Fv2%2Fcategories&post=8384"},{"taxonomy":"post_tag","embeddable":true,"href":"https:\/\/www.rwg-bayreuth.de\/home\/index.php?rest_route=%2Fwp%2Fv2%2Ftags&post=8384"}],"curies":[{"name":"wp","href":"https:\/\/api.w.org\/{rel}","templated":true}]}}