{"id":8368,"date":"2015-11-02T10:30:04","date_gmt":"2015-11-02T09:30:04","guid":{"rendered":"http:\/\/www.rwg-bayreuth.de\/home\/?page_id=8368"},"modified":"2017-02-08T16:33:30","modified_gmt":"2017-02-08T15:33:30","slug":"auf-den-puls-gefuehlt","status":"publish","type":"post","link":"https:\/\/www.rwg-bayreuth.de\/home\/?p=8368","title":{"rendered":"Auf den Puls gef\u00fchlt"},"content":{"rendered":"<div id=\"attachment_8369\" style=\"width: 360px\" class=\"wp-caption alignleft\"><a href=\"https:\/\/www.rwg-bayreuth.de\/home\/wp-content\/uploads\/2015\/11\/2015-16_Sani2_web.jpg\"><img loading=\"lazy\" decoding=\"async\" aria-describedby=\"caption-attachment-8369\" src=\"https:\/\/www.rwg-bayreuth.de\/home\/wp-content\/uploads\/2015\/11\/2015-16_Sani2_web.jpg\" alt=\"Auh Herrn Schill (rechts) wurde auf den Puls gef\u00fchlt.\" width=\"350\" height=\"227\" class=\"size-full wp-image-8369\" srcset=\"https:\/\/www.rwg-bayreuth.de\/home\/wp-content\/uploads\/2015\/11\/2015-16_Sani2_web.jpg 350w, https:\/\/www.rwg-bayreuth.de\/home\/wp-content\/uploads\/2015\/11\/2015-16_Sani2_web-150x97.jpg 150w, https:\/\/www.rwg-bayreuth.de\/home\/wp-content\/uploads\/2015\/11\/2015-16_Sani2_web-300x195.jpg 300w, https:\/\/www.rwg-bayreuth.de\/home\/wp-content\/uploads\/2015\/11\/2015-16_Sani2_web-250x162.jpg 250w\" sizes=\"(max-width: 350px) 100vw, 350px\" \/><\/a><p id=\"caption-attachment-8369\" class=\"wp-caption-text\">Auh Herrn Schill (rechts) wurde auf den Puls gef\u00fchlt.<\/p><\/div>\n<p>Mehr als die H\u00e4lfte unserer Schulsanis nahm an einer Wissensauffrischung beim Bayerischen Roten Kreuz in Bayreuth teil. <\/p>\n<p>Bei diesem Training f\u00fcr alle Gymnasien und Realschulen aus Bayreuth war das RWG mit 11 Teilnehmern mit am st\u00e4rksten vertreten. <\/p>\n<p>Nach einer herzlichen Begr\u00fc\u00dfung durften unsere Schulsanis an mehreren Stationen ihr Wissen und K\u00f6nnen unter Beweis stellen oder auch erweitern. Diese Stationen wurden jeweils von sehr netten Ausbildern des Roten Kreuzes, die sich m\u00f6gliche Schulunf\u00e4lle ausgedacht hatten und diese realistisch darstellten, betreut.<\/p>\n<div id=\"attachment_8370\" style=\"width: 360px\" class=\"wp-caption alignleft\"><a href=\"https:\/\/www.rwg-bayreuth.de\/home\/wp-content\/uploads\/2015\/11\/2015-16_Sani2_1web.jpg\"><img loading=\"lazy\" decoding=\"async\" aria-describedby=\"caption-attachment-8370\" src=\"https:\/\/www.rwg-bayreuth.de\/home\/wp-content\/uploads\/2015\/11\/2015-16_Sani2_1web.jpg\" alt=\"Reanimieren will ge\u00fcbt sein.\" width=\"350\" height=\"246\" class=\"size-full wp-image-8370\" srcset=\"https:\/\/www.rwg-bayreuth.de\/home\/wp-content\/uploads\/2015\/11\/2015-16_Sani2_1web.jpg 350w, https:\/\/www.rwg-bayreuth.de\/home\/wp-content\/uploads\/2015\/11\/2015-16_Sani2_1web-150x105.jpg 150w, https:\/\/www.rwg-bayreuth.de\/home\/wp-content\/uploads\/2015\/11\/2015-16_Sani2_1web-300x211.jpg 300w, https:\/\/www.rwg-bayreuth.de\/home\/wp-content\/uploads\/2015\/11\/2015-16_Sani2_1web-250x176.jpg 250w\" sizes=\"(max-width: 350px) 100vw, 350px\" \/><\/a><p id=\"caption-attachment-8370\" class=\"wp-caption-text\">Reanimieren will ge\u00fcbt sein.<\/p><\/div>\n<p>Von einem Schlaganfall eines Lehrers und einer Hyperventilation eines Sch\u00fclers bei einem Sportfest, einer verbl\u00fcffend echt aussehenden Wunde, bei der ein Glassplitter in der Hand steckte, bis hin zu einer Reanimation durften wir die Erstversorgung der Verletzten \u00fcben.<\/p>\n<p>Bei der Station der Reanimation, an der wir jeweils eine Minute dr\u00fccken mussten, durfte auch unser Lehrer Herr Schill zeigen, was er kann. An weiteren Stationen wurde uns der Umgang mit dem Dreiecktuch sowie Pulsmessen und -auswerten nochmals erkl\u00e4rt und wir durften es gegenseitig an uns ausprobieren. <\/p>\n<p>Wir danken dem Team des Roten Kreuzes f\u00fcr die wirklich tolle Fortbildung und freuen uns auf das n\u00e4chste Mal!<\/p>\n<p><em>Nike Hellbach 8b <\/em><\/p>\n","protected":false},"excerpt":{"rendered":"<p>Mehr als die H\u00e4lfte unserer Schulsanis nahm an einer Wissensauffrischung beim Bayerischen Roten Kreuz in Bayreuth teil. Bei diesem Training f\u00fcr alle Gymnasien und Realschulen aus Bayreuth war das RWG mit 11 Teilnehmern mit am st\u00e4rksten vertreten. Nach einer herzlichen Begr\u00fc\u00dfung durften unsere Schulsanis an mehreren Stationen ihr Wissen und K\u00f6nnen unter Beweis stellen oder&hellip;<\/p>\n","protected":false},"author":2,"featured_media":0,"comment_status":"closed","ping_status":"closed","sticky":false,"template":"","format":"standard","meta":{"footnotes":""},"categories":[1],"tags":[],"_links":{"self":[{"href":"https:\/\/www.rwg-bayreuth.de\/home\/index.php?rest_route=\/wp\/v2\/posts\/8368"}],"collection":[{"href":"https:\/\/www.rwg-bayreuth.de\/home\/index.php?rest_route=\/wp\/v2\/posts"}],"about":[{"href":"https:\/\/www.rwg-bayreuth.de\/home\/index.php?rest_route=\/wp\/v2\/types\/post"}],"author":[{"embeddable":true,"href":"https:\/\/www.rwg-bayreuth.de\/home\/index.php?rest_route=\/wp\/v2\/users\/2"}],"replies":[{"embeddable":true,"href":"https:\/\/www.rwg-bayreuth.de\/home\/index.php?rest_route=%2Fwp%2Fv2%2Fcomments&post=8368"}],"version-history":[{"count":3,"href":"https:\/\/www.rwg-bayreuth.de\/home\/index.php?rest_route=\/wp\/v2\/posts\/8368\/revisions"}],"predecessor-version":[{"id":8378,"href":"https:\/\/www.rwg-bayreuth.de\/home\/index.php?rest_route=\/wp\/v2\/posts\/8368\/revisions\/8378"}],"wp:attachment":[{"href":"https:\/\/www.rwg-bayreuth.de\/home\/index.php?rest_route=%2Fwp%2Fv2%2Fmedia&parent=8368"}],"wp:term":[{"taxonomy":"category","embeddable":true,"href":"https:\/\/www.rwg-bayreuth.de\/home\/index.php?rest_route=%2Fwp%2Fv2%2Fcategories&post=8368"},{"taxonomy":"post_tag","embeddable":true,"href":"https:\/\/www.rwg-bayreuth.de\/home\/index.php?rest_route=%2Fwp%2Fv2%2Ftags&post=8368"}],"curies":[{"name":"wp","href":"https:\/\/api.w.org\/{rel}","templated":true}]}}