{"id":8361,"date":"2015-11-01T10:58:07","date_gmt":"2015-11-01T09:58:07","guid":{"rendered":"http:\/\/www.rwg-bayreuth.de\/home\/?page_id=8361"},"modified":"2017-02-08T16:34:17","modified_gmt":"2017-02-08T15:34:17","slug":"plakataktion-gegen-die-naturzerstoerung","status":"publish","type":"post","link":"https:\/\/www.rwg-bayreuth.de\/home\/?p=8361","title":{"rendered":"Plakataktion gegen die Naturzerst\u00f6rung"},"content":{"rendered":"<div id=\"attachment_8362\" style=\"width: 360px\" class=\"wp-caption alignleft\"><a href=\"https:\/\/www.rwg-bayreuth.de\/home\/wp-content\/uploads\/2015\/11\/2015_RWG_Aktion-Baum_web.jpg\"><img loading=\"lazy\" decoding=\"async\" aria-describedby=\"caption-attachment-8362\" src=\"https:\/\/www.rwg-bayreuth.de\/home\/wp-content\/uploads\/2015\/11\/2015_RWG_Aktion-Baum_web.jpg\" alt=\"Die Sch\u00fcler pr\u00e4sentierten ihre Baum-Plakate.\" width=\"350\" height=\"248\" class=\"size-full wp-image-8362\" srcset=\"https:\/\/www.rwg-bayreuth.de\/home\/wp-content\/uploads\/2015\/11\/2015_RWG_Aktion-Baum_web.jpg 350w, https:\/\/www.rwg-bayreuth.de\/home\/wp-content\/uploads\/2015\/11\/2015_RWG_Aktion-Baum_web-150x106.jpg 150w, https:\/\/www.rwg-bayreuth.de\/home\/wp-content\/uploads\/2015\/11\/2015_RWG_Aktion-Baum_web-300x213.jpg 300w, https:\/\/www.rwg-bayreuth.de\/home\/wp-content\/uploads\/2015\/11\/2015_RWG_Aktion-Baum_web-250x177.jpg 250w\" sizes=\"(max-width: 350px) 100vw, 350px\" \/><\/a><p id=\"caption-attachment-8362\" class=\"wp-caption-text\">Die Sch\u00fcler pr\u00e4sentierten ihre Baum-Plakate.<\/p><\/div>\n<p>Die W\u00fcrde und die Rechte von Kindern in armen L\u00e4ndern sind durch die Zerst\u00f6rung der Natur bedroht. Darauf machte eine Pausenaktion unserer Sch\u00fcler aufmerksam.<\/p>\n<p>In Zusammenarbeit mit Plan International Deutschland e.V. gestalteten Sch\u00fcler des RWG eine Aktion, in der sie auf die gro\u00dfen Herausforderungen f\u00fcr die Menschheit aufgrund lebensbedrohlicher Umweltkatastrophen und deren Auswirkungen auf das Klima hinweisen wollten.<\/p>\n<p>Mittels selbstgemalter Baumplakate sollte die Abh\u00e4ngigkeit der Lebensgrundlagen aller Menschen von der Natur verdeutlicht werden. Folgen ver\u00e4nderter Rahmenbedingungen aufgrund eines verantwortungslosen Umgangs mit der Umwelt sind unter anderem Ernteausf\u00e4lle, Wasserknappheit, Mangelern\u00e4hrung und Krankheit. Besonders betroffen sind die Kinder, deren Zukunftschancen durch diese Probleme stark eingeschr\u00e4nkt werden.<\/p>\n<p>Mit ihrer Aktion wollen die Sch\u00fcler sich f\u00fcr eine dauerhafte Verbesserung der Lebensbedingungen der M\u00e4dchen und Jungen in armen L\u00e4ndern einsetzen.<\/p>\n","protected":false},"excerpt":{"rendered":"<p>Die W\u00fcrde und die Rechte von Kindern in armen L\u00e4ndern sind durch die Zerst\u00f6rung der Natur bedroht. Darauf machte eine Pausenaktion unserer Sch\u00fcler aufmerksam. In Zusammenarbeit mit Plan International Deutschland e.V. gestalteten Sch\u00fcler des RWG eine Aktion, in der sie auf die gro\u00dfen Herausforderungen f\u00fcr die Menschheit aufgrund lebensbedrohlicher Umweltkatastrophen und deren Auswirkungen auf das&hellip;<\/p>\n","protected":false},"author":2,"featured_media":0,"comment_status":"closed","ping_status":"closed","sticky":false,"template":"","format":"standard","meta":{"footnotes":""},"categories":[1],"tags":[],"_links":{"self":[{"href":"https:\/\/www.rwg-bayreuth.de\/home\/index.php?rest_route=\/wp\/v2\/posts\/8361"}],"collection":[{"href":"https:\/\/www.rwg-bayreuth.de\/home\/index.php?rest_route=\/wp\/v2\/posts"}],"about":[{"href":"https:\/\/www.rwg-bayreuth.de\/home\/index.php?rest_route=\/wp\/v2\/types\/post"}],"author":[{"embeddable":true,"href":"https:\/\/www.rwg-bayreuth.de\/home\/index.php?rest_route=\/wp\/v2\/users\/2"}],"replies":[{"embeddable":true,"href":"https:\/\/www.rwg-bayreuth.de\/home\/index.php?rest_route=%2Fwp%2Fv2%2Fcomments&post=8361"}],"version-history":[{"count":1,"href":"https:\/\/www.rwg-bayreuth.de\/home\/index.php?rest_route=\/wp\/v2\/posts\/8361\/revisions"}],"predecessor-version":[{"id":8363,"href":"https:\/\/www.rwg-bayreuth.de\/home\/index.php?rest_route=\/wp\/v2\/posts\/8361\/revisions\/8363"}],"wp:attachment":[{"href":"https:\/\/www.rwg-bayreuth.de\/home\/index.php?rest_route=%2Fwp%2Fv2%2Fmedia&parent=8361"}],"wp:term":[{"taxonomy":"category","embeddable":true,"href":"https:\/\/www.rwg-bayreuth.de\/home\/index.php?rest_route=%2Fwp%2Fv2%2Fcategories&post=8361"},{"taxonomy":"post_tag","embeddable":true,"href":"https:\/\/www.rwg-bayreuth.de\/home\/index.php?rest_route=%2Fwp%2Fv2%2Ftags&post=8361"}],"curies":[{"name":"wp","href":"https:\/\/api.w.org\/{rel}","templated":true}]}}