{"id":8250,"date":"2015-10-18T11:11:11","date_gmt":"2015-10-18T09:11:11","guid":{"rendered":"http:\/\/www.rwg-bayreuth.de\/home\/?page_id=8250"},"modified":"2017-02-08T16:30:55","modified_gmt":"2017-02-08T15:30:55","slug":"abi-pure-in-nuernberg-2","status":"publish","type":"post","link":"https:\/\/www.rwg-bayreuth.de\/home\/?p=8250","title":{"rendered":"Abi pure in N\u00fcrnberg"},"content":{"rendered":"<div id=\"attachment_8246\" style=\"width: 360px\" class=\"wp-caption alignleft\"><a href=\"https:\/\/www.rwg-bayreuth.de\/home\/wp-content\/uploads\/2015\/10\/2015_16_Berufsmesse1_web.jpg\"><img loading=\"lazy\" decoding=\"async\" aria-describedby=\"caption-attachment-8246\" src=\"https:\/\/www.rwg-bayreuth.de\/home\/wp-content\/uploads\/2015\/10\/2015_16_Berufsmesse1_web.jpg\" alt=\"Die Q11 konnte sich bei namhaften Firmen informieren.\" width=\"350\" height=\"245\" class=\"size-full wp-image-8246\" srcset=\"https:\/\/www.rwg-bayreuth.de\/home\/wp-content\/uploads\/2015\/10\/2015_16_Berufsmesse1_web.jpg 350w, https:\/\/www.rwg-bayreuth.de\/home\/wp-content\/uploads\/2015\/10\/2015_16_Berufsmesse1_web-150x105.jpg 150w, https:\/\/www.rwg-bayreuth.de\/home\/wp-content\/uploads\/2015\/10\/2015_16_Berufsmesse1_web-300x210.jpg 300w, https:\/\/www.rwg-bayreuth.de\/home\/wp-content\/uploads\/2015\/10\/2015_16_Berufsmesse1_web-250x175.jpg 250w\" sizes=\"(max-width: 350px) 100vw, 350px\" \/><\/a><p id=\"caption-attachment-8246\" class=\"wp-caption-text\">Die Q11 konnte sich bei namhaften Firmen informieren.<\/p><\/div>\n<p>Im Rahmen der BuS-Phase im 1. Halbjahr besuchte die Q11 die abi-pure-Messe auf dem N\u00fcrnberger Messegel\u00e4nde.<\/p>\n<p>Dort informieren Universit\u00e4ten, Fachhochschulen (z.B. die FAU Erlangen-N\u00fcrnberg und die FHM in N\u00fcrnberg und Bamberg) sowie Unternehmen, beispielsweise die AOK \u00fcber Studien- und Ausbildungsm\u00f6glichkeiten f\u00fcr Sch\u00fclerInnen. So gab es die M\u00f6glichkeit, sich einen \u00dcberblick \u00fcber Zugangsvoraussetzungen und Inhalte von Studieng\u00e4ngen und Ausbildungen zu verschaffen. Au\u00dferdem wurden die Teilnehmer von den jeweiligen Anbietern \u00fcber die Berufsfelder und Weiterbildungsm\u00f6glichkeiten informiert. Zus\u00e4tzlich dazu wurden Vortr\u00e4ge zu Themen wie Bewerbung, Duales Studium und Einstiegsm\u00f6glichkeiten in verschiedene Unternehmen angeboten, wobei es die M\u00f6glichkeit gab, Fragen an die Referenten zu stellen.<\/p>\n<p>Zur Vorbereitung des Messebesuchs war geplant worden, an welchen St\u00e4nden man sich genauer \u00fcber bestimmte Themenbereiche informieren wollte und es wurden vorab Fragen notiert, die zu kl\u00e4ren waren. Die Universit\u00e4ten und Fachhochschulen verschafften Einblicke in ihre Studieng\u00e4nge, deren Fachrichtungen, Schwerpunkte und, falls vorhanden, die jeweiligen Zulassungsbeschr\u00e4nkungen. Auf diese Weise konnte jeder erfahren, welche Berufsfelder mit den Studienabschl\u00fcssen zu erreichen sind und welche Chancen man auf eine Stelle hat. Unternehmen aus Bereichen wie Wirtschaft, Handwerk oder Soziales informierten \u00fcber Ausbildungen, Ein- und Aufstiegsm\u00f6glichkeiten und den aktuellen Stellenmarkt.<\/p>\n<div id=\"attachment_8247\" style=\"width: 360px\" class=\"wp-caption alignright\"><a href=\"https:\/\/www.rwg-bayreuth.de\/home\/wp-content\/uploads\/2015\/10\/2015_16_Berufsmesse2_web.jpg\"><img loading=\"lazy\" decoding=\"async\" aria-describedby=\"caption-attachment-8247\" src=\"https:\/\/www.rwg-bayreuth.de\/home\/wp-content\/uploads\/2015\/10\/2015_16_Berufsmesse2_web.jpg\" alt=\"Auch die Hochschulen waren vertreten.\" width=\"350\" height=\"244\" class=\"size-full wp-image-8247\" srcset=\"https:\/\/www.rwg-bayreuth.de\/home\/wp-content\/uploads\/2015\/10\/2015_16_Berufsmesse2_web.jpg 350w, https:\/\/www.rwg-bayreuth.de\/home\/wp-content\/uploads\/2015\/10\/2015_16_Berufsmesse2_web-150x105.jpg 150w, https:\/\/www.rwg-bayreuth.de\/home\/wp-content\/uploads\/2015\/10\/2015_16_Berufsmesse2_web-300x209.jpg 300w, https:\/\/www.rwg-bayreuth.de\/home\/wp-content\/uploads\/2015\/10\/2015_16_Berufsmesse2_web-250x174.jpg 250w\" sizes=\"(max-width: 350px) 100vw, 350px\" \/><\/a><p id=\"caption-attachment-8247\" class=\"wp-caption-text\">Auch die Hochschulen waren vertreten.<\/p><\/div>\n<p>Durch schriftliches Infomaterial mit Kontaktdaten, Internetauftritten und weiteren Informationstagen hat nun jeder die M\u00f6glichkeit, sich noch genauer mit dem Thema zu besch\u00e4ftigen und selbst weitere Informationen einzuholen. Die Pausenzeiten wurden genutzt, um die Antworten auf Fragen an die Anbieter beziehungsweise Referenten festzuhalten und Fragen zu notieren, die noch offen waren. <\/p>\n<p>Insgesamt war die abi-pure-Messe sehr aufschlussreich. Alle erfuhren viel Neues und offene Fragen \u00fcber Beruf und Zukunft wurden durch Informationen der unterschiedlichen Referenten und Anbieter gekl\u00e4rt. Es wurde umfassend informiert, sodass sich jeder ein genaues Bild der Berufe machen konnte, um festzustellen, ob man diese Berufsrichtung sp\u00e4ter anstreben m\u00f6chte. <\/p>\n<p><em>Hannah Rodler, Q11 <\/em> <\/p>\n","protected":false},"excerpt":{"rendered":"<p>Im Rahmen der BuS-Phase im 1. Halbjahr besuchte die Q11 die abi-pure-Messe auf dem N\u00fcrnberger Messegel\u00e4nde. Dort informieren Universit\u00e4ten, Fachhochschulen (z.B. die FAU Erlangen-N\u00fcrnberg und die FHM in N\u00fcrnberg und Bamberg) sowie Unternehmen, beispielsweise die AOK \u00fcber Studien- und Ausbildungsm\u00f6glichkeiten f\u00fcr Sch\u00fclerInnen. So gab es die M\u00f6glichkeit, sich einen \u00dcberblick \u00fcber Zugangsvoraussetzungen und Inhalte von&hellip;<\/p>\n","protected":false},"author":2,"featured_media":0,"comment_status":"closed","ping_status":"closed","sticky":false,"template":"","format":"standard","meta":{"footnotes":""},"categories":[1],"tags":[],"_links":{"self":[{"href":"https:\/\/www.rwg-bayreuth.de\/home\/index.php?rest_route=\/wp\/v2\/posts\/8250"}],"collection":[{"href":"https:\/\/www.rwg-bayreuth.de\/home\/index.php?rest_route=\/wp\/v2\/posts"}],"about":[{"href":"https:\/\/www.rwg-bayreuth.de\/home\/index.php?rest_route=\/wp\/v2\/types\/post"}],"author":[{"embeddable":true,"href":"https:\/\/www.rwg-bayreuth.de\/home\/index.php?rest_route=\/wp\/v2\/users\/2"}],"replies":[{"embeddable":true,"href":"https:\/\/www.rwg-bayreuth.de\/home\/index.php?rest_route=%2Fwp%2Fv2%2Fcomments&post=8250"}],"version-history":[{"count":2,"href":"https:\/\/www.rwg-bayreuth.de\/home\/index.php?rest_route=\/wp\/v2\/posts\/8250\/revisions"}],"predecessor-version":[{"id":8252,"href":"https:\/\/www.rwg-bayreuth.de\/home\/index.php?rest_route=\/wp\/v2\/posts\/8250\/revisions\/8252"}],"wp:attachment":[{"href":"https:\/\/www.rwg-bayreuth.de\/home\/index.php?rest_route=%2Fwp%2Fv2%2Fmedia&parent=8250"}],"wp:term":[{"taxonomy":"category","embeddable":true,"href":"https:\/\/www.rwg-bayreuth.de\/home\/index.php?rest_route=%2Fwp%2Fv2%2Fcategories&post=8250"},{"taxonomy":"post_tag","embeddable":true,"href":"https:\/\/www.rwg-bayreuth.de\/home\/index.php?rest_route=%2Fwp%2Fv2%2Ftags&post=8250"}],"curies":[{"name":"wp","href":"https:\/\/api.w.org\/{rel}","templated":true}]}}