{"id":8230,"date":"2015-10-16T08:05:19","date_gmt":"2015-10-16T06:05:19","guid":{"rendered":"http:\/\/www.rwg-bayreuth.de\/home\/?page_id=8230"},"modified":"2017-02-08T16:31:07","modified_gmt":"2017-02-08T15:31:07","slug":"8230-2","status":"publish","type":"post","link":"https:\/\/www.rwg-bayreuth.de\/home\/?p=8230","title":{"rendered":"Kennenlernen im Schullandheim"},"content":{"rendered":"<div id=\"attachment_8231\" style=\"width: 360px\" class=\"wp-caption alignleft\"><a href=\"https:\/\/www.rwg-bayreuth.de\/home\/wp-content\/uploads\/2015\/10\/2015-16_Schullandheim_5a_web.jpg\"><img loading=\"lazy\" decoding=\"async\" aria-describedby=\"caption-attachment-8231\" src=\"https:\/\/www.rwg-bayreuth.de\/home\/wp-content\/uploads\/2015\/10\/2015-16_Schullandheim_5a_web.jpg\" alt=\"Die Klasse 5a unternahm eine Herbstwanderung\" width=\"350\" height=\"233\" class=\"size-full wp-image-8231\" srcset=\"https:\/\/www.rwg-bayreuth.de\/home\/wp-content\/uploads\/2015\/10\/2015-16_Schullandheim_5a_web.jpg 350w, https:\/\/www.rwg-bayreuth.de\/home\/wp-content\/uploads\/2015\/10\/2015-16_Schullandheim_5a_web-150x100.jpg 150w, https:\/\/www.rwg-bayreuth.de\/home\/wp-content\/uploads\/2015\/10\/2015-16_Schullandheim_5a_web-300x200.jpg 300w, https:\/\/www.rwg-bayreuth.de\/home\/wp-content\/uploads\/2015\/10\/2015-16_Schullandheim_5a_web-250x166.jpg 250w\" sizes=\"(max-width: 350px) 100vw, 350px\" \/><\/a><p id=\"caption-attachment-8231\" class=\"wp-caption-text\">Die Klasse 5a unternahm eine Herbstwanderung<\/p><\/div>\n<p>Interessante Tage verlebten die Klassen 5a und 5d im Schullandheim.<\/p>\n<p>Statt ins Fichtelgebirge ging es in die Ha\u00dfberge. Nachdem das Schullandheim in Wei\u00dfenstadt unerwartet nicht zur Verf\u00fcgung stand, musste schnell Ersatz gefunden werden. Mit dem CVJM-Haus in Altenstadt n\u00f6rdlich von Ebern wurde eine sch\u00f6ne Unterkunft gefunden, in der sich alle wohlf\u00fchlten und eine gute Verpflegung erhielten. Es konnte auch eine muntere Wanderung durch die herbstlichen W\u00e4lder der Umgebung von Altenstein unternommen werden. <\/p>\n<p>Nat\u00fcrlich wurde auch etwas gelernt: Damit alles am Gymnasium glatt l\u00e4uft, gab es Lerntipps aus dem Munde des Beratungslehrers, Herrn Kockler. Wichtig waren aber auch Spa\u00df,  Spiel und Sport, denn schlie\u00dflich sollten sich die Sch\u00fcler der neu zusammengew\u00fcrfelten Klassen gegenseitig kennenlernen. Dabei halfen die Tutoren, die sich um die neuen F\u00fcnftkl\u00e4ssler k\u00fcmmern sollen und dies mit viel Freude taten.<\/p>\n<p>F\u00fcr die Klassen 5b und 5c geht es von Montag, 26.10. bis Mittwoch, 28.10., ab nach Altenstein.<\/p>\n","protected":false},"excerpt":{"rendered":"<p>Interessante Tage verlebten die Klassen 5a und 5d im Schullandheim. Statt ins Fichtelgebirge ging es in die Ha\u00dfberge. Nachdem das Schullandheim in Wei\u00dfenstadt unerwartet nicht zur Verf\u00fcgung stand, musste schnell Ersatz gefunden werden. Mit dem CVJM-Haus in Altenstadt n\u00f6rdlich von Ebern wurde eine sch\u00f6ne Unterkunft gefunden, in der sich alle wohlf\u00fchlten und eine gute Verpflegung&hellip;<\/p>\n","protected":false},"author":2,"featured_media":0,"comment_status":"closed","ping_status":"closed","sticky":false,"template":"","format":"standard","meta":{"footnotes":""},"categories":[1],"tags":[],"_links":{"self":[{"href":"https:\/\/www.rwg-bayreuth.de\/home\/index.php?rest_route=\/wp\/v2\/posts\/8230"}],"collection":[{"href":"https:\/\/www.rwg-bayreuth.de\/home\/index.php?rest_route=\/wp\/v2\/posts"}],"about":[{"href":"https:\/\/www.rwg-bayreuth.de\/home\/index.php?rest_route=\/wp\/v2\/types\/post"}],"author":[{"embeddable":true,"href":"https:\/\/www.rwg-bayreuth.de\/home\/index.php?rest_route=\/wp\/v2\/users\/2"}],"replies":[{"embeddable":true,"href":"https:\/\/www.rwg-bayreuth.de\/home\/index.php?rest_route=%2Fwp%2Fv2%2Fcomments&post=8230"}],"version-history":[{"count":4,"href":"https:\/\/www.rwg-bayreuth.de\/home\/index.php?rest_route=\/wp\/v2\/posts\/8230\/revisions"}],"predecessor-version":[{"id":8238,"href":"https:\/\/www.rwg-bayreuth.de\/home\/index.php?rest_route=\/wp\/v2\/posts\/8230\/revisions\/8238"}],"wp:attachment":[{"href":"https:\/\/www.rwg-bayreuth.de\/home\/index.php?rest_route=%2Fwp%2Fv2%2Fmedia&parent=8230"}],"wp:term":[{"taxonomy":"category","embeddable":true,"href":"https:\/\/www.rwg-bayreuth.de\/home\/index.php?rest_route=%2Fwp%2Fv2%2Fcategories&post=8230"},{"taxonomy":"post_tag","embeddable":true,"href":"https:\/\/www.rwg-bayreuth.de\/home\/index.php?rest_route=%2Fwp%2Fv2%2Ftags&post=8230"}],"curies":[{"name":"wp","href":"https:\/\/api.w.org\/{rel}","templated":true}]}}