{"id":8206,"date":"2015-10-12T23:04:48","date_gmt":"2015-10-12T21:04:48","guid":{"rendered":"http:\/\/www.rwg-bayreuth.de\/home\/?page_id=8206"},"modified":"2017-03-05T22:05:47","modified_gmt":"2017-03-05T21:05:47","slug":"ein-meilenstein-fuer-die-schule-und-die-bildung-2","status":"publish","type":"post","link":"https:\/\/www.rwg-bayreuth.de\/home\/?p=8206","title":{"rendered":"Ein Meilenstein f\u00fcr die Schule und die Bildung"},"content":{"rendered":"<div id=\"attachment_8207\" style=\"width: 360px\" class=\"wp-caption alignleft\"><a href=\"https:\/\/www.rwg-bayreuth.de\/home\/wp-content\/uploads\/2015\/10\/2015_SWG_Festakt1_web.jpg\"><img loading=\"lazy\" decoding=\"async\" aria-describedby=\"caption-attachment-8207\" src=\"https:\/\/www.rwg-bayreuth.de\/home\/wp-content\/uploads\/2015\/10\/2015_SWG_Festakt1_web.jpg\" alt=\"Ein Schulzweig feiert Jubil\u00e4um - 50 Jahre SWG.\" width=\"350\" height=\"240\" class=\"size-full wp-image-8207\" srcset=\"https:\/\/www.rwg-bayreuth.de\/home\/wp-content\/uploads\/2015\/10\/2015_SWG_Festakt1_web.jpg 350w, https:\/\/www.rwg-bayreuth.de\/home\/wp-content\/uploads\/2015\/10\/2015_SWG_Festakt1_web-150x103.jpg 150w, https:\/\/www.rwg-bayreuth.de\/home\/wp-content\/uploads\/2015\/10\/2015_SWG_Festakt1_web-300x206.jpg 300w, https:\/\/www.rwg-bayreuth.de\/home\/wp-content\/uploads\/2015\/10\/2015_SWG_Festakt1_web-250x171.jpg 250w\" sizes=\"(max-width: 350px) 100vw, 350px\" \/><\/a><p id=\"caption-attachment-8207\" class=\"wp-caption-text\">Ein Schulzweig feiert Jubil\u00e4um &#8211; 50 Jahre SWG.<\/p><\/div>\n<p>Sein 50-j\u00e4hriges Bestehen feierte der sozialwissenschaftliche Schulzweig unserer Schule. Er war 1965 gegr\u00fcndet worden. Bei dem Festakt in der Aula wurde dies als wichtiger Meilenstein in der Schulentwicklung und richtungsweisend f\u00fcr die Bildungslandschaft insgesamt gew\u00fcrdigt.<\/p>\n<p>In ihrer Ansprache stellte Schulleiterin Ursula Graf heraus, dass unsere Schule eine von 27 Gymnasien in Bayern gewesen sei, an denen ein SWG-Zweig eingerichtet wurde. Dies sei eine \u201ezukunftsorientierte Entscheidung\u201c gewesen, denn die politisch-soziale Bildung sei auf eine sichere Wissensbasis gestellt worden, um den Sch\u00fclern Wertma\u00dfst\u00e4be zu geben und ihre Urteilsf\u00e4higkeit zu verbessern. <\/p>\n<div id=\"attachment_8208\" style=\"width: 160px\" class=\"wp-caption alignright\"><a href=\"https:\/\/www.rwg-bayreuth.de\/home\/wp-content\/uploads\/2015\/10\/2015_SWG_Festakt_Graf_web.jpg\"><img loading=\"lazy\" decoding=\"async\" aria-describedby=\"caption-attachment-8208\" src=\"https:\/\/www.rwg-bayreuth.de\/home\/wp-content\/uploads\/2015\/10\/2015_SWG_Festakt_Graf_web.jpg\" alt=\"Schulleiterin Ursula Graf begr\u00fc\u00dfte die G\u00e4ste.\" width=\"150\" height=\"263\" class=\"size-full wp-image-8208\" srcset=\"https:\/\/www.rwg-bayreuth.de\/home\/wp-content\/uploads\/2015\/10\/2015_SWG_Festakt_Graf_web.jpg 150w, https:\/\/www.rwg-bayreuth.de\/home\/wp-content\/uploads\/2015\/10\/2015_SWG_Festakt_Graf_web-86x150.jpg 86w\" sizes=\"(max-width: 150px) 100vw, 150px\" \/><\/a><p id=\"caption-attachment-8208\" class=\"wp-caption-text\">Schulleiterin Ursula Graf<br \/>\n begr\u00fc\u00dfte die G\u00e4ste.<\/p><\/div>\n<p>Besonders erfreut zeigte sie sich, dass dies auch ein wichtiger Beitrag zur M\u00e4dchenbildung gewesen sei, was man nicht zuletzt daran ablesen k\u00f6nne, dass zahlreiche Frauen unter den Festg\u00e4sten als Absolventen des SWG-Zweiges in f\u00fchrende Positionen gefunden h\u00e4tten. \u201eWir feiern einen lebendigen Schulzweig, der die Schule pr\u00e4gt,\u201c sagte sie.<\/p>\n<p>Die Fachbetreuerin f\u00fcr Sozialkunde, Sandra Reim, stie\u00df in ihrer Jubil\u00e4umsrede ins gleiche Horn. Sie erinnerte daran, dass bei der Gr\u00fcndung der Sozialwissenschaftlichen Gymnasien eigentlich daran gedacht gewesen sei, M\u00e4dchen eine Bildung angedeihen zu lassen, die sich mit dem deckte, was man damals f\u00fcr \u201eihrem Wesen angemessen\u201c hielt, n\u00e4mlich die Vorbereitung f\u00fcr ihre Rolle im Haushalt und in sozialen Berufen. Deshalb machte schnell das b\u00f6se Wort vom \u201eKochabitur\u201c die Runde. <\/p>\n<div id=\"attachment_8209\" style=\"width: 160px\" class=\"wp-caption alignleft\"><a href=\"https:\/\/www.rwg-bayreuth.de\/home\/wp-content\/uploads\/2015\/10\/2015_SWG_Festakt_Reim_web.jpg\"><img loading=\"lazy\" decoding=\"async\" aria-describedby=\"caption-attachment-8209\" src=\"https:\/\/www.rwg-bayreuth.de\/home\/wp-content\/uploads\/2015\/10\/2015_SWG_Festakt_Reim_web.jpg\" alt=\"Sandra Reim hielt die Jubil\u00e4umsrede.\" width=\"150\" height=\"236\" class=\"size-full wp-image-8209\" srcset=\"https:\/\/www.rwg-bayreuth.de\/home\/wp-content\/uploads\/2015\/10\/2015_SWG_Festakt_Reim_web.jpg 150w, https:\/\/www.rwg-bayreuth.de\/home\/wp-content\/uploads\/2015\/10\/2015_SWG_Festakt_Reim_web-95x150.jpg 95w\" sizes=\"(max-width: 150px) 100vw, 150px\" \/><\/a><p id=\"caption-attachment-8209\" class=\"wp-caption-text\">Sandra Reim hielt<br \/>\ndie Jubil\u00e4umsrede.<\/p><\/div>\n<p>Interessanterweise sei der Gedanke aber in die Zeit der 60er Jahre hineingeboren worden, als eine allgemeine Politisierung der Gesellschaft um sich griff. Die Hauswirtschaft r\u00fcckte schnell hinter die Sozialkunde zur\u00fcck. Doch auch in anderer Hinsicht habe das Sozialwissenschaftliche Gymnasium die Bildungslandschaft ver\u00e4ndert: So sei es selbst unter der urspr\u00fcnglichen Zielsetzung ein wichtiger Schritt gewesen, Familien \u00fcberhaupt dazu anzuhalten, ihre T\u00f6chter auf eine h\u00f6here Schule zu schicken. Schlie\u00dflich seien auch Unterrichtsformen wie das Praktikum, das Debattieren, die Projektarbeit oder das Lernen in Exkursionen au\u00dferhalb der Schule aus dem sozialwissenschaftlichen Unterricht hervorgegangen. \u201eAll dies macht das SWG zum bildungspolitischen Vorreiter\u201c, sagte Reim.<\/p>\n<p>Durch die \u00d6ffnung des SWG f\u00fcr Jungen sei es l\u00e4ngst losgel\u00f6st von der urspr\u00fcnglichen Idee, der M\u00e4dchenbildung einen besonderen Impuls zu geben. \u201eWerteorientiertes Handeln, Pers\u00f6nlichkeitsentfaltung, eine kritische Argumentationsf\u00e4higkeit, eine politische Bewusstseinsbildung &#8211; das sind wichtige Lernbereiche f\u00fcr alle Sch\u00fcler\u201c, so Reim.<\/p>\n<p>Als Gastrednerin bekannte sich Oberb\u00fcrgermeisterin Brigitte Merk-Erbe als RWGlerin: \u201eDiese Schule ist meine Schule\u201c, sagte sie. \u201eMit ihr verbinde ich viele Erinnerungen und Geschichten.\u201c Nicht zu verkennen sei, dass sich seitdem vieles am RWG ver\u00e4ndert habe: Es gebe erstmalig eine Frau an der Spitze, die spezielle F\u00f6rderung in den MINT-F\u00e4chern und schlie\u00dflich auch die Entwicklung des SWG-Zweiges von einem speziellen M\u00e4dchenzweig zu einem modernen Schulzweig, der ausgezeichnet f\u00fcr den Beruf vorbereite, besondere Kompetenzen im sozialen Bereich vermittle und durch die Praktika Einblick in die Alltagsrealit\u00e4ten der Gesellschaft vermittle. <\/p>\n<p>Einer der f\u00fcr die Schule dabei wichtigen Kooperationspartner ist die Diakonie Bayreuth. Ihr Gesch\u00e4ftsf\u00fchrer, Dr. Franz Sedlak, betonte, wie wichtig auch ihm die nunmehr schon fast 10-j\u00e4hrige Kooperation sei und w\u00fcrdigte Projekte wie den Spendenlauf  f\u00fcr das Heilp\u00e4dadgogische Zentrum, Konzerte in den Seniorenheimen der Diakonie oder Kunstprojekte mit \u00e4lteren Menschen als besonders wertvoll. Er gab auch zu bedenken, dass soziale Kompetenz das in unserer Gesellschaft hoch gehaltene Prima des \u00d6konomischen um die Dimension des ethisch Verantwortbaren bereichere.<\/p>\n<p>Musikalisch umrahmt wurde die Feier mit verschiedenen Soloauftritten unserer Sch\u00fcler. Ihren Abschluss fand der Festakt an einem von den SWG-Sch\u00fclern vorbereiteten B\u00fcffet in der Pausenhalle, denn, so Schulleiterin Graf, \u201edie soziale Kompetenz zeigt sich im gemeinsamen Feiern.\u201c<\/p>\n<p>Beim Festakt gab es auch ein Podiumsgespr\u00e4ch \u00fcber das SWG <a href=\"https:\/\/www.rwg-bayreuth.de\/home\/?page_id=8193\">[mehr&#8230;]<\/a><\/p>\n","protected":false},"excerpt":{"rendered":"<p>Sein 50-j\u00e4hriges Bestehen feierte der sozialwissenschaftliche Schulzweig unserer Schule. Er war 1965 gegr\u00fcndet worden. Bei dem Festakt in der Aula wurde dies als wichtiger Meilenstein in der Schulentwicklung und richtungsweisend f\u00fcr die Bildungslandschaft insgesamt gew\u00fcrdigt. In ihrer Ansprache stellte Schulleiterin Ursula Graf heraus, dass unsere Schule eine von 27 Gymnasien in Bayern gewesen sei, an&hellip;<\/p>\n","protected":false},"author":2,"featured_media":0,"comment_status":"closed","ping_status":"closed","sticky":false,"template":"","format":"standard","meta":{"footnotes":""},"categories":[33,1],"tags":[],"_links":{"self":[{"href":"https:\/\/www.rwg-bayreuth.de\/home\/index.php?rest_route=\/wp\/v2\/posts\/8206"}],"collection":[{"href":"https:\/\/www.rwg-bayreuth.de\/home\/index.php?rest_route=\/wp\/v2\/posts"}],"about":[{"href":"https:\/\/www.rwg-bayreuth.de\/home\/index.php?rest_route=\/wp\/v2\/types\/post"}],"author":[{"embeddable":true,"href":"https:\/\/www.rwg-bayreuth.de\/home\/index.php?rest_route=\/wp\/v2\/users\/2"}],"replies":[{"embeddable":true,"href":"https:\/\/www.rwg-bayreuth.de\/home\/index.php?rest_route=%2Fwp%2Fv2%2Fcomments&post=8206"}],"version-history":[{"count":3,"href":"https:\/\/www.rwg-bayreuth.de\/home\/index.php?rest_route=\/wp\/v2\/posts\/8206\/revisions"}],"predecessor-version":[{"id":8212,"href":"https:\/\/www.rwg-bayreuth.de\/home\/index.php?rest_route=\/wp\/v2\/posts\/8206\/revisions\/8212"}],"wp:attachment":[{"href":"https:\/\/www.rwg-bayreuth.de\/home\/index.php?rest_route=%2Fwp%2Fv2%2Fmedia&parent=8206"}],"wp:term":[{"taxonomy":"category","embeddable":true,"href":"https:\/\/www.rwg-bayreuth.de\/home\/index.php?rest_route=%2Fwp%2Fv2%2Fcategories&post=8206"},{"taxonomy":"post_tag","embeddable":true,"href":"https:\/\/www.rwg-bayreuth.de\/home\/index.php?rest_route=%2Fwp%2Fv2%2Ftags&post=8206"}],"curies":[{"name":"wp","href":"https:\/\/api.w.org\/{rel}","templated":true}]}}