{"id":8193,"date":"2015-10-12T22:57:08","date_gmt":"2015-10-12T20:57:08","guid":{"rendered":"http:\/\/www.rwg-bayreuth.de\/home\/?page_id=8193"},"modified":"2017-02-08T16:31:20","modified_gmt":"2017-02-08T15:31:20","slug":"der-sgw-zweig-war-ein-gluecksfall","status":"publish","type":"post","link":"https:\/\/www.rwg-bayreuth.de\/home\/?p=8193","title":{"rendered":"&#8222;Der SWG-Zweig war ein Gl\u00fccksfall.&#8220;"},"content":{"rendered":"<div id=\"attachment_8194\" style=\"width: 360px\" class=\"wp-caption alignleft\"><a href=\"https:\/\/www.rwg-bayreuth.de\/home\/wp-content\/uploads\/2015\/10\/2015_SWG_Festakt_Diskuss_web.jpg\"><img loading=\"lazy\" decoding=\"async\" aria-describedby=\"caption-attachment-8194\" src=\"https:\/\/www.rwg-bayreuth.de\/home\/wp-content\/uploads\/2015\/10\/2015_SWG_Festakt_Diskuss_web.jpg\" alt=\"Die Diskussionsteilnehmer sprachen \u00fcber ihre Erfahrungen mit dem SWG-Zweig.\" width=\"350\" height=\"204\" class=\"size-full wp-image-8194\" srcset=\"https:\/\/www.rwg-bayreuth.de\/home\/wp-content\/uploads\/2015\/10\/2015_SWG_Festakt_Diskuss_web.jpg 350w, https:\/\/www.rwg-bayreuth.de\/home\/wp-content\/uploads\/2015\/10\/2015_SWG_Festakt_Diskuss_web-150x87.jpg 150w, https:\/\/www.rwg-bayreuth.de\/home\/wp-content\/uploads\/2015\/10\/2015_SWG_Festakt_Diskuss_web-300x175.jpg 300w, https:\/\/www.rwg-bayreuth.de\/home\/wp-content\/uploads\/2015\/10\/2015_SWG_Festakt_Diskuss_web-250x146.jpg 250w\" sizes=\"(max-width: 350px) 100vw, 350px\" \/><\/a><p id=\"caption-attachment-8194\" class=\"wp-caption-text\">Die Diskussionsteilnehmer sprachen \u00fcber<br \/>\nihre Erfahrungen mit dem SWG-Zweig.<\/p><\/div>\n<p>In einem Podiumsgespr\u00e4ch erz\u00e4hlten geladene G\u00e4ste, wie sie zum RWG kamen und was sie vom SWG-Zweig halten. Es war Teil des Festaktes zum 50-j\u00e4hrigen Bestehen des SWG-Zweigs an unserer Schule.<\/p>\n<p>Auf bequemen, roten Sesseln hatten auf der B\u00fchne der Schulaula Oberb\u00fcrgermeisterin Brigitte Merk-Erbe, Landtagsabgeordnete Gudrun Brendel-Fischer, Stadtr\u00e4tin G\u00fclcin Sahin, Prof. Dr. Susanne Tittlbach von der Uni Bayreuth und Maximilian Wei\u00df, Studienreferendar am RWG Platz genommen. Sie hatten alle eines gemeinsam: ihre Vergangenheit als Sch\u00fcler im SWG-Zweig unserer Schule. Befragt wurden sie von Sophia Schwabe aus der Q12.<\/p>\n<div id=\"attachment_8196\" style=\"width: 360px\" class=\"wp-caption alignleft\"><a href=\"https:\/\/www.rwg-bayreuth.de\/home\/wp-content\/uploads\/2015\/10\/2015_SWG_Festakt_Diskuss1_web.jpg\"><img loading=\"lazy\" decoding=\"async\" aria-describedby=\"caption-attachment-8196\" src=\"https:\/\/www.rwg-bayreuth.de\/home\/wp-content\/uploads\/2015\/10\/2015_SWG_Festakt_Diskuss1_web.jpg\" alt=\"Prof. Dr Susanne Rettlbach, G\u00fclcin Sahin und Moderatorin Sophia Schwab.\" width=\"350\" height=\"222\" class=\"size-full wp-image-8196\" srcset=\"https:\/\/www.rwg-bayreuth.de\/home\/wp-content\/uploads\/2015\/10\/2015_SWG_Festakt_Diskuss1_web.jpg 350w, https:\/\/www.rwg-bayreuth.de\/home\/wp-content\/uploads\/2015\/10\/2015_SWG_Festakt_Diskuss1_web-150x95.jpg 150w, https:\/\/www.rwg-bayreuth.de\/home\/wp-content\/uploads\/2015\/10\/2015_SWG_Festakt_Diskuss1_web-300x190.jpg 300w, https:\/\/www.rwg-bayreuth.de\/home\/wp-content\/uploads\/2015\/10\/2015_SWG_Festakt_Diskuss1_web-250x159.jpg 250w\" sizes=\"(max-width: 350px) 100vw, 350px\" \/><\/a><p id=\"caption-attachment-8196\" class=\"wp-caption-text\">Prof. Dr Susanne Rettlbach, G\u00fclcin Sahin<br \/>\nund Moderatorin Sophia Schwab.<\/p><\/div>\n<p>Ob der Schulzweig bei der Schulwahl eine Rolle gespielt habe, wollte sie wissen. Es sei eine Elternentscheidung gewesen, gab Brigitte Merk-Erbe zu, w\u00e4hrend G\u00fclcin Sahin von einem \u201eGl\u00fccksfall\u201c sprach, dass sie \u00fcberhaupt aufs Gymnasium gedurft habe. Susanne Tittlbach gestand, dass ihre Mutter von der Schulk\u00fcche begeistert gewesen sei und meinte, sie selbst habe mehr die Biologie und die Chemie gereizt. Wie Gudrun Brendel-Fischer auch sagte sie, sie habe immer Spa\u00df und Freude an der Schule gehabt und ein gutes Grundwissen f\u00fcr sp\u00e4ter erhalten.<\/p>\n<p>Ob der Schulzweig Einfluss auf die sp\u00e4tere Berufswahl gehabt habe? Schon irgendwie, meinte Maximilian Wei\u00df und erz\u00e4hlte von seinen Praktikas in der Grundschule. Als Referendar sei er in diesem Berufsfeld h\u00e4ngen geblieben. G\u00fclcin Sahin sah auch einen Zusammenhang mit ihrer jetzigen T\u00e4tigkeit als Stadtr\u00e4tin: In den 80er Jahren habe sie sich am Wahlfach Politik und Zeitgeschichte beteiligt und die Ver\u00e4nderungen der 90er Jahre sehr bewusst miterlebt. Oberb\u00fcrgermeisterin Merk-Erbe erinnerte daran, dass sie sehr lange im Schuldienst t\u00e4tig gewesen sei und ihren Weg dorthin durchaus \u00fcber die SWG-Praktika gefunden habe. Aber auch die Auseinandersetzungen \u00fcber den Terrorismus in den 70er Jahren seien f\u00fcr sie pr\u00e4gend gewesen. Somit habe die Schule zwei f\u00fcr ihr Leben wichtige Grundsteine gelegt.<\/p>\n<div id=\"attachment_8198\" style=\"width: 360px\" class=\"wp-caption alignright\"><a href=\"https:\/\/www.rwg-bayreuth.de\/home\/wp-content\/uploads\/2015\/10\/2015_SWG_Festakt_Diskuss2_web.jpg\"><img loading=\"lazy\" decoding=\"async\" aria-describedby=\"caption-attachment-8198\" src=\"https:\/\/www.rwg-bayreuth.de\/home\/wp-content\/uploads\/2015\/10\/2015_SWG_Festakt_Diskuss2_web.jpg\" alt=\"Gudrun Brendel-Fischer, Brigitte Merk-Erbe und Maximilian Wei\u00df (v. links).\" width=\"350\" height=\"232\" class=\"size-full wp-image-8198\" srcset=\"https:\/\/www.rwg-bayreuth.de\/home\/wp-content\/uploads\/2015\/10\/2015_SWG_Festakt_Diskuss2_web.jpg 350w, https:\/\/www.rwg-bayreuth.de\/home\/wp-content\/uploads\/2015\/10\/2015_SWG_Festakt_Diskuss2_web-150x99.jpg 150w, https:\/\/www.rwg-bayreuth.de\/home\/wp-content\/uploads\/2015\/10\/2015_SWG_Festakt_Diskuss2_web-300x199.jpg 300w, https:\/\/www.rwg-bayreuth.de\/home\/wp-content\/uploads\/2015\/10\/2015_SWG_Festakt_Diskuss2_web-250x166.jpg 250w\" sizes=\"(max-width: 350px) 100vw, 350px\" \/><\/a><p id=\"caption-attachment-8198\" class=\"wp-caption-text\">Gudrun Brendel-Fischer, Brigitte Merk-Erbe<br \/>\nund Maximilian Wei\u00df (v. links).<\/p><\/div>\n<p>Und wie sei es mit den Jungs gewesen, die seit 1986 auch ans SWG d\u00fcrfen? \u201eIst nicht so verkehrt,\u201c meinte Maximilian Wei\u00df trocken. \u201eF\u00fcr uns M\u00e4dchen eine M\u00f6glichkeit, unsere sozialen Kompetenzen zu testen,\u201c witzelte G\u00fclcin Sahin. Einig waren sich alle, dass die Koedukation der Schule gut tue und aus dem heutigen Rollenverst\u00e4ndnis heraus zu begr\u00fc\u00dfen sei, dass auch Jungen sich mit sozialen Themen besch\u00e4ftigten.<\/p>\n<p>Sophia Schwabe als Moderatorin wollte auch in die Zukunft blicken: Welche Schwerpunkte mehr im Mittelpunkt des SWG-Zweiges stehen sollten, wollte sie von den Diskutanten wissen. \u201eOrientierung geben in einer Zeit, in der dies vielen Eltern zunehmend schwerer f\u00e4llt,\u201c schlug Gudrun Brendel-Fischer vor und: \u201eweniger Kopflastigkeit, mehr Alltagskompetenz.\u201c \u201eEiner Welt, die sozial immer k\u00e4lter wird, durch soziale Werte Richtung geben,\u201c war Brigitte Merk-Erbes Idee. \u201e\u00dcber Demokratie mehr Bescheid wissen, hingehen und mitmachen,\u201c sagte Maximilian Wei\u00df. \u201eDen Umgang mit den sozialen Medien nicht aus den Augen verlieren\u201c, verlangte G\u00fclcin Sahin. \u201eMehr Verkn\u00fcpfung von Theorie und Praxis\u201c, so Susanne Tittlbach. Das Publikum h\u00f6rte es und klatschte, denn es waren alles hehre Ziele. Was davon umgesetzt wird, muss die K\u00fcnftige Entwicklung des SWG-Zweiges zeigen.<\/p>\n<p><a href=\"https:\/\/www.rwg-bayreuth.de\/home\/?page_id=8206\">[zum Bericht vom Festakt&#8230;]<\/a><\/p>\n","protected":false},"excerpt":{"rendered":"<p>In einem Podiumsgespr\u00e4ch erz\u00e4hlten geladene G\u00e4ste, wie sie zum RWG kamen und was sie vom SWG-Zweig halten. Es war Teil des Festaktes zum 50-j\u00e4hrigen Bestehen des SWG-Zweigs an unserer Schule. Auf bequemen, roten Sesseln hatten auf der B\u00fchne der Schulaula Oberb\u00fcrgermeisterin Brigitte Merk-Erbe, Landtagsabgeordnete Gudrun Brendel-Fischer, Stadtr\u00e4tin G\u00fclcin Sahin, Prof. Dr. Susanne Tittlbach von der&hellip;<\/p>\n","protected":false},"author":2,"featured_media":0,"comment_status":"closed","ping_status":"closed","sticky":false,"template":"","format":"standard","meta":{"footnotes":""},"categories":[1],"tags":[],"_links":{"self":[{"href":"https:\/\/www.rwg-bayreuth.de\/home\/index.php?rest_route=\/wp\/v2\/posts\/8193"}],"collection":[{"href":"https:\/\/www.rwg-bayreuth.de\/home\/index.php?rest_route=\/wp\/v2\/posts"}],"about":[{"href":"https:\/\/www.rwg-bayreuth.de\/home\/index.php?rest_route=\/wp\/v2\/types\/post"}],"author":[{"embeddable":true,"href":"https:\/\/www.rwg-bayreuth.de\/home\/index.php?rest_route=\/wp\/v2\/users\/2"}],"replies":[{"embeddable":true,"href":"https:\/\/www.rwg-bayreuth.de\/home\/index.php?rest_route=%2Fwp%2Fv2%2Fcomments&post=8193"}],"version-history":[{"count":6,"href":"https:\/\/www.rwg-bayreuth.de\/home\/index.php?rest_route=\/wp\/v2\/posts\/8193\/revisions"}],"predecessor-version":[{"id":8213,"href":"https:\/\/www.rwg-bayreuth.de\/home\/index.php?rest_route=\/wp\/v2\/posts\/8193\/revisions\/8213"}],"wp:attachment":[{"href":"https:\/\/www.rwg-bayreuth.de\/home\/index.php?rest_route=%2Fwp%2Fv2%2Fmedia&parent=8193"}],"wp:term":[{"taxonomy":"category","embeddable":true,"href":"https:\/\/www.rwg-bayreuth.de\/home\/index.php?rest_route=%2Fwp%2Fv2%2Fcategories&post=8193"},{"taxonomy":"post_tag","embeddable":true,"href":"https:\/\/www.rwg-bayreuth.de\/home\/index.php?rest_route=%2Fwp%2Fv2%2Ftags&post=8193"}],"curies":[{"name":"wp","href":"https:\/\/api.w.org\/{rel}","templated":true}]}}