{"id":7901,"date":"2015-09-30T19:01:15","date_gmt":"2015-09-30T17:01:15","guid":{"rendered":"http:\/\/www.rwg-bayreuth.de\/home\/?page_id=7901"},"modified":"2017-02-08T16:45:16","modified_gmt":"2017-02-08T15:45:16","slug":"auf-den-spuren-der-romantik-2","status":"publish","type":"post","link":"https:\/\/www.rwg-bayreuth.de\/home\/?p=7901","title":{"rendered":"Auf den Spuren der Romantik"},"content":{"rendered":"<div id=\"attachment_7899\" style=\"width: 360px\" class=\"wp-caption alignleft\"><a href=\"https:\/\/www.rwg-bayreuth.de\/home\/wp-content\/uploads\/2015\/09\/2016_Bamberg_web.jpg\"><img loading=\"lazy\" decoding=\"async\" aria-describedby=\"caption-attachment-7899\" src=\"https:\/\/www.rwg-bayreuth.de\/home\/wp-content\/uploads\/2015\/09\/2016_Bamberg_web.jpg\" alt=\"ETA Hoffmann, der Dichter der Romantik, lebte in Bamberg.\" width=\"350\" height=\"232\" class=\"size-full wp-image-7899\" srcset=\"https:\/\/www.rwg-bayreuth.de\/home\/wp-content\/uploads\/2015\/09\/2016_Bamberg_web.jpg 350w, https:\/\/www.rwg-bayreuth.de\/home\/wp-content\/uploads\/2015\/09\/2016_Bamberg_web-150x99.jpg 150w, https:\/\/www.rwg-bayreuth.de\/home\/wp-content\/uploads\/2015\/09\/2016_Bamberg_web-300x199.jpg 300w, https:\/\/www.rwg-bayreuth.de\/home\/wp-content\/uploads\/2015\/09\/2016_Bamberg_web-250x166.jpg 250w\" sizes=\"(max-width: 350px) 100vw, 350px\" \/><\/a><p id=\"caption-attachment-7899\" class=\"wp-caption-text\">ETA Hoffmann, der Dichter der Romantik, lebte in Bamberg.<\/p><\/div>\n<p>Am Ende des letzten Schuljahres fuhren die Deutschkurse von Frau Herrmann- Maier und Frau Steininger nach Bamberg, um dort den Spuren des E.T.A. Hoffmanns zu folgen. Hier ist ihr Bericht.<\/p>\n<p>\u201eWir trafen uns am Montagmorgen um 8.45 am Bahnhof, um mit dem Zug um 9.00 Uhr zu fahren. Nach ca. einer Stunde Zugfahrt kamen wir in Bamberg an. Bei der Stadtf\u00fchrung, die von drei Sch\u00fclerinnen gehalten wurde, starteten wir am Schillerplatz, dann ging es weiter zum E.T.A Hoffmann Theater, dem st\u00e4dtischen Theater von Bamberg, welches auch k\u00f6niglich- privilegierte Schaub\u00fchne genannt wird. Wir bekamen viele Informationen \u00fcber das Theater und das Leben von E.T.A. Hoffmann. Die n\u00e4chsten Stationen waren das Wohnhaus \u201eZum goldenen L\u00f6wen\u201c, und der Marktplatz, an dem sich das Krackhardt- Haus befindet, in dem ein Freund von E.T.A. Hoffmann wohnte. \u00dcber die Kapuzinerstra\u00dfe kamen wir zum Bamberger Dom, welcher zu den Kaiserdomen geh\u00f6rt und mit seinen vier T\u00fcrmen Bauwerk des Weltkulturerbes der Bamberger Altstadt ist. Er ist erstaunliche 98 Meter hoch, die T\u00fcrme jeweils 75 Meter, wodurch sein Bau ca. 40 Jahre dauerte.<\/p>\n<p>Anschlie\u00dfend gingen wir zur Stephanskirche und zum Bergenza-Denkmal, das im Hain steht und einen sprechenden Hund symbolisiere soll, der f\u00fcr Hoffmann ein wichtiges poetisches Mittel war, das er in vielen seiner Werke benutzte.<br \/>\nZuletzt kehrten wir zum Schillerplatz zur\u00fcck, um das Hoffmanns Wohnhaus zu besichtigen.<\/p>\n<p>W\u00e4hrend der Stadtf\u00fchrung war auch die Kreativit\u00e4t der Sch\u00fcler gefragt, denn an jeder Station stellte eine kleine Gruppe von 2-3 Leuten Quizspiele oder Gedichte vor, die zum Thema E.T.A Hoffmann oder zur Romantik passten. Zum Abschluss h\u00f6rten wir im Rosengartenunter anderem ein Gedicht \u00fcber das Theater und ein Quiz \u00fcber die Romantik, welches das Wissen der Sch\u00fcler pr\u00fcfen sollte. Nachdem wir so viel \u00fcber Bamberg in Bezug auf E.T.A Hoffmann und zur Romantik erfahren hatten, hatten wir die Gelegenheit,in kleinen Gruppendurch die Stadt zulaufen und diese selbst zu erkunden. Abgesehen vom regnerischen Wetter war der Tag in Bamberg sehr gelungen und lehrreich.&#8220;<\/p>\n<p>Chiara R\u00e4tzer, Julia Gregori<\/p>\n","protected":false},"excerpt":{"rendered":"<p>Am Ende des letzten Schuljahres fuhren die Deutschkurse von Frau Herrmann- Maier und Frau Steininger nach Bamberg, um dort den Spuren des E.T.A. Hoffmanns zu folgen. Hier ist ihr Bericht. \u201eWir trafen uns am Montagmorgen um 8.45 am Bahnhof, um mit dem Zug um 9.00 Uhr zu fahren. Nach ca. einer Stunde Zugfahrt kamen wir&hellip;<\/p>\n","protected":false},"author":2,"featured_media":0,"comment_status":"closed","ping_status":"closed","sticky":false,"template":"","format":"standard","meta":{"footnotes":""},"categories":[1],"tags":[],"_links":{"self":[{"href":"https:\/\/www.rwg-bayreuth.de\/home\/index.php?rest_route=\/wp\/v2\/posts\/7901"}],"collection":[{"href":"https:\/\/www.rwg-bayreuth.de\/home\/index.php?rest_route=\/wp\/v2\/posts"}],"about":[{"href":"https:\/\/www.rwg-bayreuth.de\/home\/index.php?rest_route=\/wp\/v2\/types\/post"}],"author":[{"embeddable":true,"href":"https:\/\/www.rwg-bayreuth.de\/home\/index.php?rest_route=\/wp\/v2\/users\/2"}],"replies":[{"embeddable":true,"href":"https:\/\/www.rwg-bayreuth.de\/home\/index.php?rest_route=%2Fwp%2Fv2%2Fcomments&post=7901"}],"version-history":[{"count":1,"href":"https:\/\/www.rwg-bayreuth.de\/home\/index.php?rest_route=\/wp\/v2\/posts\/7901\/revisions"}],"predecessor-version":[{"id":7902,"href":"https:\/\/www.rwg-bayreuth.de\/home\/index.php?rest_route=\/wp\/v2\/posts\/7901\/revisions\/7902"}],"wp:attachment":[{"href":"https:\/\/www.rwg-bayreuth.de\/home\/index.php?rest_route=%2Fwp%2Fv2%2Fmedia&parent=7901"}],"wp:term":[{"taxonomy":"category","embeddable":true,"href":"https:\/\/www.rwg-bayreuth.de\/home\/index.php?rest_route=%2Fwp%2Fv2%2Fcategories&post=7901"},{"taxonomy":"post_tag","embeddable":true,"href":"https:\/\/www.rwg-bayreuth.de\/home\/index.php?rest_route=%2Fwp%2Fv2%2Ftags&post=7901"}],"curies":[{"name":"wp","href":"https:\/\/api.w.org\/{rel}","templated":true}]}}