{"id":7822,"date":"2015-09-14T13:04:08","date_gmt":"2015-09-14T11:04:08","guid":{"rendered":"http:\/\/www.rwg-bayreuth.de\/home\/?page_id=7822"},"modified":"2017-02-08T16:20:55","modified_gmt":"2017-02-08T15:20:55","slug":"auf-ins-schuljahr-2015-16-2","status":"publish","type":"post","link":"https:\/\/www.rwg-bayreuth.de\/home\/?p=7822","title":{"rendered":"Auf ins Schuljahr 2015-16!"},"content":{"rendered":"<div id=\"attachment_7823\" style=\"width: 360px\" class=\"wp-caption alignleft\"><a href=\"https:\/\/www.rwg-bayreuth.de\/home\/wp-content\/uploads\/2015\/09\/2015_Zimmer_leer_web.jpg\"><img loading=\"lazy\" decoding=\"async\" aria-describedby=\"caption-attachment-7823\" src=\"https:\/\/www.rwg-bayreuth.de\/home\/wp-content\/uploads\/2015\/09\/2015_Zimmer_leer_web.jpg\" alt=\"Noch warten die Zimmer auf die Sch\u00fcler\" width=\"350\" height=\"248\" class=\"size-full wp-image-7823\" srcset=\"https:\/\/www.rwg-bayreuth.de\/home\/wp-content\/uploads\/2015\/09\/2015_Zimmer_leer_web.jpg 350w, https:\/\/www.rwg-bayreuth.de\/home\/wp-content\/uploads\/2015\/09\/2015_Zimmer_leer_web-150x106.jpg 150w, https:\/\/www.rwg-bayreuth.de\/home\/wp-content\/uploads\/2015\/09\/2015_Zimmer_leer_web-300x213.jpg 300w, https:\/\/www.rwg-bayreuth.de\/home\/wp-content\/uploads\/2015\/09\/2015_Zimmer_leer_web-250x177.jpg 250w\" sizes=\"(max-width: 350px) 100vw, 350px\" \/><\/a><p id=\"caption-attachment-7823\" class=\"wp-caption-text\">Noch warten die Zimmer auf die Sch\u00fcler<\/p><\/div>\n<p>Das neue Schuljahr beginnt am Dienstag, 15. September 2015 um 7:45 Uhr. Die Zusammensetzungen der Klassen hat sich nicht wesentlich ge\u00e4ndert. Ein Plan \u00fcber die neuen Klassenzimmer h\u00e4ngt im Eingangsbereich. Dort ist auch ersichtlich, wohin sich Sch\u00fcler gehen m\u00fcssen, die neu in eine Klasse aufgenommen werden. F\u00fcr die neuen F\u00fcnftkl\u00e4ssler beginnt der Schultag am Dienstag um 9:00 Uhr. Dann treffen sich alle in der Turnhalle zur Klasseneinteilung. <\/p>\n<p>Im Einzelnen gelten folgende Termine:<\/p>\n<p>Dienstag, 15.9. (erster Schultag):<br \/>\n5. Klassen: 9:00 Uhr Treffen in der Turnhalle &#8211; Unterricht bis ca. 11:30<br \/>\nKlassen 6 bis 10:<br \/>\n7:45 Uhr Unterrichtsbeginn<br \/>\n1. und 2. Stunde Klassleitung<br \/>\n3. und 4. Stunde nach Stundenplan<br \/>\n11:05 Uhr Unterrichtsschluss<\/p>\n<p>Q11:<br \/>\nin der Aula ab 7:45 Uhr: B\u00fccherausgabe \u2013 Vollversammlung<br \/>\nQ12:<br \/>\nin der Aula ab 7:45 Uhr \u2013 Vollversammlung \u2013 B\u00fccherausgabe<\/p>\n<p>Mittwoch, 16.9.:<br \/>\n7:45 Uhr Klassen 5 bis 7: Treffen im Klassenzimmer, Gang zum Gottesdienst<br \/>\nalle Klassen: ab 8:00 Uhr: Gottesdienst in der Stadtkirche<br \/>\nEthiksch\u00fcler: 7:45 Uhr: Treffen in der Unteren Bibliothek<br \/>\ndanach: Unterricht bis 12:45 Uhr nach Stundenplan<\/p>\n<p>ab Donnerstag, 17.9.:<br \/>\nalle Klassen: Unterricht nach Stundenplan, auch am Nachmittag<\/p>\n","protected":false},"excerpt":{"rendered":"<p>Das neue Schuljahr beginnt am Dienstag, 15. September 2015 um 7:45 Uhr. Die Zusammensetzungen der Klassen hat sich nicht wesentlich ge\u00e4ndert. Ein Plan \u00fcber die neuen Klassenzimmer h\u00e4ngt im Eingangsbereich. Dort ist auch ersichtlich, wohin sich Sch\u00fcler gehen m\u00fcssen, die neu in eine Klasse aufgenommen werden. F\u00fcr die neuen F\u00fcnftkl\u00e4ssler beginnt der Schultag am Dienstag&hellip;<\/p>\n","protected":false},"author":2,"featured_media":0,"comment_status":"closed","ping_status":"closed","sticky":false,"template":"","format":"standard","meta":{"footnotes":""},"categories":[1],"tags":[],"_links":{"self":[{"href":"https:\/\/www.rwg-bayreuth.de\/home\/index.php?rest_route=\/wp\/v2\/posts\/7822"}],"collection":[{"href":"https:\/\/www.rwg-bayreuth.de\/home\/index.php?rest_route=\/wp\/v2\/posts"}],"about":[{"href":"https:\/\/www.rwg-bayreuth.de\/home\/index.php?rest_route=\/wp\/v2\/types\/post"}],"author":[{"embeddable":true,"href":"https:\/\/www.rwg-bayreuth.de\/home\/index.php?rest_route=\/wp\/v2\/users\/2"}],"replies":[{"embeddable":true,"href":"https:\/\/www.rwg-bayreuth.de\/home\/index.php?rest_route=%2Fwp%2Fv2%2Fcomments&post=7822"}],"version-history":[{"count":1,"href":"https:\/\/www.rwg-bayreuth.de\/home\/index.php?rest_route=\/wp\/v2\/posts\/7822\/revisions"}],"predecessor-version":[{"id":7824,"href":"https:\/\/www.rwg-bayreuth.de\/home\/index.php?rest_route=\/wp\/v2\/posts\/7822\/revisions\/7824"}],"wp:attachment":[{"href":"https:\/\/www.rwg-bayreuth.de\/home\/index.php?rest_route=%2Fwp%2Fv2%2Fmedia&parent=7822"}],"wp:term":[{"taxonomy":"category","embeddable":true,"href":"https:\/\/www.rwg-bayreuth.de\/home\/index.php?rest_route=%2Fwp%2Fv2%2Fcategories&post=7822"},{"taxonomy":"post_tag","embeddable":true,"href":"https:\/\/www.rwg-bayreuth.de\/home\/index.php?rest_route=%2Fwp%2Fv2%2Ftags&post=7822"}],"curies":[{"name":"wp","href":"https:\/\/api.w.org\/{rel}","templated":true}]}}