{"id":7493,"date":"2015-07-22T18:47:37","date_gmt":"2015-07-22T16:47:37","guid":{"rendered":"http:\/\/www.rwg-bayreuth.de\/home\/?page_id=7493"},"modified":"2017-02-08T16:19:46","modified_gmt":"2017-02-08T15:19:46","slug":"drucken-in-3-d-2","status":"publish","type":"post","link":"https:\/\/www.rwg-bayreuth.de\/home\/?p=7493","title":{"rendered":"Drucken in 3-D"},"content":{"rendered":"<div id=\"attachment_7494\" style=\"width: 360px\" class=\"wp-caption alignleft\"><a href=\"https:\/\/www.rwg-bayreuth.de\/home\/wp-content\/uploads\/2015\/07\/2015_3D-Druck1_web.jpg\"><img loading=\"lazy\" decoding=\"async\" aria-describedby=\"caption-attachment-7494\" src=\"https:\/\/www.rwg-bayreuth.de\/home\/wp-content\/uploads\/2015\/07\/2015_3D-Druck1_web.jpg\" alt=\"Der 3-D-Druck geht auch in Farbe.\" width=\"350\" height=\"260\" class=\"size-full wp-image-7494\" srcset=\"https:\/\/www.rwg-bayreuth.de\/home\/wp-content\/uploads\/2015\/07\/2015_3D-Druck1_web.jpg 350w, https:\/\/www.rwg-bayreuth.de\/home\/wp-content\/uploads\/2015\/07\/2015_3D-Druck1_web-150x111.jpg 150w, https:\/\/www.rwg-bayreuth.de\/home\/wp-content\/uploads\/2015\/07\/2015_3D-Druck1_web-300x223.jpg 300w, https:\/\/www.rwg-bayreuth.de\/home\/wp-content\/uploads\/2015\/07\/2015_3D-Druck1_web-250x186.jpg 250w\" sizes=\"(max-width: 350px) 100vw, 350px\" \/><\/a><p id=\"caption-attachment-7494\" class=\"wp-caption-text\">Der 3-D-Druck geht auch in Farbe.<\/p><\/div>\n<p>Der Begabtenkurs und die Teilnehmer von \u201eJugend forscht\u201c am RWG besuchten die offene Hightechwerkstatt FABLAB in Bayreuth.<\/p>\n<p>Fast sechs Stunden kreativer Arbeit lagen hinter den Sch\u00fclerinnen und Sch\u00fclern als sie schlie\u00dflich hochzufrieden das FABLAB wieder verlie\u00dfen.  Schon morgens startete der Workshop mit 3D-Druck und Folienplott. Dabei erwarb jeder von den Sch\u00fclern auch den F\u00fchrerschein zur Benutzung der Hightech-Maschinen. Das n\u00f6tige Wissen bekamen sie von Yomettin Soybabaund zwei weiteren ehrenamtlich agierenden \u201eFab-Labern\u201c anschaulich vermittelt. <\/p>\n<p>Um z.B. einen individuellen Schl\u00fcsselanh\u00e4nger mit dem 3-Drucker fertigen zu k\u00f6nnen, erstellten die Sch\u00fcler mit dem 3D-Design- und Modellierungswerkzeug Tinkercadein ein sogenanntes Volumenobjekt. Dieses wurde dann in ein STL-Format exportiert, damit im letzten Schritt der 3D-Drucker den Druckauftrag bearbeiten kann. Gespannt verfolgten die Sch\u00fcler den Druckprozess ihrer Schl\u00fcsselanh\u00e4nger. Schichtweise wurde das Werkst\u00fcck dreidimensional aufgebaut. Als Werkstoff diente dabei der Biokunststoff Polylactid.<\/p>\n<div id=\"attachment_7495\" style=\"width: 360px\" class=\"wp-caption alignleft\"><a href=\"https:\/\/www.rwg-bayreuth.de\/home\/wp-content\/uploads\/2015\/07\/2015_3D-Druck2_web.jpg\"><img loading=\"lazy\" decoding=\"async\" aria-describedby=\"caption-attachment-7495\" src=\"https:\/\/www.rwg-bayreuth.de\/home\/wp-content\/uploads\/2015\/07\/2015_3D-Druck2_web.jpg\" alt=\"Die Teilnehmer freuten sich \u00fcber die selbst gedruckten T-Shirts.\" width=\"350\" height=\"256\" class=\"size-full wp-image-7495\" srcset=\"https:\/\/www.rwg-bayreuth.de\/home\/wp-content\/uploads\/2015\/07\/2015_3D-Druck2_web.jpg 350w, https:\/\/www.rwg-bayreuth.de\/home\/wp-content\/uploads\/2015\/07\/2015_3D-Druck2_web-150x110.jpg 150w, https:\/\/www.rwg-bayreuth.de\/home\/wp-content\/uploads\/2015\/07\/2015_3D-Druck2_web-300x219.jpg 300w, https:\/\/www.rwg-bayreuth.de\/home\/wp-content\/uploads\/2015\/07\/2015_3D-Druck2_web-250x183.jpg 250w\" sizes=\"(max-width: 350px) 100vw, 350px\" \/><\/a><p id=\"caption-attachment-7495\" class=\"wp-caption-text\">Die Teilnehmer freuten sich \u00fcber die selbst<br \/>\ngedruckten T-Shirts.<\/p><\/div>\n<p>Beim Folienplot arbeiteten die Sch\u00fcler mit der Software Inkscape und erstellten Vektorformate von ihren Grafiken.  Diese wurden dann mittels einer Flexfolie auf das Kleidungsst\u00fcck \u00fcbertragen. Was gibt es Sch\u00f6neres als ein selbstdesigntes T-Shirt? <\/p>\n<p>Das gesamte Workshop-Programm wurde von der Regionalen Begabtenf\u00f6rderung finanziert. <\/p>\n","protected":false},"excerpt":{"rendered":"<p>Der Begabtenkurs und die Teilnehmer von \u201eJugend forscht\u201c am RWG besuchten die offene Hightechwerkstatt FABLAB in Bayreuth. Fast sechs Stunden kreativer Arbeit lagen hinter den Sch\u00fclerinnen und Sch\u00fclern als sie schlie\u00dflich hochzufrieden das FABLAB wieder verlie\u00dfen. Schon morgens startete der Workshop mit 3D-Druck und Folienplott. Dabei erwarb jeder von den Sch\u00fclern auch den F\u00fchrerschein zur&hellip;<\/p>\n","protected":false},"author":2,"featured_media":0,"comment_status":"closed","ping_status":"closed","sticky":false,"template":"","format":"standard","meta":{"footnotes":""},"categories":[1],"tags":[],"_links":{"self":[{"href":"https:\/\/www.rwg-bayreuth.de\/home\/index.php?rest_route=\/wp\/v2\/posts\/7493"}],"collection":[{"href":"https:\/\/www.rwg-bayreuth.de\/home\/index.php?rest_route=\/wp\/v2\/posts"}],"about":[{"href":"https:\/\/www.rwg-bayreuth.de\/home\/index.php?rest_route=\/wp\/v2\/types\/post"}],"author":[{"embeddable":true,"href":"https:\/\/www.rwg-bayreuth.de\/home\/index.php?rest_route=\/wp\/v2\/users\/2"}],"replies":[{"embeddable":true,"href":"https:\/\/www.rwg-bayreuth.de\/home\/index.php?rest_route=%2Fwp%2Fv2%2Fcomments&post=7493"}],"version-history":[{"count":2,"href":"https:\/\/www.rwg-bayreuth.de\/home\/index.php?rest_route=\/wp\/v2\/posts\/7493\/revisions"}],"predecessor-version":[{"id":7497,"href":"https:\/\/www.rwg-bayreuth.de\/home\/index.php?rest_route=\/wp\/v2\/posts\/7493\/revisions\/7497"}],"wp:attachment":[{"href":"https:\/\/www.rwg-bayreuth.de\/home\/index.php?rest_route=%2Fwp%2Fv2%2Fmedia&parent=7493"}],"wp:term":[{"taxonomy":"category","embeddable":true,"href":"https:\/\/www.rwg-bayreuth.de\/home\/index.php?rest_route=%2Fwp%2Fv2%2Fcategories&post=7493"},{"taxonomy":"post_tag","embeddable":true,"href":"https:\/\/www.rwg-bayreuth.de\/home\/index.php?rest_route=%2Fwp%2Fv2%2Ftags&post=7493"}],"curies":[{"name":"wp","href":"https:\/\/api.w.org\/{rel}","templated":true}]}}