{"id":7374,"date":"2015-07-14T08:44:25","date_gmt":"2015-07-14T06:44:25","guid":{"rendered":"http:\/\/www.rwg-bayreuth.de\/home\/?page_id=7374"},"modified":"2017-02-08T16:18:38","modified_gmt":"2017-02-08T15:18:38","slug":"chemieexperten-beim-tag-der-begabtenfoerderung-2","status":"publish","type":"post","link":"https:\/\/www.rwg-bayreuth.de\/home\/?p=7374","title":{"rendered":"\u201eChemieexperten\u201c beim  Tag der Begabtenf\u00f6rderung"},"content":{"rendered":"<div id=\"attachment_7375\" style=\"width: 360px\" class=\"wp-caption alignleft\"><a href=\"https:\/\/www.rwg-bayreuth.de\/home\/wp-content\/uploads\/2015\/07\/Begabtentag2015_web.jpg\"><img loading=\"lazy\" decoding=\"async\" aria-describedby=\"caption-attachment-7375\" src=\"https:\/\/www.rwg-bayreuth.de\/home\/wp-content\/uploads\/2015\/07\/Begabtentag2015_web.jpg\" alt=\"Die Begabten hatten ihren gro\u00dfen Tag.\" width=\"350\" height=\"258\" class=\"size-full wp-image-7375\" srcset=\"https:\/\/www.rwg-bayreuth.de\/home\/wp-content\/uploads\/2015\/07\/Begabtentag2015_web.jpg 350w, https:\/\/www.rwg-bayreuth.de\/home\/wp-content\/uploads\/2015\/07\/Begabtentag2015_web-150x111.jpg 150w, https:\/\/www.rwg-bayreuth.de\/home\/wp-content\/uploads\/2015\/07\/Begabtentag2015_web-300x221.jpg 300w, https:\/\/www.rwg-bayreuth.de\/home\/wp-content\/uploads\/2015\/07\/Begabtentag2015_web-250x184.jpg 250w\" sizes=\"(max-width: 350px) 100vw, 350px\" \/><\/a><p id=\"caption-attachment-7375\" class=\"wp-caption-text\">Die Begabten hatten ihren gro\u00dfen Tag.<\/p><\/div>\n<p>Einen ganz besonderen Tag erlebten 10 Sch\u00fclerinnen und Sch\u00fcler aus dem Kurs \u201eChemieexperten\u201c  im Kongresshotel \u201eBest Western\u201c in Bindlach. Aus ganz Oberfranken waren die Teilnehmer von 45 F\u00f6rderkursen der regionalen Begabtenf\u00f6rderung angereist.  In diesem Schuljahr beteiligten sich 34 von 36 staatlichen Gymnasien an diesem Programm.<\/p>\n<p>Nach den offiziellen Gru\u00dfworten bot PD Dr. Thalhammer einen faszinierenden Einblick in die Schl\u00fcsseltechnologie des 21. Jahrhunderts, der Nanotechnologie. Die Teilnehmer erfuhren, dass bereits die Mayas Nanotechnologie beherrschten, indem sie ein sehr feines Tonmineral mit Indigo Pigmenten einf\u00e4rbten und durch Erhitzen sehr widerstandsf\u00e4hig machten. Erst 2001 konnte das R\u00e4tsel um das intensive Maya Blau wissenschaftlich gel\u00f6st werden.<\/p>\n<p>Aktuell wird in der Medizin am gezielten Medikamententransport zur Zelle oder in der Industrie am Superkleber \u201eGeckel\u201c, der die Hafteigenschaften von Geckos und Muscheln vereinigt, geforscht. Das sind nur zwei Beispiele aus einer Vielzahl von Untersuchungen im Bereich der Nanotechnologie.<\/p>\n<p>Im Anschluss an den Vortrag, stellten einzelne Kurse ihre Arbeitsergebnisse vor. In den Pausen konnten alle Teilnehmer die Kursinhalte aller F\u00f6rderkurse anhand von Posterpr\u00e4sentationen in Augenschein nehmen.<br \/>\nNach einer reichhaltigen Mittagspause starteten die workshops mit interessanten Themen, z.B. Beutefang des Sch\u00fctzenfisches, Einf\u00fchrung in die arabische Sprache oder Digitalisierung-Hintergrund, Chancen und Risiken.<\/p>\n","protected":false},"excerpt":{"rendered":"<p>Einen ganz besonderen Tag erlebten 10 Sch\u00fclerinnen und Sch\u00fcler aus dem Kurs \u201eChemieexperten\u201c im Kongresshotel \u201eBest Western\u201c in Bindlach. Aus ganz Oberfranken waren die Teilnehmer von 45 F\u00f6rderkursen der regionalen Begabtenf\u00f6rderung angereist. In diesem Schuljahr beteiligten sich 34 von 36 staatlichen Gymnasien an diesem Programm. Nach den offiziellen Gru\u00dfworten bot PD Dr. Thalhammer einen faszinierenden&hellip;<\/p>\n","protected":false},"author":2,"featured_media":0,"comment_status":"closed","ping_status":"closed","sticky":false,"template":"","format":"standard","meta":{"footnotes":""},"categories":[1],"tags":[],"_links":{"self":[{"href":"https:\/\/www.rwg-bayreuth.de\/home\/index.php?rest_route=\/wp\/v2\/posts\/7374"}],"collection":[{"href":"https:\/\/www.rwg-bayreuth.de\/home\/index.php?rest_route=\/wp\/v2\/posts"}],"about":[{"href":"https:\/\/www.rwg-bayreuth.de\/home\/index.php?rest_route=\/wp\/v2\/types\/post"}],"author":[{"embeddable":true,"href":"https:\/\/www.rwg-bayreuth.de\/home\/index.php?rest_route=\/wp\/v2\/users\/2"}],"replies":[{"embeddable":true,"href":"https:\/\/www.rwg-bayreuth.de\/home\/index.php?rest_route=%2Fwp%2Fv2%2Fcomments&post=7374"}],"version-history":[{"count":1,"href":"https:\/\/www.rwg-bayreuth.de\/home\/index.php?rest_route=\/wp\/v2\/posts\/7374\/revisions"}],"predecessor-version":[{"id":7376,"href":"https:\/\/www.rwg-bayreuth.de\/home\/index.php?rest_route=\/wp\/v2\/posts\/7374\/revisions\/7376"}],"wp:attachment":[{"href":"https:\/\/www.rwg-bayreuth.de\/home\/index.php?rest_route=%2Fwp%2Fv2%2Fmedia&parent=7374"}],"wp:term":[{"taxonomy":"category","embeddable":true,"href":"https:\/\/www.rwg-bayreuth.de\/home\/index.php?rest_route=%2Fwp%2Fv2%2Fcategories&post=7374"},{"taxonomy":"post_tag","embeddable":true,"href":"https:\/\/www.rwg-bayreuth.de\/home\/index.php?rest_route=%2Fwp%2Fv2%2Ftags&post=7374"}],"curies":[{"name":"wp","href":"https:\/\/api.w.org\/{rel}","templated":true}]}}