{"id":7229,"date":"2015-06-27T11:43:47","date_gmt":"2015-06-27T09:43:47","guid":{"rendered":"http:\/\/www.rwg-bayreuth.de\/home\/?page_id=7229"},"modified":"2017-02-08T16:17:25","modified_gmt":"2017-02-08T15:17:25","slug":"7229-2","status":"publish","type":"post","link":"https:\/\/www.rwg-bayreuth.de\/home\/?p=7229","title":{"rendered":"RWG &#8211; ade!"},"content":{"rendered":"<div id=\"attachment_9007\" style=\"width: 160px\" class=\"wp-caption alignleft\"><a href=\"https:\/\/www.rwg-bayreuth.de\/home\/wp-content\/uploads\/2016\/02\/2015-16_Fasching_5a_thumb.jpg\" rel=\"attachment wp-att-9007\"><img loading=\"lazy\" decoding=\"async\" aria-describedby=\"caption-attachment-9007\" src=\"https:\/\/www.rwg-bayreuth.de\/home\/wp-content\/uploads\/2016\/02\/2015-16_Fasching_5a_thumb.jpg\" alt=\"Klasse 5a\" width=\"150\" height=\"100\" class=\"size-full wp-image-9007\" \/><\/a><p id=\"caption-attachment-9007\" class=\"wp-caption-text\">Klasse 5a <a href=\"https:\/\/www.rwg-bayreuth.de\/home\/wp-content\/uploads\/2016\/02\/2015-16_Fasching_5a_full.jpg\">[HighRes&#8230;]<\/a><\/p><\/div>\n<br \/>\n<div id=\"attachment_9036\" style=\"width: 160px\" class=\"wp-caption alignleft\"><a href=\"https:\/\/www.rwg-bayreuth.de\/home\/wp-content\/uploads\/2015\/06\/2015-16_Fasching_5b_thumb.jpg\" rel=\"attachment wp-att-9036\"><img loading=\"lazy\" decoding=\"async\" aria-describedby=\"caption-attachment-9036\" src=\"https:\/\/www.rwg-bayreuth.de\/home\/wp-content\/uploads\/2015\/06\/2015-16_Fasching_5b_thumb.jpg\" alt=\"Klasse 5b\" width=\"150\" height=\"100\" class=\"size-full wp-image-9036\" \/><\/a><p id=\"caption-attachment-9036\" class=\"wp-caption-text\">Klasse 5b <a href=\"https:\/\/www.rwg-bayreuth.de\/home\/wp-content\/uploads\/2015\/06\/2015-16_Fasching_5b_full.jpg\"> [HighRes&#8230;]<\/a><\/p><\/div>\n<br \/>\n<div id=\"attachment_9013\" style=\"width: 160px\" class=\"wp-caption alignleft\"><a href=\"https:\/\/www.rwg-bayreuth.de\/home\/wp-content\/uploads\/2016\/02\/2015-16_Fasching_5c_thumbb.jpg\" rel=\"attachment wp-att-9013\"><img loading=\"lazy\" decoding=\"async\" aria-describedby=\"caption-attachment-9013\" src=\"https:\/\/www.rwg-bayreuth.de\/home\/wp-content\/uploads\/2016\/02\/2015-16_Fasching_5c_thumbb.jpg\" alt=\"Klasse 5c\" width=\"150\" height=\"100\" class=\"size-full wp-image-9013\" \/><\/a><p id=\"caption-attachment-9013\" class=\"wp-caption-text\">Klasse 5c <a href=\"https:\/\/www.rwg-bayreuth.de\/home\/wp-content\/uploads\/2015\/06\/2015-16_Fasching_5c_full.jpg\"> [HighRes&#8230;]<\/a><\/p><\/div>\n<br \/>\n<div id=\"attachment_9015\" style=\"width: 160px\" class=\"wp-caption alignleft\"><a href=\"https:\/\/www.rwg-bayreuth.de\/home\/wp-content\/uploads\/2016\/02\/2015-16_Fasching_5d_thumb.jpg\" rel=\"attachment wp-att-9015\"><img loading=\"lazy\" decoding=\"async\" aria-describedby=\"caption-attachment-9015\" src=\"https:\/\/www.rwg-bayreuth.de\/home\/wp-content\/uploads\/2016\/02\/2015-16_Fasching_5d_thumb.jpg\" alt=\"Klasse 5d\" width=\"150\" height=\"100\" class=\"size-full wp-image-9015\" \/><\/a><p id=\"caption-attachment-9015\" class=\"wp-caption-text\">Klasse 5d <a href=\"https:\/\/www.rwg-bayreuth.de\/home\/wp-content\/uploads\/2015\/06\/2015-16_Fasching_5d_full.jpg\"> [Highres&#8230;]<\/a><\/p><\/div>\n<div id=\"attachment_7230\" style=\"width: 510px\" class=\"wp-caption aligncenter\"><a href=\"https:\/\/www.rwg-bayreuth.de\/home\/wp-content\/uploads\/2015\/06\/2015-RWG-Abiverabschiedung_web.jpg\"><img loading=\"lazy\" decoding=\"async\" aria-describedby=\"caption-attachment-7230\" src=\"https:\/\/www.rwg-bayreuth.de\/home\/wp-content\/uploads\/2015\/06\/2015-RWG-Abiverabschiedung_web.jpg\" alt=\"Der Abiturjahrgang 2015 des RWG\" width=\"500\" height=\"330\" class=\"size-full wp-image-7230\" srcset=\"https:\/\/www.rwg-bayreuth.de\/home\/wp-content\/uploads\/2015\/06\/2015-RWG-Abiverabschiedung_web.jpg 500w, https:\/\/www.rwg-bayreuth.de\/home\/wp-content\/uploads\/2015\/06\/2015-RWG-Abiverabschiedung_web-150x99.jpg 150w, https:\/\/www.rwg-bayreuth.de\/home\/wp-content\/uploads\/2015\/06\/2015-RWG-Abiverabschiedung_web-450x297.jpg 450w, https:\/\/www.rwg-bayreuth.de\/home\/wp-content\/uploads\/2015\/06\/2015-RWG-Abiverabschiedung_web-250x165.jpg 250w\" sizes=\"(max-width: 500px) 100vw, 500px\" \/><\/a><p id=\"caption-attachment-7230\" class=\"wp-caption-text\"><\/p>\n<p>Der Abiturjahrgang 2015 des RWG<br \/>\n<a href=\"https:\/\/www.rwg-bayreuth.de\/home\/wp-content\/uploads\/2015\/06\/2015-RWG-Abiverabschiedung_full.jpg\">[HighRes&#8230;]<\/a><\/p><\/p><\/div>\n<p>Mit einer feierlichen \u00dcberreichung der Zeugnisse ging f\u00fcr den Abiturjahrgang 2015 das Schulleben zu Ende. Es war, so wurde allgemein betont, ein besonderer Jahrgang.<\/p>\n<p>F\u00fcr die Verabschiedungsfeier hatten sich die 69 Absolventen des Abi-Jahrganges feierlich in Schale geworfen. Schlie\u00dflich stellte die Verabschiedung einen besonderen Moment dar, der geb\u00fchrend gefeiert werden wollte. Dazu geh\u00f6rten ein Festgottesdienst in der Bindlacher Kirche ebenso wie ein stilvoller Sektempfang, ein gemeinsames B\u00fcfett, feierliche Arient\u00f6ne f\u00fcr die Tr\u00e4nendr\u00fcsen, festliche Ansprachen und die ersten nostalgischen Erinnerungen. Sie galten dem Segelturn in Holland, einem der Ziele der Abi-Fahrt, und nat\u00fcrlich dem Abischerz, der die Schule einen Vormittag lang unterhalten hatte.<\/p>\n<p>Ursula Graf, die Leiterin unserer Schule, wies in Ihrer Abiturrede darauf hin, dass Bildung eine wichtige Ressource unserer Gesellschaft sei. Den Abiturienten gab sie zu denken, dass der Bildungsweg mit dem Abitur keineswegs zu Ende sei, sondern Lernen einen lebenslangen Prozess darstelle. Die Abiturienten seien aufgefordert, jetzt selbstverantwortlich ihren eigenen Weg zu finden, wenn sie aus der \u201eBildungsoase RWG\u201c hinaus ins Leben ziehen w\u00fcrden. Wenn bislang die Lehrer verl\u00e4ssliche Begleiter gewesen seien, so sei es nun wichtig, neue zu finden.<\/p>\n<div id=\"attachment_7235\" style=\"width: 360px\" class=\"wp-caption alignleft\"><a href=\"https:\/\/www.rwg-bayreuth.de\/home\/wp-content\/uploads\/2015\/06\/2015_Abi_Beste_web.jpg\"><img loading=\"lazy\" decoding=\"async\" aria-describedby=\"caption-attachment-7235\" src=\"https:\/\/www.rwg-bayreuth.de\/home\/wp-content\/uploads\/2015\/06\/2015_Abi_Beste_web.jpg\" alt=\"Die Besten mit einem Abischnitt unter 1,5 erhielten einen Buchpreis.\" width=\"350\" height=\"213\" class=\"size-full wp-image-7235\" srcset=\"https:\/\/www.rwg-bayreuth.de\/home\/wp-content\/uploads\/2015\/06\/2015_Abi_Beste_web.jpg 350w, https:\/\/www.rwg-bayreuth.de\/home\/wp-content\/uploads\/2015\/06\/2015_Abi_Beste_web-150x91.jpg 150w, https:\/\/www.rwg-bayreuth.de\/home\/wp-content\/uploads\/2015\/06\/2015_Abi_Beste_web-300x183.jpg 300w, https:\/\/www.rwg-bayreuth.de\/home\/wp-content\/uploads\/2015\/06\/2015_Abi_Beste_web-250x152.jpg 250w\" sizes=\"(max-width: 350px) 100vw, 350px\" \/><\/a><p id=\"caption-attachment-7235\" class=\"wp-caption-text\">Die Besten mit einem Abischnitt unter 1,5 erhielten<br \/>\neinen Buchpreis.<\/p><\/div>\n<p>In seiner Begr\u00fc\u00dfung hatte Mathias Weber, der stellvertretende Schulleiter, darauf hingewiesen, dass es ein \u201ebesonderer Jahrgang\u201c gewesen sei, der jetzt die Schule verlasse. <\/p>\n<p>Dem pflichtete Erika Sevestre, die Oberstufenbetreuerin des Jahrgangs, bei, denn der Jahrgang sei \u201epflegeleicht, so gut wie nie und so engagiert wie selten\u201c gewesen: Sie erinnerte an die zahllosen Beitr\u00e4ge zu den Konzerten und zu den Auff\u00fchrungen und an andere Initiativen: \u201eImmer, wenn es etwas zu tun gab, war auf Sie Verlass!\u201c, wandte sie sich an die Abiturienten, die, ebenso wie die stolzen Eltern, das Lob gerne h\u00f6rten.<\/p>\n<p>Jonathan Hippe und Tizian Jahreis kn\u00fcpften in ihrer Abiturrede an den Nordsee-Segelturn an und freuten sich, dass mit der Aush\u00e4ndigung der Abiturzeugnisse der \u201eZielhafen\u201c erreicht worden sei &#8211; wenn auch durch Untiefen und manch widrige Str\u00f6mung.<\/p>\n<p>Peter F\u00e4rber, der Vorsitzende des Elternbeirates richtete den Blick in die Zukunft und erinnerte die frisch gebackenen Abiturienten, dass es nun darum gehe, neue Ziele zu erreichen &#8211; und vorher zu finden.<\/p>\n<p>F\u00fcr viele der Abiturienten hat sich dieser Wunsch bereits konkretisiert: Lehramtsstudium, Medizin, eine Ausbildung zur Goldschmiedin, internationales Wirtschaftsmanagement &#8211; darauf ist das Augenmerk nun gerichtet. Das RWG w\u00fcrde sich freuen, wenn es daf\u00fcr und f\u00fcr eine erfolgreiche Zukunft den Weg ebnen konnte.<\/p>\n","protected":false},"excerpt":{"rendered":"<p>Mit einer feierlichen \u00dcberreichung der Zeugnisse ging f\u00fcr den Abiturjahrgang 2015 das Schulleben zu Ende. Es war, so wurde allgemein betont, ein besonderer Jahrgang. F\u00fcr die Verabschiedungsfeier hatten sich die 69 Absolventen des Abi-Jahrganges feierlich in Schale geworfen. Schlie\u00dflich stellte die Verabschiedung einen besonderen Moment dar, der geb\u00fchrend gefeiert werden wollte. Dazu geh\u00f6rten ein Festgottesdienst&hellip;<\/p>\n","protected":false},"author":2,"featured_media":0,"comment_status":"closed","ping_status":"closed","sticky":false,"template":"","format":"standard","meta":{"footnotes":""},"categories":[1],"tags":[],"_links":{"self":[{"href":"https:\/\/www.rwg-bayreuth.de\/home\/index.php?rest_route=\/wp\/v2\/posts\/7229"}],"collection":[{"href":"https:\/\/www.rwg-bayreuth.de\/home\/index.php?rest_route=\/wp\/v2\/posts"}],"about":[{"href":"https:\/\/www.rwg-bayreuth.de\/home\/index.php?rest_route=\/wp\/v2\/types\/post"}],"author":[{"embeddable":true,"href":"https:\/\/www.rwg-bayreuth.de\/home\/index.php?rest_route=\/wp\/v2\/users\/2"}],"replies":[{"embeddable":true,"href":"https:\/\/www.rwg-bayreuth.de\/home\/index.php?rest_route=%2Fwp%2Fv2%2Fcomments&post=7229"}],"version-history":[{"count":27,"href":"https:\/\/www.rwg-bayreuth.de\/home\/index.php?rest_route=\/wp\/v2\/posts\/7229\/revisions"}],"predecessor-version":[{"id":9045,"href":"https:\/\/www.rwg-bayreuth.de\/home\/index.php?rest_route=\/wp\/v2\/posts\/7229\/revisions\/9045"}],"wp:attachment":[{"href":"https:\/\/www.rwg-bayreuth.de\/home\/index.php?rest_route=%2Fwp%2Fv2%2Fmedia&parent=7229"}],"wp:term":[{"taxonomy":"category","embeddable":true,"href":"https:\/\/www.rwg-bayreuth.de\/home\/index.php?rest_route=%2Fwp%2Fv2%2Fcategories&post=7229"},{"taxonomy":"post_tag","embeddable":true,"href":"https:\/\/www.rwg-bayreuth.de\/home\/index.php?rest_route=%2Fwp%2Fv2%2Ftags&post=7229"}],"curies":[{"name":"wp","href":"https:\/\/api.w.org\/{rel}","templated":true}]}}