{"id":7092,"date":"2015-06-10T22:47:38","date_gmt":"2015-06-10T20:47:38","guid":{"rendered":"http:\/\/www.rwg-bayreuth.de\/home\/?page_id=7092"},"modified":"2018-01-18T15:44:23","modified_gmt":"2018-01-18T14:44:23","slug":"tolle-ergebnisse-beim-fremdsprachenwettbewerb-2","status":"publish","type":"post","link":"https:\/\/www.rwg-bayreuth.de\/home\/?p=7092","title":{"rendered":"Tolle Ergebnisse beim Fremdsprachenwettbewerb"},"content":{"rendered":"<div id=\"attachment_7093\" style=\"width: 360px\" class=\"wp-caption alignleft\"><a href=\"https:\/\/www.rwg-bayreuth.de\/home\/wp-content\/uploads\/2015\/06\/2015_BW_Fremdsprachen_web.jpg\"><img loading=\"lazy\" decoding=\"async\" aria-describedby=\"caption-attachment-7093\" class=\"size-full wp-image-7093\" src=\"https:\/\/www.rwg-bayreuth.de\/home\/wp-content\/uploads\/2015\/06\/2015_BW_Fremdsprachen_web.jpg\" alt=\"Frau Rupp (links) hatte die Teilnehmer gecoacht.\" width=\"350\" height=\"266\" srcset=\"https:\/\/www.rwg-bayreuth.de\/home\/wp-content\/uploads\/2015\/06\/2015_BW_Fremdsprachen_web.jpg 350w, https:\/\/www.rwg-bayreuth.de\/home\/wp-content\/uploads\/2015\/06\/2015_BW_Fremdsprachen_web-150x114.jpg 150w, https:\/\/www.rwg-bayreuth.de\/home\/wp-content\/uploads\/2015\/06\/2015_BW_Fremdsprachen_web-300x228.jpg 300w, https:\/\/www.rwg-bayreuth.de\/home\/wp-content\/uploads\/2015\/06\/2015_BW_Fremdsprachen_web-250x190.jpg 250w\" sizes=\"(max-width: 350px) 100vw, 350px\" \/><\/a><p id=\"caption-attachment-7093\" class=\"wp-caption-text\">Frau Rupp (links) hat die Teilnehmer gecoacht.<\/p><\/div>\n<p>Einen gro\u00dfartigen Erfolg beim diesj\u00e4hrigen Bundeswettbewerb Fremdsprachen konnten unsere Sch\u00fclerin Emmi Gareis bzw. unser Sch\u00fcler Fabian Lucas verbuchen: Sie wurden beide 2. Landessieger in der lateinischen Sprache und freuen sich nun auf die feierliche Preisverleihung im Juli in Dachau.<\/p>\n<p>Fast 700 bayerische Sch\u00fclerinnen und Sch\u00fcler zeigten im Wettbewerb Solo 8\/9 ihr K\u00f6nnen. Hier musste jeder Teilnehmer in der von ihm gew\u00e4hlten Wettbewerbssprache zun\u00e4chst eine \u201eHausaufgabe\u201c erledigen, das hei\u00dft, einen Tontr\u00e4ger mit einem Vorlesetext und einer freien \u00c4u\u00dferung besprechen. Im Januar stand dann die Klausur an, in der anspruchsvolle Aufgaben zum H\u00f6r- und Leseverstehen bew\u00e4ltigt sowie landeskundliche Kenntnisse und Schreibf\u00e4higkeit unter Beweis gestellt werden mussten.<\/p>\n<p>Die Sch\u00fclerinnen Hannah Stadter (8b) und Sina Gamisch (8a) nahmen in der englischen Sprache am Wettbewerb teil. Mara Wirth (9a) absolvierte die Pr\u00fcfung in Franz\u00f6sisch, Emmi Gareis (9d) und Fabian Lucas (9c) wagten sich als erste Vertreter unserer Schule an die lateinische Pr\u00fcfung.<\/p>\n<p>Dabei sprang gleich ein 2. Platz auf Landesebene f\u00fcr Letztere heraus. Diese tolle Leistung wird im Juli auf der bayerischen Landespreisverleihung in Dachau mit einer Urkunde sowie Geld- und Sachpreisen honoriert. Die Anreise f\u00fcr die beiden Preistr\u00e4ger und ihre Eltern erfolgt kostenlos mit der Bahn.\u201eEin wenig aufgeregt war ich am Wettbewerbstag schon\u201c, so Fabian. \u201eBesonders das H\u00f6rverstehen, welches ja nicht Bestandteil des Latein-Unterrichts ist, habe ich mit Spannung erwartet. Emmi erg\u00e4nzt: \u201eDas Anforderungsniveau allgemein geht \u00fcber das hinaus, was in der Schule gefordert wird.\u201c Umso h\u00f6her sind ihre Leistungen zu bewerten und die (Latein-) Lehrer gratulieren herzlich!<\/p>\n<p>Nach dem Wettbewerb ist vor dem Wettbewerb: Die Anmeldung f\u00fcr 2016 ist ab Juni bis zum 6. Oktober 2015 m\u00f6glich. Sprecht einfach euren Fremdsprachenlehrer oder mich darauf an! Wir freuen uns \u00fcber zahlreiche Teilnehmer, die ja vielleicht \u00e4hnlich erfolgreich abschneiden wie die diesj\u00e4hrigen Kandidaten!<\/p>\n<p><em>Annika Rupp<\/em><\/p>\n","protected":false},"excerpt":{"rendered":"<p>Einen gro\u00dfartigen Erfolg beim diesj\u00e4hrigen Bundeswettbewerb Fremdsprachen konnten unsere Sch\u00fclerin Emmi Gareis bzw. unser Sch\u00fcler Fabian Lucas verbuchen: Sie wurden beide 2. Landessieger in der lateinischen Sprache und freuen sich nun auf die feierliche Preisverleihung im Juli in Dachau. Fast 700 bayerische Sch\u00fclerinnen und Sch\u00fcler zeigten im Wettbewerb Solo 8\/9 ihr K\u00f6nnen. Hier musste jeder&hellip;<\/p>\n","protected":false},"author":2,"featured_media":7093,"comment_status":"closed","ping_status":"closed","sticky":false,"template":"","format":"standard","meta":{"footnotes":""},"categories":[1],"tags":[88],"_links":{"self":[{"href":"https:\/\/www.rwg-bayreuth.de\/home\/index.php?rest_route=\/wp\/v2\/posts\/7092"}],"collection":[{"href":"https:\/\/www.rwg-bayreuth.de\/home\/index.php?rest_route=\/wp\/v2\/posts"}],"about":[{"href":"https:\/\/www.rwg-bayreuth.de\/home\/index.php?rest_route=\/wp\/v2\/types\/post"}],"author":[{"embeddable":true,"href":"https:\/\/www.rwg-bayreuth.de\/home\/index.php?rest_route=\/wp\/v2\/users\/2"}],"replies":[{"embeddable":true,"href":"https:\/\/www.rwg-bayreuth.de\/home\/index.php?rest_route=%2Fwp%2Fv2%2Fcomments&post=7092"}],"version-history":[{"count":4,"href":"https:\/\/www.rwg-bayreuth.de\/home\/index.php?rest_route=\/wp\/v2\/posts\/7092\/revisions"}],"predecessor-version":[{"id":18438,"href":"https:\/\/www.rwg-bayreuth.de\/home\/index.php?rest_route=\/wp\/v2\/posts\/7092\/revisions\/18438"}],"wp:featuredmedia":[{"embeddable":true,"href":"https:\/\/www.rwg-bayreuth.de\/home\/index.php?rest_route=\/wp\/v2\/media\/7093"}],"wp:attachment":[{"href":"https:\/\/www.rwg-bayreuth.de\/home\/index.php?rest_route=%2Fwp%2Fv2%2Fmedia&parent=7092"}],"wp:term":[{"taxonomy":"category","embeddable":true,"href":"https:\/\/www.rwg-bayreuth.de\/home\/index.php?rest_route=%2Fwp%2Fv2%2Fcategories&post=7092"},{"taxonomy":"post_tag","embeddable":true,"href":"https:\/\/www.rwg-bayreuth.de\/home\/index.php?rest_route=%2Fwp%2Fv2%2Ftags&post=7092"}],"curies":[{"name":"wp","href":"https:\/\/api.w.org\/{rel}","templated":true}]}}