{"id":6589,"date":"2015-04-27T20:10:31","date_gmt":"2015-04-27T18:10:31","guid":{"rendered":"http:\/\/www.rwg-bayreuth.de\/home\/?page_id=6589"},"modified":"2019-01-26T18:53:37","modified_gmt":"2019-01-26T17:53:37","slug":"6589-2","status":"publish","type":"post","link":"https:\/\/www.rwg-bayreuth.de\/home\/?p=6589","title":{"rendered":"Ein Austausch mit vielen H\u00f6hepunkten"},"content":{"rendered":"<div id=\"attachment_6590\" style=\"width: 360px\" class=\"wp-caption alignleft\"><a href=\"https:\/\/www.rwg-bayreuth.de\/home\/wp-content\/uploads\/2015\/04\/2015_La_Spezia_web.jpg\"><img loading=\"lazy\" decoding=\"async\" aria-describedby=\"caption-attachment-6590\" src=\"https:\/\/www.rwg-bayreuth.de\/home\/wp-content\/uploads\/2015\/04\/2015_La_Spezia_web.jpg\" alt=\"Ein Austausch will fotografiert sein.\" width=\"350\" height=\"252\" class=\"size-full wp-image-6590\" srcset=\"https:\/\/www.rwg-bayreuth.de\/home\/wp-content\/uploads\/2015\/04\/2015_La_Spezia_web.jpg 350w, https:\/\/www.rwg-bayreuth.de\/home\/wp-content\/uploads\/2015\/04\/2015_La_Spezia_web-150x108.jpg 150w, https:\/\/www.rwg-bayreuth.de\/home\/wp-content\/uploads\/2015\/04\/2015_La_Spezia_web-300x216.jpg 300w, https:\/\/www.rwg-bayreuth.de\/home\/wp-content\/uploads\/2015\/04\/2015_La_Spezia_web-250x180.jpg 250w\" sizes=\"(max-width: 350px) 100vw, 350px\" \/><\/a><p id=\"caption-attachment-6590\" class=\"wp-caption-text\">Ein Austausch will fotografiert sein.<\/p><\/div>\n<p>Nach einer erlebnisreichen Woche haben unsere Austauschg\u00e4ste aus La Spezia wieder die Heimreise angetreten. Eltern, Sch\u00fcler und Lehrkr\u00e4fte haben viele positive Erinnerungen an die gemeinsam verbrachte Woche.<\/p>\n<p>Nach dem Empfang am RWG und sp\u00e4ter beim Empfang im Rathaus gewannen die italienischen Sch\u00fcler einen ersten Eindruck unserer Schule und der Stadt. Abends konnten die begleitenden Lehrerinnen das Theaterst\u00fcck \u201eSchiller f\u00fcr uns\u201c genie\u00dfen.<\/p>\n<div id=\"attachment_6592\" style=\"width: 360px\" class=\"wp-caption alignleft\"><a href=\"https:\/\/www.rwg-bayreuth.de\/home\/wp-content\/uploads\/2015\/04\/2015_La_Spezia_Nbg_web.jpg\"><img loading=\"lazy\" decoding=\"async\" aria-describedby=\"caption-attachment-6592\" src=\"https:\/\/www.rwg-bayreuth.de\/home\/wp-content\/uploads\/2015\/04\/2015_La_Spezia_Nbg_web.jpg\" alt=\"In N\u00fcrnberg gab es viel zu sehen.\" width=\"350\" height=\"222\" class=\"size-full wp-image-6592\" srcset=\"https:\/\/www.rwg-bayreuth.de\/home\/wp-content\/uploads\/2015\/04\/2015_La_Spezia_Nbg_web.jpg 350w, https:\/\/www.rwg-bayreuth.de\/home\/wp-content\/uploads\/2015\/04\/2015_La_Spezia_Nbg_web-150x95.jpg 150w, https:\/\/www.rwg-bayreuth.de\/home\/wp-content\/uploads\/2015\/04\/2015_La_Spezia_Nbg_web-300x190.jpg 300w, https:\/\/www.rwg-bayreuth.de\/home\/wp-content\/uploads\/2015\/04\/2015_La_Spezia_Nbg_web-250x159.jpg 250w\" sizes=\"(max-width: 350px) 100vw, 350px\" \/><\/a><p id=\"caption-attachment-6592\" class=\"wp-caption-text\">In N\u00fcrnberg gab es viel zu sehen.<\/p><\/div>\n<p>Eine \u201eSternstunde\u201c durften die italienischen G\u00e4ste gemeinsam mit ihren deutschen Partnern im Nicolaus-Copernicus-Planetarium in N\u00fcrnberg erleben: Die Live-Show  \u00fcber den N\u00fcrnberger Nachthimmel faszinierte alle Altersklassen ebenso wie der Film \u201eZauber des Teleskops\u201c in italienischer Sprache. R\u00fcckblickend gesehen hatte die Austauschgruppe mit unseren Italienenern viel Gl\u00fcck mit diesem Termin, da das N\u00fcrnberger Planetarium wegen Umbauarbeiten f\u00fcr l\u00e4ngere Zeit schlie\u00dft. Nat\u00fcrlich haben unsere G\u00e4ste bei dem Besuch in der Noris-Stadt auch viel \u00fcber N\u00fcrnberg, die Kaiserburg, das D\u00fcrerhaus und die Altstadt erfahren.<\/p>\n<div id=\"attachment_6591\" style=\"width: 360px\" class=\"wp-caption alignleft\"><a href=\"https:\/\/www.rwg-bayreuth.de\/home\/wp-content\/uploads\/2015\/04\/2015_La_Spezia_Bth_web.jpg\"><img loading=\"lazy\" decoding=\"async\" aria-describedby=\"caption-attachment-6591\" src=\"https:\/\/www.rwg-bayreuth.de\/home\/wp-content\/uploads\/2015\/04\/2015_La_Spezia_Bth_web.jpg\" alt=\"Das Neue Schloss ist eine dankbare Kulisse\" width=\"350\" height=\"196\" class=\"size-full wp-image-6591\" srcset=\"https:\/\/www.rwg-bayreuth.de\/home\/wp-content\/uploads\/2015\/04\/2015_La_Spezia_Bth_web.jpg 350w, https:\/\/www.rwg-bayreuth.de\/home\/wp-content\/uploads\/2015\/04\/2015_La_Spezia_Bth_web-150x84.jpg 150w, https:\/\/www.rwg-bayreuth.de\/home\/wp-content\/uploads\/2015\/04\/2015_La_Spezia_Bth_web-300x168.jpg 300w, https:\/\/www.rwg-bayreuth.de\/home\/wp-content\/uploads\/2015\/04\/2015_La_Spezia_Bth_web-250x140.jpg 250w\" sizes=\"(max-width: 350px) 100vw, 350px\" \/><\/a><p id=\"caption-attachment-6591\" class=\"wp-caption-text\">Das Neue Schloss ist eine dankbare Kulisse<\/p><\/div>\n<p>Am Mittwoch konnten die Spezzini mit ihren Partnern den Unterricht besuchen und danach in die Bayreuther Katakomben hinabsteigen. Am Donnerstag lernten sie in einem Halbtagesausflug mit Frau Klamt die f\u00fcrstbisch\u00f6fliche Residenzstadt Bamberg kennen. Am Freitag h\u00f6rten sie in der Leuschner-Gedenkst\u00e4tte einiges \u00fcber das Leben des Sozialdemokraten Wilhelm Leuschner und den Widerstand gegen den Nationalsozialismus in Bayreuth. Danach konnten sie das Italienische Schl\u00f6sschen im Neuen Schloss bewundern und lernten durch die interessante F\u00fchrung viel \u00fcber den Alltag im markgr\u00e4flichen Bayreuth. Abends fand ein Abschiedsessen mit Eltern, Lehrern und Sch\u00fclern im \u201eSonnenhof\u201c statt. Und dank der SMV, und vor allem dank Tizian Jahreis, konnten die Sch\u00fcler noch bis 22 Uhr im RWG mit Musik feiern und in Erinnerungen an den Besuch in La Spezia schwelgen.<\/p>\n<div id=\"attachment_6593\" style=\"width: 360px\" class=\"wp-caption alignleft\"><a href=\"https:\/\/www.rwg-bayreuth.de\/home\/wp-content\/uploads\/2015\/04\/2015_La_Spezia_Cinque_web.jpg\"><img loading=\"lazy\" decoding=\"async\" aria-describedby=\"caption-attachment-6593\" src=\"https:\/\/www.rwg-bayreuth.de\/home\/wp-content\/uploads\/2015\/04\/2015_La_Spezia_Cinque_web.jpg\" alt=\"Gerne erinnerten sich unsere Sch\u00fcler an den Ausflug in die &quot;Cinque Terre&quot;\" width=\"350\" height=\"234\" class=\"size-full wp-image-6593\" srcset=\"https:\/\/www.rwg-bayreuth.de\/home\/wp-content\/uploads\/2015\/04\/2015_La_Spezia_Cinque_web.jpg 350w, https:\/\/www.rwg-bayreuth.de\/home\/wp-content\/uploads\/2015\/04\/2015_La_Spezia_Cinque_web-150x100.jpg 150w, https:\/\/www.rwg-bayreuth.de\/home\/wp-content\/uploads\/2015\/04\/2015_La_Spezia_Cinque_web-300x201.jpg 300w, https:\/\/www.rwg-bayreuth.de\/home\/wp-content\/uploads\/2015\/04\/2015_La_Spezia_Cinque_web-250x167.jpg 250w\" sizes=\"(max-width: 350px) 100vw, 350px\" \/><\/a><p id=\"caption-attachment-6593\" class=\"wp-caption-text\">Gerne erinnerten sich unsere Sch\u00fcler an den Ausflug<br \/>in die &#8222;Cinque Terre&#8220;<\/p><\/div>\n<p>Die erlebnis- und abwechslungsreiche Woche fand nicht nur bei Sch\u00fclern und Eltern Anklang, auch die beteiligten Lehrkr\u00e4fte genossen das einvernehmliche Organisieren und das Gelingen des Programms in Bayreuth. F\u00fcr das 30-j\u00e4hrige Jubil\u00e4um des Sch\u00fcleraustausches mit La Spezia im n\u00e4chsten Jahr wurde ein Projekt mit den Sch\u00fclern initiiert.  Der Titel lautet: \u201cSiamo uguali nella nostra diversit\u00e0\u201c \u201eWir sind verschieden und doch gleich.\u201c .<\/p>\n<p>So hat wohl jeder etwas aus dieser Woche mitnehmen k\u00f6nnen: der eine Eindr\u00fccke aus einer fremden Stadt, der andere Neues f\u00fcr seine Sprachkenntnisse und so manche Freundschaft hat wohl jetzt ihren Anfang genommen.<\/p>\n<p>F\u00fcr die Planung, Organisation und Durchf\u00fchrung dieser Woche waren Frau Anne-Kathrin Saathoff-Stark und Frau Andrea R\u00fcger verantwortlich. Die Spezzini wurden von Frau Rossella Zeni, Frau Silvia Segalla und Frau Elisabetta Corgiolu begleitet und betreut.<\/p>\n<p><em>A. Saathoff-Stark<\/em><\/p>\n","protected":false},"excerpt":{"rendered":"<p>Nach einer erlebnisreichen Woche haben unsere Austauschg\u00e4ste aus La Spezia wieder die Heimreise angetreten. Eltern, Sch\u00fcler und Lehrkr\u00e4fte haben viele positive Erinnerungen an die gemeinsam verbrachte Woche. Nach dem Empfang am RWG und sp\u00e4ter beim Empfang im Rathaus gewannen die italienischen Sch\u00fcler einen ersten Eindruck unserer Schule und der Stadt. Abends konnten die begleitenden Lehrerinnen&hellip;<\/p>\n","protected":false},"author":2,"featured_media":6593,"comment_status":"closed","ping_status":"closed","sticky":false,"template":"","format":"standard","meta":{"footnotes":""},"categories":[1],"tags":[68,51,69],"_links":{"self":[{"href":"https:\/\/www.rwg-bayreuth.de\/home\/index.php?rest_route=\/wp\/v2\/posts\/6589"}],"collection":[{"href":"https:\/\/www.rwg-bayreuth.de\/home\/index.php?rest_route=\/wp\/v2\/posts"}],"about":[{"href":"https:\/\/www.rwg-bayreuth.de\/home\/index.php?rest_route=\/wp\/v2\/types\/post"}],"author":[{"embeddable":true,"href":"https:\/\/www.rwg-bayreuth.de\/home\/index.php?rest_route=\/wp\/v2\/users\/2"}],"replies":[{"embeddable":true,"href":"https:\/\/www.rwg-bayreuth.de\/home\/index.php?rest_route=%2Fwp%2Fv2%2Fcomments&post=6589"}],"version-history":[{"count":6,"href":"https:\/\/www.rwg-bayreuth.de\/home\/index.php?rest_route=\/wp\/v2\/posts\/6589\/revisions"}],"predecessor-version":[{"id":20479,"href":"https:\/\/www.rwg-bayreuth.de\/home\/index.php?rest_route=\/wp\/v2\/posts\/6589\/revisions\/20479"}],"wp:featuredmedia":[{"embeddable":true,"href":"https:\/\/www.rwg-bayreuth.de\/home\/index.php?rest_route=\/wp\/v2\/media\/6593"}],"wp:attachment":[{"href":"https:\/\/www.rwg-bayreuth.de\/home\/index.php?rest_route=%2Fwp%2Fv2%2Fmedia&parent=6589"}],"wp:term":[{"taxonomy":"category","embeddable":true,"href":"https:\/\/www.rwg-bayreuth.de\/home\/index.php?rest_route=%2Fwp%2Fv2%2Fcategories&post=6589"},{"taxonomy":"post_tag","embeddable":true,"href":"https:\/\/www.rwg-bayreuth.de\/home\/index.php?rest_route=%2Fwp%2Fv2%2Ftags&post=6589"}],"curies":[{"name":"wp","href":"https:\/\/api.w.org\/{rel}","templated":true}]}}