{"id":6521,"date":"2015-04-16T20:15:25","date_gmt":"2015-04-16T18:15:25","guid":{"rendered":"http:\/\/www.rwg-bayreuth.de\/home\/?page_id=6521"},"modified":"2015-04-16T20:21:54","modified_gmt":"2015-04-16T18:21:54","slug":"veronika-der-lenz-ist-da","status":"publish","type":"post","link":"https:\/\/www.rwg-bayreuth.de\/home\/?p=6521","title":{"rendered":"Veronika, der Lenz ist da&#8230;!"},"content":{"rendered":"<p><a href=\"https:\/\/www.rwg-bayreuth.de\/home\/wp-content\/uploads\/2015\/04\/2015_Fr\u00fchling_web.jpg\"><img loading=\"lazy\" decoding=\"async\" src=\"https:\/\/www.rwg-bayreuth.de\/home\/wp-content\/uploads\/2015\/04\/2015_Fr\u00fchling_web.jpg\" alt=\"2015_Fr\u00fchling_web\" width=\"350\" height=\"288\" class=\"alignleft size-full wp-image-6518\" srcset=\"https:\/\/www.rwg-bayreuth.de\/home\/wp-content\/uploads\/2015\/04\/2015_Fr\u00fchling_web.jpg 350w, https:\/\/www.rwg-bayreuth.de\/home\/wp-content\/uploads\/2015\/04\/2015_Fr\u00fchling_web-150x123.jpg 150w, https:\/\/www.rwg-bayreuth.de\/home\/wp-content\/uploads\/2015\/04\/2015_Fr\u00fchling_web-300x247.jpg 300w, https:\/\/www.rwg-bayreuth.de\/home\/wp-content\/uploads\/2015\/04\/2015_Fr\u00fchling_web-250x206.jpg 250w\" sizes=\"(max-width: 350px) 100vw, 350px\" \/><\/a>Endlich, werden viele sagen, ist die graue Jahreszeit zu Ende und der Fr\u00fchling l\u00e4sst sein blaues Band flattern mit lauen L\u00fcften, Sonnenschein und einer bunten Bl\u00fctenpracht. <\/p>\n<p>Deshalb zieht es alle hinaus ins Freie und unser Pausenhof um das Amphitheater ist wieder dicht bev\u00f6lkert. Es ist einfach sch\u00f6ner, Hausaufgaben zu machen, wenn die Sonne scheint, und auch schon die eine oder andere Unterrichtsstunde hat drau\u00dfen stattgefunden.<\/p>\n<p>Auch die Schulg\u00e4rtner waren schon aktiv und haben unter der Regie von Frau Hofmann die Lage erkundet. Die Schulgarten-AG w\u00fcrde sich \u00fcber bl\u00fchende Stauden und Bodendecker freuen, die im Schulgarten eingepflanzt werden k\u00f6nnen, weil sie f\u00fcr den Garten zu Hause zu gro\u00df geworden sind und deshalb geteilt werden m\u00fcssen. Sie k\u00f6nnen an Montagen und Dienstagen bis zum 5. Mai bei den Biologielehrern abgegeben werden.<\/p>\n<p>Wer gerne Fr\u00fchlingsgedichte mag, der denkt vielleicht an den Klassiker von Eduard M\u00f6rike (1804-1895):<\/p>\n<p>\u201eFr\u00fchling l\u00e4sst sein blaues Band<br \/>\nWieder flattern durch die L\u00fcfte;<br \/>\nS\u00fc\u00dfe, wohlbekannte D\u00fcfte<br \/>\nStreifen ahnungsvoll das Land.\u201c<\/p>\n<p>Humorvoller nimmt das Thema Ludwig Uhland (1787-1862):<\/p>\n<p>\u201eFr\u00fchling ist\u2019s, ich lass es gelten,<br \/>\nUnd mich freut\u2019s, ich muss gestehen,<br \/>\nDass man kann spazieren gehen,<br \/>\nOhne just sich zu erk\u00e4lten.\u201c<\/p>\n<p>Und was macht der Fr\u00fchling mit uns? Max Dauthendey (1867- 1918) dichtet:<\/p>\n<p>\u201eDie Amseln haben Sonne getrunken,<br \/>\nAus allen G\u00e4rten strahlen die Lieder,<br \/>\nIn allen Herzen nisten die Amseln,<br \/>\nUnd alle Herzen werden zu G\u00e4rten<br \/>\nund bl\u00fchen wieder.\u201c<\/p>\n<p>Wer sich musikalisch inspirieren lassen m\u00f6chte, kann dies mit Joseph Haydns Oratorium \u201eDie Jahreszeiten\u201c tun (1801). Sein Librettist Baron Gottfried van Swieten dichtete:<\/p>\n<p>\u201eOh, wie lieblich<br \/>\nIst der Anblick<br \/>\nDer Gefilde jetzt! <\/p>\n<p>Seht die Erde,<br \/>\nSeht die Wasser,<br \/>\nSeht die helle Luft! <\/p>\n<p>Alles lebet,<br \/>\nAlles schwebet,<br \/>\nAlles reget sich. [\u2026]\n<p>Welche Freude,<br \/>\nWelche Wonne<br \/>\nSchwellet unser Herz! [\u2026]\n<p>Was ihr f\u00fchlet,<br \/>\nWas euch reizet<br \/>\nIst des Sch\u00f6pfers Hauch. <\/p>\n<p>Lasst uns ehren,<br \/>\nLasst uns loben,<br \/>\nLasst uns preisen ihn!\u201c<\/p>\n<p>Die Musik findet sich leicht im Internet. Wer es selbst einmal probieren m\u00f6chte: Die Noten gibt&#8217;s bei <a href=\"http:\/\/www.impresario.ch\/archive\/scores\/haydnjahr-08.pdf\">http:\/\/www.impresario.ch\/archive\/scores\/haydnjahr-08.pdf <\/a>, den passenden midi-File zum \u00dcben bei <a href=\"http:\/\/www.impresario.ch\/karaoke\/show_karaoke.php?id=957\">http:\/\/www.impresario.ch\/karaoke\/show_karaoke.php?id=957<\/a><\/p>\n","protected":false},"excerpt":{"rendered":"<p>Endlich, werden viele sagen, ist die graue Jahreszeit zu Ende und der Fr\u00fchling l\u00e4sst sein blaues Band flattern mit lauen L\u00fcften, Sonnenschein und einer bunten Bl\u00fctenpracht. Deshalb zieht es alle hinaus ins Freie und unser Pausenhof um das Amphitheater ist wieder dicht bev\u00f6lkert. Es ist einfach sch\u00f6ner, Hausaufgaben zu machen, wenn die Sonne scheint, und&hellip;<\/p>\n","protected":false},"author":2,"featured_media":0,"comment_status":"closed","ping_status":"closed","sticky":false,"template":"","format":"standard","meta":{"footnotes":""},"categories":[],"tags":[],"_links":{"self":[{"href":"https:\/\/www.rwg-bayreuth.de\/home\/index.php?rest_route=\/wp\/v2\/posts\/6521"}],"collection":[{"href":"https:\/\/www.rwg-bayreuth.de\/home\/index.php?rest_route=\/wp\/v2\/posts"}],"about":[{"href":"https:\/\/www.rwg-bayreuth.de\/home\/index.php?rest_route=\/wp\/v2\/types\/post"}],"author":[{"embeddable":true,"href":"https:\/\/www.rwg-bayreuth.de\/home\/index.php?rest_route=\/wp\/v2\/users\/2"}],"replies":[{"embeddable":true,"href":"https:\/\/www.rwg-bayreuth.de\/home\/index.php?rest_route=%2Fwp%2Fv2%2Fcomments&post=6521"}],"version-history":[{"count":3,"href":"https:\/\/www.rwg-bayreuth.de\/home\/index.php?rest_route=\/wp\/v2\/posts\/6521\/revisions"}],"predecessor-version":[{"id":6528,"href":"https:\/\/www.rwg-bayreuth.de\/home\/index.php?rest_route=\/wp\/v2\/posts\/6521\/revisions\/6528"}],"wp:attachment":[{"href":"https:\/\/www.rwg-bayreuth.de\/home\/index.php?rest_route=%2Fwp%2Fv2%2Fmedia&parent=6521"}],"wp:term":[{"taxonomy":"category","embeddable":true,"href":"https:\/\/www.rwg-bayreuth.de\/home\/index.php?rest_route=%2Fwp%2Fv2%2Fcategories&post=6521"},{"taxonomy":"post_tag","embeddable":true,"href":"https:\/\/www.rwg-bayreuth.de\/home\/index.php?rest_route=%2Fwp%2Fv2%2Ftags&post=6521"}],"curies":[{"name":"wp","href":"https:\/\/api.w.org\/{rel}","templated":true}]}}