{"id":6363,"date":"2015-03-16T19:46:00","date_gmt":"2015-03-16T18:46:00","guid":{"rendered":"http:\/\/www.rwg-bayreuth.de\/home\/?page_id=6363"},"modified":"2015-03-16T20:03:59","modified_gmt":"2015-03-16T19:03:59","slug":"die-seele-ins-gleichgewicht-bringen","status":"publish","type":"post","link":"https:\/\/www.rwg-bayreuth.de\/home\/?p=6363","title":{"rendered":"Die Seele ins Gleichgewicht bringen"},"content":{"rendered":"<p><a href=\"https:\/\/www.rwg-bayreuth.de\/home\/wp-content\/uploads\/2015\/03\/sk_gross01.jpg\"><img loading=\"lazy\" decoding=\"async\" src=\"https:\/\/www.rwg-bayreuth.de\/home\/wp-content\/uploads\/2015\/03\/sk_gross01.jpg\" alt=\"sk_gross01\" width=\"400\" height=\"225\" class=\"alignleft size-full wp-image-6373\" srcset=\"https:\/\/www.rwg-bayreuth.de\/home\/wp-content\/uploads\/2015\/03\/sk_gross01.jpg 400w, https:\/\/www.rwg-bayreuth.de\/home\/wp-content\/uploads\/2015\/03\/sk_gross01-150x84.jpg 150w, https:\/\/www.rwg-bayreuth.de\/home\/wp-content\/uploads\/2015\/03\/sk_gross01-300x169.jpg 300w, https:\/\/www.rwg-bayreuth.de\/home\/wp-content\/uploads\/2015\/03\/sk_gross01-250x141.jpg 250w\" sizes=\"(max-width: 400px) 100vw, 400px\" \/><\/a>Nachdenklich verlie\u00dfen die neunten Klassen am 10. und 12. M\u00e4rz, einem Dienstag und einem Donnerstag, gegen Mittag die Aula des Richard-Wagner-Gymnasiums. Wie gehen wir damit um, wenn sich in unserer N\u00e4he ein Mensch befindet, der sich immer mehr von seiner Familie und seinen Freunden zur\u00fcckzieht? Ist es m\u00f6glich, dass sie oder er eine Krankheit hat, die nicht nach au\u00dfen sichtbar ist? Mit diesen Fragen besch\u00e4ftigten sich die Sch\u00fclerinnen und Sch\u00fcler im Rahmen des Projekttages &#8222;Angeh\u00f6rige psychisch Kranker&#8220;. Zun\u00e4chst erfuhren sie durch die Diplom-Psychologin Frau Thiele viele interessante Fakten \u00fcber Depressionen, S\u00fcchte, Phobien, Schizophrenie und andere psychische St\u00f6rungen. Nach einer kleinen Unterbrechung durften die Jugendlichen selbst t\u00e4tig werden und sich in Gruppen mit verschiedenen Themen  auseinandersetzen. Mit Plakaten zeigten sie, was zum Beispiel alles in &#8222;Einer Schule zum Wohlf\u00fchlen&#8220; vorhanden sein muss, welche Anlaufstellen Jugendliche haben oder was die eigene Seele ins Gleichgewicht bringt. Doch das alles war nur Theorie. Erst die Lebensgeschichte einer von psychischen St\u00f6rungen Betroffenen zeigte, dass daraus auch Ernst werden kann. Die Sch\u00fclerinnen und Sch\u00fcler lauschten nachdenklich der Geschichte und erkannten, wie wichtig es ist, sich bei Problemen Hilfe zu holen. Wir hoffen, dass unsere neunten Klasse nun in ihrem weiteren Leben mit dieser Art von Krankheit umgehen k\u00f6nnen und sie nicht tabuisieren.<\/p>\n","protected":false},"excerpt":{"rendered":"<p>Nachdenklich verlie\u00dfen die neunten Klassen am 10. und 12. M\u00e4rz, einem Dienstag und einem Donnerstag, gegen Mittag die Aula des Richard-Wagner-Gymnasiums. Wie gehen wir damit um, wenn sich in unserer N\u00e4he ein Mensch befindet, der sich immer mehr von seiner Familie und seinen Freunden zur\u00fcckzieht? Ist es m\u00f6glich, dass sie oder er eine Krankheit hat,&hellip;<\/p>\n","protected":false},"author":1,"featured_media":0,"comment_status":"closed","ping_status":"closed","sticky":false,"template":"","format":"standard","meta":{"footnotes":""},"categories":[],"tags":[],"_links":{"self":[{"href":"https:\/\/www.rwg-bayreuth.de\/home\/index.php?rest_route=\/wp\/v2\/posts\/6363"}],"collection":[{"href":"https:\/\/www.rwg-bayreuth.de\/home\/index.php?rest_route=\/wp\/v2\/posts"}],"about":[{"href":"https:\/\/www.rwg-bayreuth.de\/home\/index.php?rest_route=\/wp\/v2\/types\/post"}],"author":[{"embeddable":true,"href":"https:\/\/www.rwg-bayreuth.de\/home\/index.php?rest_route=\/wp\/v2\/users\/1"}],"replies":[{"embeddable":true,"href":"https:\/\/www.rwg-bayreuth.de\/home\/index.php?rest_route=%2Fwp%2Fv2%2Fcomments&post=6363"}],"version-history":[{"count":2,"href":"https:\/\/www.rwg-bayreuth.de\/home\/index.php?rest_route=\/wp\/v2\/posts\/6363\/revisions"}],"predecessor-version":[{"id":6374,"href":"https:\/\/www.rwg-bayreuth.de\/home\/index.php?rest_route=\/wp\/v2\/posts\/6363\/revisions\/6374"}],"wp:attachment":[{"href":"https:\/\/www.rwg-bayreuth.de\/home\/index.php?rest_route=%2Fwp%2Fv2%2Fmedia&parent=6363"}],"wp:term":[{"taxonomy":"category","embeddable":true,"href":"https:\/\/www.rwg-bayreuth.de\/home\/index.php?rest_route=%2Fwp%2Fv2%2Fcategories&post=6363"},{"taxonomy":"post_tag","embeddable":true,"href":"https:\/\/www.rwg-bayreuth.de\/home\/index.php?rest_route=%2Fwp%2Fv2%2Ftags&post=6363"}],"curies":[{"name":"wp","href":"https:\/\/api.w.org\/{rel}","templated":true}]}}