{"id":6255,"date":"2015-03-13T17:30:36","date_gmt":"2015-03-13T16:30:36","guid":{"rendered":"http:\/\/www.rwg-bayreuth.de\/home\/?page_id=6255"},"modified":"2015-03-13T18:33:41","modified_gmt":"2015-03-13T17:33:41","slug":"6255-2","status":"publish","type":"post","link":"https:\/\/www.rwg-bayreuth.de\/home\/?p=6255","title":{"rendered":"Partnerschaft mit Prag"},"content":{"rendered":"<div id=\"attachment_6256\" style=\"width: 360px\" class=\"wp-caption alignleft\"><a href=\"https:\/\/www.rwg-bayreuth.de\/home\/wp-content\/uploads\/2015\/03\/2015_Pragaustausch_Begr_web.jpg\"><img loading=\"lazy\" decoding=\"async\" aria-describedby=\"caption-attachment-6256\" src=\"https:\/\/www.rwg-bayreuth.de\/home\/wp-content\/uploads\/2015\/03\/2015_Pragaustausch_Begr_web.jpg\" alt=\"Schulleiterin Ursula Graf (rechts) begr\u00fc\u00dfte die tschechischen Sch\u00fcler und ihre Begleitlehrerin auf das herzlichste.\" width=\"350\" height=\"239\" class=\"size-full wp-image-6256\" srcset=\"https:\/\/www.rwg-bayreuth.de\/home\/wp-content\/uploads\/2015\/03\/2015_Pragaustausch_Begr_web.jpg 350w, https:\/\/www.rwg-bayreuth.de\/home\/wp-content\/uploads\/2015\/03\/2015_Pragaustausch_Begr_web-150x102.jpg 150w, https:\/\/www.rwg-bayreuth.de\/home\/wp-content\/uploads\/2015\/03\/2015_Pragaustausch_Begr_web-300x205.jpg 300w, https:\/\/www.rwg-bayreuth.de\/home\/wp-content\/uploads\/2015\/03\/2015_Pragaustausch_Begr_web-250x171.jpg 250w\" sizes=\"(max-width: 350px) 100vw, 350px\" \/><\/a><p id=\"caption-attachment-6256\" class=\"wp-caption-text\">Schulleiterin Ursula Graf (rechts) begr\u00fc\u00dfte die<br \/>\ntschechischen Sch\u00fcler und ihre Begleitlehrerin Alena<br \/>\nSmlsalov\u00e1 (links) auf das herzlichste.<\/p><\/div>\n<p>Das RWG hat eine neue Schulpartnerschaft: Partnerschule ist das Gymn\u00e1zium Nad Kaval\u00edrou in Prag. Eine Sch\u00fclergruppe aus der tschechischen Hauptstadt war bereits zu Gast, der Gegenbesuch ist Ende des Monats.<\/p>\n<p>Durch die Erweiterung der Europ\u00e4ischen Union ist Bayreuth aus der Zonenrandlage pl\u00f6tzlich in das Zentrum des zusammenwachsenden Europas ger\u00fcckt: Die Entfernung nach Tallin in Estland ist genauso weit wie nach Barcelona, nach Warschau ist es nicht weiter als an die Kanalk\u00fcste. Bayreuth ist im Mittelpunkt eines Kreises, der nicht nur Frankfurt, M\u00fcnchen oder Leipzig ber\u00fchrt, sondern auch Prag. Was liegt also n\u00e4her, als auch in diese Richtung die F\u00fchler auszustrecken, um zusammenwachsen zu lassen, was kulturell und wirtschaftlich zusammengeh\u00f6rt?<\/p>\n<p>Einer Initiative von Frau Gerdes ist es zu danken, dass Kontakte reaktiviert wurden, die bereits einmal vor etwas 12 Jahren bestanden: Bereits damals war eine Sch\u00fclergruppe des Gymn\u00e1zium Nad Kaval\u00edrou zu Gast. Nach M\u00f6glichkeit soll der Austausch nun eine Dauereinrichtung werden, denn es ist daran gedacht, sich im Zweijahresrhythmus gegenseitig zu besuchen.<\/p>\n<p>Die erste Sch\u00fclergruppe aus Tschechien war bereits zu Gast. Neun Sch\u00fclerinnen und Sch\u00fcler hatten sich f\u00fcr die erste Austauschrunde gemeldet und waren nach Bayreuth gekommen. Sie lernten nicht nur unsere Stadt kennen, sondern machten auch Ausfl\u00fcge nach N\u00fcrnberg und Bamberg, wo die kulturellen Sehensw\u00fcrdigkeiten besucht wurden. Selbstverst\u00e4ndlich blieb auch gen\u00fcgend Zeit f\u00fcr das Familienleben, denn den Alltag des jeweiligen Gastlandes kennenzulernen ist ein wichtiges Anliegen eines Austauschprogramms. Bei der Kommunikation halfen die Deutschkenntnisse der tschechischen G\u00e4ste. Wenn es nach Prag geht, wird wohl haupts\u00e4chlich Englisch als lingua franca herhalten m\u00fcssen. Vielleicht bringen unsere Sch\u00fcler sogar ein paar Brocken Tschechisch mit zur\u00fcck: Das w\u00e4re ein verhei\u00dfungsvoller Start f\u00fcr einen hoffentlich langlebigen Austausch.<\/p>\n","protected":false},"excerpt":{"rendered":"<p>Das RWG hat eine neue Schulpartnerschaft: Partnerschule ist das Gymn\u00e1zium Nad Kaval\u00edrou in Prag. Eine Sch\u00fclergruppe aus der tschechischen Hauptstadt war bereits zu Gast, der Gegenbesuch ist Ende des Monats. Durch die Erweiterung der Europ\u00e4ischen Union ist Bayreuth aus der Zonenrandlage pl\u00f6tzlich in das Zentrum des zusammenwachsenden Europas ger\u00fcckt: Die Entfernung nach Tallin in Estland&hellip;<\/p>\n","protected":false},"author":2,"featured_media":0,"comment_status":"closed","ping_status":"closed","sticky":false,"template":"","format":"standard","meta":{"footnotes":""},"categories":[],"tags":[],"_links":{"self":[{"href":"https:\/\/www.rwg-bayreuth.de\/home\/index.php?rest_route=\/wp\/v2\/posts\/6255"}],"collection":[{"href":"https:\/\/www.rwg-bayreuth.de\/home\/index.php?rest_route=\/wp\/v2\/posts"}],"about":[{"href":"https:\/\/www.rwg-bayreuth.de\/home\/index.php?rest_route=\/wp\/v2\/types\/post"}],"author":[{"embeddable":true,"href":"https:\/\/www.rwg-bayreuth.de\/home\/index.php?rest_route=\/wp\/v2\/users\/2"}],"replies":[{"embeddable":true,"href":"https:\/\/www.rwg-bayreuth.de\/home\/index.php?rest_route=%2Fwp%2Fv2%2Fcomments&post=6255"}],"version-history":[{"count":7,"href":"https:\/\/www.rwg-bayreuth.de\/home\/index.php?rest_route=\/wp\/v2\/posts\/6255\/revisions"}],"predecessor-version":[{"id":6268,"href":"https:\/\/www.rwg-bayreuth.de\/home\/index.php?rest_route=\/wp\/v2\/posts\/6255\/revisions\/6268"}],"wp:attachment":[{"href":"https:\/\/www.rwg-bayreuth.de\/home\/index.php?rest_route=%2Fwp%2Fv2%2Fmedia&parent=6255"}],"wp:term":[{"taxonomy":"category","embeddable":true,"href":"https:\/\/www.rwg-bayreuth.de\/home\/index.php?rest_route=%2Fwp%2Fv2%2Fcategories&post=6255"},{"taxonomy":"post_tag","embeddable":true,"href":"https:\/\/www.rwg-bayreuth.de\/home\/index.php?rest_route=%2Fwp%2Fv2%2Ftags&post=6255"}],"curies":[{"name":"wp","href":"https:\/\/api.w.org\/{rel}","templated":true}]}}