{"id":6207,"date":"2015-03-06T09:00:47","date_gmt":"2015-03-06T08:00:47","guid":{"rendered":"http:\/\/www.rwg-bayreuth.de\/home\/?page_id=6207"},"modified":"2016-11-26T20:08:01","modified_gmt":"2016-11-26T19:08:01","slug":"europaeischer-wettbewerb","status":"publish","type":"post","link":"https:\/\/www.rwg-bayreuth.de\/home\/?p=6207","title":{"rendered":"Europ\u00e4ischer Wettbewerb"},"content":{"rendered":"<p>Beim 62. Europ\u00e4ischen Wettbewerb hat unsere Schule sehr gut abgeschnitten. Es gab acht Landessieger, f\u00fcnf von ihnen wurden f\u00fcr die n\u00e4chste Wettbewerbsrunde auf Bundesebene weitergereicht.<\/p>\n<p>Der Europ\u00e4ische Wettbewerb 2015 stand unter dem Motto \u201eEuropa hilft \u2013 hilft Europa?\u201c Es gab f\u00fcr die einzelnen Jahrgangsstufen unterschiedliche Aufgaben und es konnte unter verschiedenen Gestaltungstechniken gew\u00e4hlt werden. Unsere Sch\u00fcler aus den Jahrgangsstufen 5, 8 und 10 beteiligten sich mit Bildern aus dem Kunstunterricht von Frau Gerdes und Herrn Just.<\/p>\n<p>Als Landessieger wurden Lea Paulig (6b), Helen Shenkute (5c) und Annabell B\u00e4r (8b) ausgezeichnet. Weitere Landessieger wurden Stephanie Schreiner (10b), Yusuf Okcan (10c), Jennifer H\u00f6sch (10b), Hannah Vieth (10c) und Jennifer Honstein (5c). Ihre Arbeiten wurden f\u00fcr die n\u00e4chste Wettbewerbsrunde nominiert.<\/p>\n<p>Hier sind einige der Siegerarbeiten:<\/p>\n<div style=\"visibility:visible;width:460px;margin:auto\"><embed src=\"http:\/\/flash.picturetrail.com\/pflicks\/3\/spflick.swf\" quality=\"high\" FlashVars=\"ql=2&#038;src1=http:\/\/pic80.picturetrail.com\/VOL2078\/10245846\/flicks\/1\/9072517\" wmode=\"transparent\" bgcolor=\"#000000\" width=\"460\" height=\"350\" name=\"sequence\" align=\"middle\" allowScriptAccess=\"sameDomain\" style=\"height:350px;width:460px\" type=\"application\/x-shockwave-flash\"><\/embed><\/p>\n<p style=\"whitespace:no-wrap;margin-top:10px;height:24px;width:460px\">\n<\/div>\n","protected":false},"excerpt":{"rendered":"<p>Beim 62. Europ\u00e4ischen Wettbewerb hat unsere Schule sehr gut abgeschnitten. Es gab acht Landessieger, f\u00fcnf von ihnen wurden f\u00fcr die n\u00e4chste Wettbewerbsrunde auf Bundesebene weitergereicht. Der Europ\u00e4ische Wettbewerb 2015 stand unter dem Motto \u201eEuropa hilft \u2013 hilft Europa?\u201c Es gab f\u00fcr die einzelnen Jahrgangsstufen unterschiedliche Aufgaben und es konnte unter verschiedenen Gestaltungstechniken gew\u00e4hlt werden. Unsere&hellip;<\/p>\n","protected":false},"author":2,"featured_media":0,"comment_status":"closed","ping_status":"closed","sticky":false,"template":"","format":"standard","meta":{"footnotes":""},"categories":[],"tags":[],"_links":{"self":[{"href":"https:\/\/www.rwg-bayreuth.de\/home\/index.php?rest_route=\/wp\/v2\/posts\/6207"}],"collection":[{"href":"https:\/\/www.rwg-bayreuth.de\/home\/index.php?rest_route=\/wp\/v2\/posts"}],"about":[{"href":"https:\/\/www.rwg-bayreuth.de\/home\/index.php?rest_route=\/wp\/v2\/types\/post"}],"author":[{"embeddable":true,"href":"https:\/\/www.rwg-bayreuth.de\/home\/index.php?rest_route=\/wp\/v2\/users\/2"}],"replies":[{"embeddable":true,"href":"https:\/\/www.rwg-bayreuth.de\/home\/index.php?rest_route=%2Fwp%2Fv2%2Fcomments&post=6207"}],"version-history":[{"count":5,"href":"https:\/\/www.rwg-bayreuth.de\/home\/index.php?rest_route=\/wp\/v2\/posts\/6207\/revisions"}],"predecessor-version":[{"id":6216,"href":"https:\/\/www.rwg-bayreuth.de\/home\/index.php?rest_route=\/wp\/v2\/posts\/6207\/revisions\/6216"}],"wp:attachment":[{"href":"https:\/\/www.rwg-bayreuth.de\/home\/index.php?rest_route=%2Fwp%2Fv2%2Fmedia&parent=6207"}],"wp:term":[{"taxonomy":"category","embeddable":true,"href":"https:\/\/www.rwg-bayreuth.de\/home\/index.php?rest_route=%2Fwp%2Fv2%2Fcategories&post=6207"},{"taxonomy":"post_tag","embeddable":true,"href":"https:\/\/www.rwg-bayreuth.de\/home\/index.php?rest_route=%2Fwp%2Fv2%2Ftags&post=6207"}],"curies":[{"name":"wp","href":"https:\/\/api.w.org\/{rel}","templated":true}]}}