{"id":6177,"date":"2015-03-02T21:29:47","date_gmt":"2015-03-02T20:29:47","guid":{"rendered":"http:\/\/www.rwg-bayreuth.de\/home\/?page_id=6177"},"modified":"2016-11-26T20:05:53","modified_gmt":"2016-11-26T19:05:53","slug":"lernort-staatsregierung-eine-informative-studienfahrt","status":"publish","type":"post","link":"https:\/\/www.rwg-bayreuth.de\/home\/?p=6177","title":{"rendered":"Lernort Staatsregierung &#8211; eine informative Studienfahrt"},"content":{"rendered":"<p><a href=\"https:\/\/www.rwg-bayreuth.de\/home\/wp-content\/uploads\/2015\/03\/muenchen01.jpg\"><img loading=\"lazy\" decoding=\"async\" class=\"alignleft size-full wp-image-6180\" src=\"https:\/\/www.rwg-bayreuth.de\/home\/wp-content\/uploads\/2015\/03\/muenchen01.jpg\" alt=\"muenchen01\" width=\"300\" height=\"225\" srcset=\"https:\/\/www.rwg-bayreuth.de\/home\/wp-content\/uploads\/2015\/03\/muenchen01.jpg 300w, https:\/\/www.rwg-bayreuth.de\/home\/wp-content\/uploads\/2015\/03\/muenchen01-150x113.jpg 150w, https:\/\/www.rwg-bayreuth.de\/home\/wp-content\/uploads\/2015\/03\/muenchen01-250x188.jpg 250w\" sizes=\"(max-width: 300px) 100vw, 300px\" \/><\/a>Der fr\u00fche Vogel f\u00e4ngt den Wurm &#8211; unter diesem Motto brachen die Sozialwissenschaftler der 10. Klassen am 26. 02. 2015 schon kurz vor sieben Uhr morgens nach M\u00fcnchen auf. Eingeladen waren sie vom Wirtschaftsministerium, genauer gesagt vom Bayerischen Staatsministerium f\u00fcr Wirtschaft und Medien, Energie und Technologie. Was ist eigentlich ein Referat? Und warum hinterl\u00e4sst man immer einen guten Eindruck, wenn man in einer Beh\u00f6rde oder in einem gr\u00f6\u00dferen Betrieb nach einem Organisationsplan fragt? Das erkl\u00e4rte Manfred Lux den Sch\u00fclerinnen und Sch\u00fclern. Auf sehr ansprechende Art und Weise erhielten sie einen Einblick in die Arbeitsweise und den Aufbau eines Ministeriums. Dann schilderte Dr. Andreas W\u00fcrth, der Leiter des B\u00fcros des Staatssekret\u00e4rs, welche Aufgaben ein Staatssekret\u00e4r hat und wie dessen aktuelle Arbeitswoche verl\u00e4uft. Schlie\u00dflich erhielt die Gruppe einen sehr fundierten Vortrag \u00fcber &#8222;Die Zukunft der Arbeit&#8220; von Dr. Martin Schlotter. Der Vormittag verging dank dieser sehr informativen Vortr\u00e4ge wie im Fluge. Die Mittagspause durfte die Gruppe in der Kantine des Ministeriums verbringen, bis diese von einem unerkl\u00e4rlichen Feueralarm j\u00e4h beendet wurde.<\/p>\n<p><a href=\"https:\/\/www.rwg-bayreuth.de\/home\/wp-content\/uploads\/2015\/03\/muenchen02.jpg\"><img loading=\"lazy\" decoding=\"async\" class=\"alignleft size-full wp-image-6182\" src=\"https:\/\/www.rwg-bayreuth.de\/home\/wp-content\/uploads\/2015\/03\/muenchen02.jpg\" alt=\"muenchen02\" width=\"300\" height=\"225\" srcset=\"https:\/\/www.rwg-bayreuth.de\/home\/wp-content\/uploads\/2015\/03\/muenchen02.jpg 300w, https:\/\/www.rwg-bayreuth.de\/home\/wp-content\/uploads\/2015\/03\/muenchen02-150x113.jpg 150w, https:\/\/www.rwg-bayreuth.de\/home\/wp-content\/uploads\/2015\/03\/muenchen02-250x188.jpg 250w\" sizes=\"(max-width: 300px) 100vw, 300px\" \/><\/a>Im Anschluss daran referierte Sabine Lauterbach von der Bayerischen Landeszentrale f\u00fcr politische Bildung, die die Veranstaltungen unter dem Motto &#8222;Lernort Staatsregierung&#8220; organisiert und durchf\u00fchrt, \u00fcber die Zusammensetzung und die Aufgaben der Bayerischen Staatsregierung. Dann ging es hinaus in die Sonne und nach einem kurzen Spaziergang wurde die Staatskanzlei erreicht. Frau Lauterbach erkl\u00e4rte die Baugeschichte und einige moderne Kunstwerke im Haus.<\/p>\n<p><a href=\"https:\/\/www.rwg-bayreuth.de\/home\/wp-content\/uploads\/2015\/03\/muenchen03.jpg\"><img loading=\"lazy\" decoding=\"async\" class=\"alignleft size-full wp-image-6183\" src=\"https:\/\/www.rwg-bayreuth.de\/home\/wp-content\/uploads\/2015\/03\/muenchen03.jpg\" alt=\"muenchen03\" width=\"300\" height=\"225\" srcset=\"https:\/\/www.rwg-bayreuth.de\/home\/wp-content\/uploads\/2015\/03\/muenchen03.jpg 300w, https:\/\/www.rwg-bayreuth.de\/home\/wp-content\/uploads\/2015\/03\/muenchen03-150x113.jpg 150w, https:\/\/www.rwg-bayreuth.de\/home\/wp-content\/uploads\/2015\/03\/muenchen03-250x188.jpg 250w\" sizes=\"(max-width: 300px) 100vw, 300px\" \/><\/a>H\u00f6hepunkt des Besuchs war die Besichtigung des Kabinettssitzungssaales. Wer wei\u00df, ob einmal eine unserer Sch\u00fclerinnen oder einer unserer Sch\u00fcler dort Platz nehmen wird &#8211; als Ministerin, Staatssekret\u00e4r oder Ministerpr\u00e4sidentin, mal sehen. Das Probesitzen hat jedenfalls schon gut geklappt.<\/p>\n<p>Christine Wenger<\/p>\n","protected":false},"excerpt":{"rendered":"<p>Der fr\u00fche Vogel f\u00e4ngt den Wurm &#8211; unter diesem Motto brachen die Sozialwissenschaftler der 10. Klassen am 26. 02. 2015 schon kurz vor sieben Uhr morgens nach M\u00fcnchen auf. Eingeladen waren sie vom Wirtschaftsministerium, genauer gesagt vom Bayerischen Staatsministerium f\u00fcr Wirtschaft und Medien, Energie und Technologie. Was ist eigentlich ein Referat? Und warum hinterl\u00e4sst man&hellip;<\/p>\n","protected":false},"author":1,"featured_media":0,"comment_status":"closed","ping_status":"closed","sticky":false,"template":"","format":"standard","meta":{"footnotes":""},"categories":[],"tags":[],"_links":{"self":[{"href":"https:\/\/www.rwg-bayreuth.de\/home\/index.php?rest_route=\/wp\/v2\/posts\/6177"}],"collection":[{"href":"https:\/\/www.rwg-bayreuth.de\/home\/index.php?rest_route=\/wp\/v2\/posts"}],"about":[{"href":"https:\/\/www.rwg-bayreuth.de\/home\/index.php?rest_route=\/wp\/v2\/types\/post"}],"author":[{"embeddable":true,"href":"https:\/\/www.rwg-bayreuth.de\/home\/index.php?rest_route=\/wp\/v2\/users\/1"}],"replies":[{"embeddable":true,"href":"https:\/\/www.rwg-bayreuth.de\/home\/index.php?rest_route=%2Fwp%2Fv2%2Fcomments&post=6177"}],"version-history":[{"count":10,"href":"https:\/\/www.rwg-bayreuth.de\/home\/index.php?rest_route=\/wp\/v2\/posts\/6177\/revisions"}],"predecessor-version":[{"id":6190,"href":"https:\/\/www.rwg-bayreuth.de\/home\/index.php?rest_route=\/wp\/v2\/posts\/6177\/revisions\/6190"}],"wp:attachment":[{"href":"https:\/\/www.rwg-bayreuth.de\/home\/index.php?rest_route=%2Fwp%2Fv2%2Fmedia&parent=6177"}],"wp:term":[{"taxonomy":"category","embeddable":true,"href":"https:\/\/www.rwg-bayreuth.de\/home\/index.php?rest_route=%2Fwp%2Fv2%2Fcategories&post=6177"},{"taxonomy":"post_tag","embeddable":true,"href":"https:\/\/www.rwg-bayreuth.de\/home\/index.php?rest_route=%2Fwp%2Fv2%2Ftags&post=6177"}],"curies":[{"name":"wp","href":"https:\/\/api.w.org\/{rel}","templated":true}]}}