{"id":6148,"date":"2015-03-02T09:03:08","date_gmt":"2015-03-02T08:03:08","guid":{"rendered":"http:\/\/www.rwg-bayreuth.de\/home\/?page_id=6148"},"modified":"2017-03-20T22:03:17","modified_gmt":"2017-03-20T21:03:17","slug":"wertetag-2015-2","status":"publish","type":"post","link":"https:\/\/www.rwg-bayreuth.de\/home\/?p=6148","title":{"rendered":"Wertetag 2015"},"content":{"rendered":"<div id=\"attachment_6149\" style=\"width: 360px\" class=\"wp-caption alignleft\"><a href=\"https:\/\/www.rwg-bayreuth.de\/home\/wp-content\/uploads\/2015\/03\/2015_Projekttag_5-Vokabeln_web.jpg\"><img loading=\"lazy\" decoding=\"async\" aria-describedby=\"caption-attachment-6149\" src=\"https:\/\/www.rwg-bayreuth.de\/home\/wp-content\/uploads\/2015\/03\/2015_Projekttag_5-Vokabeln_web.jpg\" alt=\"Die Lehrer gaben Tipps zum Vokabellernen.\" width=\"250\" height=\"174\" class=\"size-full wp-image-6149\" srcset=\"https:\/\/www.rwg-bayreuth.de\/home\/wp-content\/uploads\/2015\/03\/2015_Projekttag_5-Vokabeln_web.jpg 350w, https:\/\/www.rwg-bayreuth.de\/home\/wp-content\/uploads\/2015\/03\/2015_Projekttag_5-Vokabeln_web-150x104.jpg 150w, https:\/\/www.rwg-bayreuth.de\/home\/wp-content\/uploads\/2015\/03\/2015_Projekttag_5-Vokabeln_web-300x208.jpg 300w, https:\/\/www.rwg-bayreuth.de\/home\/wp-content\/uploads\/2015\/03\/2015_Projekttag_5-Vokabeln_web-250x174.jpg 250w\" sizes=\"(max-width: 250px) 100vw, 250px\" \/><\/a><p id=\"caption-attachment-6149\" class=\"wp-caption-text\">Die Lehrer gaben Tipps zum Lernen.<\/p><\/div>\n<p>F\u00fcr die 5. Jahrgangsstufe war das Thema \u201eLernen lernen\u201c angesagt. Gerade auf diesem Gebiet kann man vieles falsch machen. Besonders wenn in der Grundschule das Lernen leicht fiel, ist es nach dem \u00dcbertritt ans Gymnasium oft gar nicht so einfach, richtig zu lernen: Wie geht das mit den Vokabeln? Was meint der Lehrer, wenn es hei\u00dft, die Hausaufgabe ist die Buchseite zu lernen? Hierzu bekamen die Sch\u00fcler wertvolle Ratschl\u00e4ge, die sie auch gleich am Projekttag ausprobieren konnten.<\/p>\n<div id=\"attachment_6150\" style=\"width: 360px\" class=\"wp-caption alignright\"><a href=\"https:\/\/www.rwg-bayreuth.de\/home\/wp-content\/uploads\/2015\/03\/2015_Projekttag_6_Ern\u00e4hrung_web.jpg\"><img loading=\"lazy\" decoding=\"async\" aria-describedby=\"caption-attachment-6150\" src=\"https:\/\/www.rwg-bayreuth.de\/home\/wp-content\/uploads\/2015\/03\/2015_Projekttag_6_Ern\u00e4hrung_web.jpg\" alt=\"Ein Obstsalat ist gesund und leicht zuzubereiten.\" width=\"250\" height=\"167\" class=\"size-full wp-image-6150\" srcset=\"https:\/\/www.rwg-bayreuth.de\/home\/wp-content\/uploads\/2015\/03\/2015_Projekttag_6_Ern\u00e4hrung_web.jpg 350w, https:\/\/www.rwg-bayreuth.de\/home\/wp-content\/uploads\/2015\/03\/2015_Projekttag_6_Ern\u00e4hrung_web-150x100.jpg 150w, https:\/\/www.rwg-bayreuth.de\/home\/wp-content\/uploads\/2015\/03\/2015_Projekttag_6_Ern\u00e4hrung_web-300x201.jpg 300w, https:\/\/www.rwg-bayreuth.de\/home\/wp-content\/uploads\/2015\/03\/2015_Projekttag_6_Ern\u00e4hrung_web-250x167.jpg 250w\" sizes=\"(max-width: 250px) 100vw, 250px\" \/><\/a><p id=\"caption-attachment-6150\" class=\"wp-caption-text\">Ein Obstsalat ist gesund und leicht<br \/>\nzuzubereiten.<\/p><\/div>\n<p>F\u00fcr die 6. Jahrgangsstufe wurde das Thema \u201eEssen und Ern\u00e4hrung\u201c in den Mittelpunkt gestellt. Es ist keine gute Idee, morgens hungrig in die Schule zu gehen. F\u00fcr ein gesundes Fr\u00fchst\u00fcck sollte deshalb Zeit sien, ebenso f\u00fcr ein &#8218;Pausenbrot, das hilft, den Vormittag \u00fcbner durchzuhalten. Wie man all dies gesund und richtig zubereitet, wurde von Frau Hupe erkl\u00e4rt. den Sch\u00fclern wurde aber auch gezeigt, dass Ern\u00e4hrung mit vielen problematischen Aspekten verkn\u00fcpft ist, die nichts mit der Kalorienzahl zu tun hat: Ein Kilo Bananen kostet wohl um die zwei Euro. Sie haben aber eine Tausende von Kilomern lange Reise hinter sich. Das rechnet sich nur, wenn sie in Plantangen angebaut werden und die Lohnkosten vor Ort niedrig sind. Leidtragende sind oft die Arbeiter, ganz zu schwiegen davon, dass die Produktion vor Ort oft nicht gut f\u00fcr die Umwelt ist.<\/p>\n<div id=\"attachment_6151\" style=\"width: 360px\" class=\"wp-caption alignleft\"><a href=\"https:\/\/www.rwg-bayreuth.de\/home\/wp-content\/uploads\/2015\/03\/2015_Projekttage_7_Mobbing_web.jpg\"><img loading=\"lazy\" decoding=\"async\" aria-describedby=\"caption-attachment-6151\" src=\"https:\/\/www.rwg-bayreuth.de\/home\/wp-content\/uploads\/2015\/03\/2015_Projekttage_7_Mobbing_web.jpg\" alt=\"Wir m\u00fcssen lernen, vertrausensvoll miteinander umzugehen.\" width=\"250\" height=\"168\" class=\"size-full wp-image-6151\" srcset=\"https:\/\/www.rwg-bayreuth.de\/home\/wp-content\/uploads\/2015\/03\/2015_Projekttage_7_Mobbing_web.jpg 350w, https:\/\/www.rwg-bayreuth.de\/home\/wp-content\/uploads\/2015\/03\/2015_Projekttage_7_Mobbing_web-150x101.jpg 150w, https:\/\/www.rwg-bayreuth.de\/home\/wp-content\/uploads\/2015\/03\/2015_Projekttage_7_Mobbing_web-300x201.jpg 300w, https:\/\/www.rwg-bayreuth.de\/home\/wp-content\/uploads\/2015\/03\/2015_Projekttage_7_Mobbing_web-250x168.jpg 250w\" sizes=\"(max-width: 250px) 100vw, 250px\" \/><\/a><p id=\"caption-attachment-6151\" class=\"wp-caption-text\">Wir m\u00fcssen lernen, vertrausensvoll<br \/>\nmiteinander umzugehen.<\/p><\/div>\n<p>In der 7. Jahrgangsstufe wird dieses Thema fortgef\u00fchrt: Das Schlagwort \u201eMobbing\u201c wird heute schnell in den Mund genommen, aber es ist im Schulalltag ein reales Problem, dass Gruppenbildungen stattfinden mit allen Konsequenzen, die dies hat: Jede Gruppe zeichnet sich dadurch aus, dass sie sich um Zusammengeh\u00f6rigkeit nach innen und gleichzeitig Abgrenzung nach au\u00dfen bem\u00fcht, aber keiner will der Ausgegrenzte sein: Ist es hier nicht notwendig zu lernen, wie man Br\u00fccken baut und Au\u00dfenstehende integriert, zumal jeder selbst sehr schnell derjenige sein kann, der sich pl\u00f6tzlich ausgegrenzt wiederfindet, ohne dass er oft wei\u00df warum. Versch\u00e4rft wird das Problem durch die M\u00f6glichkeiten der sozialen Netzwerke: Ohne dass sich die einzelnen oft wirklich dessen bewusst sind, sind flapsige Kommentare in den sozialen Netzwerken oder vermeintlich \u201elustige\u201c Bilder, die schnell einmal hochgeladen werden, Mobbing-Werkzeuge Nummer eins. Bewusstsein zu wecken, was man mit einem Mausklick anrichten kann, ist ein wichtiges Anliegen des Projekttages.<\/p>\n<div id=\"attachment_6153\" style=\"width: 360px\" class=\"wp-caption alignright\"><a href=\"https:\/\/www.rwg-bayreuth.de\/home\/wp-content\/uploads\/2015\/03\/2015_Projekttag_8-Alkohol2_web.jpg\"><img loading=\"lazy\" decoding=\"async\" aria-describedby=\"caption-attachment-6153\" src=\"https:\/\/www.rwg-bayreuth.de\/home\/wp-content\/uploads\/2015\/03\/2015_Projekttag_8-Alkohol2_web.jpg\" alt=\"Ein guter Drink schmeckt auch ohne Alkohol.\" width=\"250\" height=\"199\" class=\"size-full wp-image-6153\" srcset=\"https:\/\/www.rwg-bayreuth.de\/home\/wp-content\/uploads\/2015\/03\/2015_Projekttag_8-Alkohol2_web.jpg 350w, https:\/\/www.rwg-bayreuth.de\/home\/wp-content\/uploads\/2015\/03\/2015_Projekttag_8-Alkohol2_web-150x120.jpg 150w, https:\/\/www.rwg-bayreuth.de\/home\/wp-content\/uploads\/2015\/03\/2015_Projekttag_8-Alkohol2_web-300x239.jpg 300w, https:\/\/www.rwg-bayreuth.de\/home\/wp-content\/uploads\/2015\/03\/2015_Projekttag_8-Alkohol2_web-250x199.jpg 250w\" sizes=\"(max-width: 250px) 100vw, 250px\" \/><\/a><p id=\"caption-attachment-6153\" class=\"wp-caption-text\">Ein guter Drink schmeckt auch ohne<br \/>\nAlkohol.<\/p><\/div>\n<p>F\u00fcr die Jahrgangsstufe 8 steht das Thema \u201eSucht\u201c im Mittelpunkt: Bayreuth ist in dieser Hinsicht alles andere als eine Insel der Seligen, sondern aufgrund seiner N\u00e4he zu Tschechien wichtiger Drogenumschlagplatz. In Kontakt mit dem Stoff zu kommen, aus dem vermeintlich die Tr\u00e4ume sind, ist nicht schwer: Wer die Augen und mehr noch die Ohren offen hat, wird sich jedes Gift dieser Welt besorgen k\u00f6nnen. Wichtig ist es deshalb \u201eNein!\u201c sagen zu lernen und eine starke Pers\u00f6nlichkeit zu entwickeln, sodass man Suchtmittel nicht braucht, um sich gut zu finden und mit der eigenen Person etwas anfangen zu k\u00f6nnen. <\/p>\n<div id=\"attachment_6152\" style=\"width: 360px\" class=\"wp-caption alignleft\"><a href=\"https:\/\/www.rwg-bayreuth.de\/home\/wp-content\/uploads\/2015\/03\/2015_Projekttag_9_Entspannung_web.jpg\"><img loading=\"lazy\" decoding=\"async\" aria-describedby=\"caption-attachment-6152\" src=\"https:\/\/www.rwg-bayreuth.de\/home\/wp-content\/uploads\/2015\/03\/2015_Projekttag_9_Entspannung_web.jpg\" alt=\"Wer viel lernt, muss sich auch entspannen.\" width=\"250\" height=\"184\" class=\"size-full wp-image-6152\" srcset=\"https:\/\/www.rwg-bayreuth.de\/home\/wp-content\/uploads\/2015\/03\/2015_Projekttag_9_Entspannung_web.jpg 350w, https:\/\/www.rwg-bayreuth.de\/home\/wp-content\/uploads\/2015\/03\/2015_Projekttag_9_Entspannung_web-150x110.jpg 150w, https:\/\/www.rwg-bayreuth.de\/home\/wp-content\/uploads\/2015\/03\/2015_Projekttag_9_Entspannung_web-300x220.jpg 300w, https:\/\/www.rwg-bayreuth.de\/home\/wp-content\/uploads\/2015\/03\/2015_Projekttag_9_Entspannung_web-250x184.jpg 250w\" sizes=\"(max-width: 250px) 100vw, 250px\" \/><\/a><p id=\"caption-attachment-6152\" class=\"wp-caption-text\">Wer viel lernt, muss sich auch<br \/>\nentspannen.<\/p><\/div>\n<p>Schule ist stressig. Wer nicht aufpasst, kann sich im Notendschungel aufarbeiten und sich und die Lebensfreude dar\u00fcber verlieren. Ehrgeiz ist eine durchaus positive Eigenschaft, und nur wer sich Ziele steckt, wird auch das Gef\u00fchl kennen lernen, dass es sch\u00f6n ist, wenn man etwas erreicht hat. Dies geht aber nur, wenn man es auch schafft, sich dazwischen zu entspannen, abzuschalten und zu regenerieren. F\u00fcr die 9. Jahrgangsstufen wurden deshalb Techniken der Meditation und Entspannung gezeigt, die helfen sollen, eine positive Lebenshaltung zu entwickeln und konstruktiv mit Stress und Belastung umzugehen.<\/p>\n<div id=\"attachment_3155\" style=\"width: 260px\" class=\"wp-caption alignright\"><a href=\"https:\/\/www.rwg-bayreuth.de\/home\/wp-content\/uploads\/2014\/02\/2014_Projekttag_10_Natur.jpg\"><img loading=\"lazy\" decoding=\"async\" aria-describedby=\"caption-attachment-3155\" src=\"https:\/\/www.rwg-bayreuth.de\/home\/wp-content\/uploads\/2014\/02\/2014_Projekttag_10_Natur.jpg\" alt=\"Mit allem, was wir tun, hinterlassen wir einen \u00f6kologischen Fu\u00dfabdruck. Das wurde auf dem PRojekttag erkl\u00e4rt.\" width=\"250\" height=\"185\" class=\"size-full wp-image-3155\" srcset=\"https:\/\/www.rwg-bayreuth.de\/home\/wp-content\/uploads\/2014\/02\/2014_Projekttag_10_Natur.jpg 300w, https:\/\/www.rwg-bayreuth.de\/home\/wp-content\/uploads\/2014\/02\/2014_Projekttag_10_Natur-150x111.jpg 150w, https:\/\/www.rwg-bayreuth.de\/home\/wp-content\/uploads\/2014\/02\/2014_Projekttag_10_Natur-250x185.jpg 250w\" sizes=\"(max-width: 250px) 100vw, 250px\" \/><\/a><p id=\"caption-attachment-3155\" class=\"wp-caption-text\">Mit allem, was wir tun, hinterlassen wir<br \/>\neinen \u00f6kologischen Fu\u00dfabdruck.<\/p><\/div>\n<p>F\u00fcr die 10. Klassen ging es schlie\u00dflich darum, sich einen Blick f\u00fcr uns anvertraute Sch\u00f6pfung zu bewahren: \u201eVerantwortung gegen\u00fcber der Natur hie\u00df deshalb das Rahmenthema, das am Projekttag behandelt wurde.<\/p>\n<p>Dank des logistischen Gro\u00dfaufwandes, den das Organisationsteam um Herrn Kockler und Frau Kemnitzer betrieben hatte, klappte der Ablauf des Projekttages sehr gut und war f\u00fcr die Klassen eine lohnende Erfahrung: Es wurden viele gute und konstruktive Gespr\u00e4che gef\u00fchrt und sinnvoll an den Projekten gearbeitet und so vielleicht manch neuer Blick auf die einzelnen Themenbereiche freigesetzt. Sich Zeit zu nehmen, die Rahmenthemen einmal gemeinsam zu durchdenken und in gemeinsamen Aktivit\u00e4ten aufzuarbeiten, war eine wichtige Erfahrung. Nat\u00fcrlich wird niemand nach einem Vormittag von Saulus zu Paulus, vom Teufelchen zum Engelchen. Aber es ist wichtig, auch einmal innezuhalten, sich auf sich und den anderen zu besinnen und mit den Denkanst\u00f6\u00dfen auseinanderzusetzen, welche die Schule zu den verschiedenen Problemfeldern anzubieten hat.. Sehr sch\u00f6n ist, dass sich die Sch\u00fcler selbst f\u00fcr die Durchf\u00fchrung der Projekte verantwortlich f\u00fchlten: Die SMV, besonders aber die Streitschlichtergruppe \u00fcbernahmen bei der Gestaltung der Projekttage wichtige Aufgaben. Auch das geh\u00f6rt zu einer lebendigen Schule dazu.<\/p>\n<p><a href=\"https:\/\/www.rwg-bayreuth.de\/home\/?page_id=3140\" title=\"Werteerziehung\">[mehr Informationen zur Werteerziehung am RWG&#8230;]<\/a><\/p>\n","protected":false},"excerpt":{"rendered":"<p>F\u00fcr die 5. Jahrgangsstufe war das Thema \u201eLernen lernen\u201c angesagt. Gerade auf diesem Gebiet kann man vieles falsch machen. Besonders wenn in der Grundschule das Lernen leicht fiel, ist es nach dem \u00dcbertritt ans Gymnasium oft gar nicht so einfach, richtig zu lernen: Wie geht das mit den Vokabeln? Was meint der Lehrer, wenn es&hellip;<\/p>\n","protected":false},"author":2,"featured_media":6149,"comment_status":"closed","ping_status":"closed","sticky":false,"template":"","format":"standard","meta":{"footnotes":""},"categories":[1],"tags":[40],"_links":{"self":[{"href":"https:\/\/www.rwg-bayreuth.de\/home\/index.php?rest_route=\/wp\/v2\/posts\/6148"}],"collection":[{"href":"https:\/\/www.rwg-bayreuth.de\/home\/index.php?rest_route=\/wp\/v2\/posts"}],"about":[{"href":"https:\/\/www.rwg-bayreuth.de\/home\/index.php?rest_route=\/wp\/v2\/types\/post"}],"author":[{"embeddable":true,"href":"https:\/\/www.rwg-bayreuth.de\/home\/index.php?rest_route=\/wp\/v2\/users\/2"}],"replies":[{"embeddable":true,"href":"https:\/\/www.rwg-bayreuth.de\/home\/index.php?rest_route=%2Fwp%2Fv2%2Fcomments&post=6148"}],"version-history":[{"count":13,"href":"https:\/\/www.rwg-bayreuth.de\/home\/index.php?rest_route=\/wp\/v2\/posts\/6148\/revisions"}],"predecessor-version":[{"id":6174,"href":"https:\/\/www.rwg-bayreuth.de\/home\/index.php?rest_route=\/wp\/v2\/posts\/6148\/revisions\/6174"}],"wp:featuredmedia":[{"embeddable":true,"href":"https:\/\/www.rwg-bayreuth.de\/home\/index.php?rest_route=\/wp\/v2\/media\/6149"}],"wp:attachment":[{"href":"https:\/\/www.rwg-bayreuth.de\/home\/index.php?rest_route=%2Fwp%2Fv2%2Fmedia&parent=6148"}],"wp:term":[{"taxonomy":"category","embeddable":true,"href":"https:\/\/www.rwg-bayreuth.de\/home\/index.php?rest_route=%2Fwp%2Fv2%2Fcategories&post=6148"},{"taxonomy":"post_tag","embeddable":true,"href":"https:\/\/www.rwg-bayreuth.de\/home\/index.php?rest_route=%2Fwp%2Fv2%2Ftags&post=6148"}],"curies":[{"name":"wp","href":"https:\/\/api.w.org\/{rel}","templated":true}]}}