{"id":6131,"date":"2015-02-28T18:51:02","date_gmt":"2015-02-28T17:51:02","guid":{"rendered":"http:\/\/www.rwg-bayreuth.de\/home\/?page_id=6131"},"modified":"2015-02-28T18:51:02","modified_gmt":"2015-02-28T17:51:02","slug":"ein-bunter-info-tag","status":"publish","type":"post","link":"https:\/\/www.rwg-bayreuth.de\/home\/?p=6131","title":{"rendered":"Ein bunter Info-Tag"},"content":{"rendered":"<div id=\"attachment_6128\" style=\"width: 360px\" class=\"wp-caption alignleft\"><a href=\"https:\/\/www.rwg-bayreuth.de\/home\/wp-content\/uploads\/2015\/02\/2015_Infotag_web.jpg\"><img loading=\"lazy\" decoding=\"async\" aria-describedby=\"caption-attachment-6128\" src=\"https:\/\/www.rwg-bayreuth.de\/home\/wp-content\/uploads\/2015\/02\/2015_Infotag_web.jpg\" alt=\"Vor der Schulf\u00fchrung.\" width=\"350\" height=\"214\" class=\"size-full wp-image-6128\" srcset=\"https:\/\/www.rwg-bayreuth.de\/home\/wp-content\/uploads\/2015\/02\/2015_Infotag_web.jpg 350w, https:\/\/www.rwg-bayreuth.de\/home\/wp-content\/uploads\/2015\/02\/2015_Infotag_web-150x92.jpg 150w, https:\/\/www.rwg-bayreuth.de\/home\/wp-content\/uploads\/2015\/02\/2015_Infotag_web-300x183.jpg 300w, https:\/\/www.rwg-bayreuth.de\/home\/wp-content\/uploads\/2015\/02\/2015_Infotag_web-250x153.jpg 250w\" sizes=\"(max-width: 350px) 100vw, 350px\" \/><\/a><p id=\"caption-attachment-6128\" class=\"wp-caption-text\">Die Kinder erhielten alle bunte M\u00fctzen.<\/p><\/div>\n<p>Eines sehr gro\u00dfen Interesses erfreute sich der Info-Tag unserer Schule: Eingeladen waren alle Eltern und Kinder, f\u00fcr die im n\u00e4chsten Schuljahr ein \u00dcbertritt ins Gymnasium ansteht.<\/p>\n<p>In der Schulturnhalle informierte Schulleiterin Ursula Graf \u00fcber das besondere schulische Angebot des RWG. Dazu geh\u00f6ren zuallererst die Schulzweige: Am RWG k\u00f6nnen die Sch\u00fcler zwischen einem sprachlichen Zweig mit Latein oder drei modernen Fremdsprachen, einem wirtschaftswissenschaftlichen und einem sozialwissenschaftlichen Zweig w\u00e4hlen. Schulleiterin Graf erl\u00e4uterte au\u00dferdem die vielen p\u00e4dagogischen Ma\u00dfnahmen, die es am RWG gibt, damit die Sch\u00fcler erfolgreich auf die Anforderungen des sp\u00e4teren Lebens vorbereitet werden und ihre Pers\u00f6nlichkeiten entwickeln k\u00f6nnen.<\/p>\n<p>W\u00e4hrend der Rede konnten die Noch-Viertkl\u00e4ssler zusammen mit Sch\u00fclerinnen und Sch\u00fclern des RWG das Haus erkunden. Es gab viele interessante Stationen, an denen man sehen konnte, was am RWG alles los ist. An die offizielle Schulvorstellung schloss sich ein Tag der offenen T\u00fcr an, bei dem Eltern und Kinder gemeinsam durch das Haus gehen konnten. So konnten sich alle \u00fcberzeugen, dass in den Reden nicht zu viel versprochen wurde. Am RWG ist wirklich viel los!<\/p>\n","protected":false},"excerpt":{"rendered":"<p>Eines sehr gro\u00dfen Interesses erfreute sich der Info-Tag unserer Schule: Eingeladen waren alle Eltern und Kinder, f\u00fcr die im n\u00e4chsten Schuljahr ein \u00dcbertritt ins Gymnasium ansteht. In der Schulturnhalle informierte Schulleiterin Ursula Graf \u00fcber das besondere schulische Angebot des RWG. Dazu geh\u00f6ren zuallererst die Schulzweige: Am RWG k\u00f6nnen die Sch\u00fcler zwischen einem sprachlichen Zweig mit&hellip;<\/p>\n","protected":false},"author":2,"featured_media":0,"comment_status":"closed","ping_status":"closed","sticky":false,"template":"","format":"standard","meta":{"footnotes":""},"categories":[],"tags":[],"_links":{"self":[{"href":"https:\/\/www.rwg-bayreuth.de\/home\/index.php?rest_route=\/wp\/v2\/posts\/6131"}],"collection":[{"href":"https:\/\/www.rwg-bayreuth.de\/home\/index.php?rest_route=\/wp\/v2\/posts"}],"about":[{"href":"https:\/\/www.rwg-bayreuth.de\/home\/index.php?rest_route=\/wp\/v2\/types\/post"}],"author":[{"embeddable":true,"href":"https:\/\/www.rwg-bayreuth.de\/home\/index.php?rest_route=\/wp\/v2\/users\/2"}],"replies":[{"embeddable":true,"href":"https:\/\/www.rwg-bayreuth.de\/home\/index.php?rest_route=%2Fwp%2Fv2%2Fcomments&post=6131"}],"version-history":[{"count":1,"href":"https:\/\/www.rwg-bayreuth.de\/home\/index.php?rest_route=\/wp\/v2\/posts\/6131\/revisions"}],"predecessor-version":[{"id":6132,"href":"https:\/\/www.rwg-bayreuth.de\/home\/index.php?rest_route=\/wp\/v2\/posts\/6131\/revisions\/6132"}],"wp:attachment":[{"href":"https:\/\/www.rwg-bayreuth.de\/home\/index.php?rest_route=%2Fwp%2Fv2%2Fmedia&parent=6131"}],"wp:term":[{"taxonomy":"category","embeddable":true,"href":"https:\/\/www.rwg-bayreuth.de\/home\/index.php?rest_route=%2Fwp%2Fv2%2Fcategories&post=6131"},{"taxonomy":"post_tag","embeddable":true,"href":"https:\/\/www.rwg-bayreuth.de\/home\/index.php?rest_route=%2Fwp%2Fv2%2Ftags&post=6131"}],"curies":[{"name":"wp","href":"https:\/\/api.w.org\/{rel}","templated":true}]}}