{"id":6114,"date":"2015-02-27T19:59:21","date_gmt":"2015-02-27T18:59:21","guid":{"rendered":"http:\/\/www.rwg-bayreuth.de\/home\/?page_id=6114"},"modified":"2015-02-27T19:59:45","modified_gmt":"2015-02-27T18:59:45","slug":"unsere-jungforscher-sind-spitze","status":"publish","type":"post","link":"https:\/\/www.rwg-bayreuth.de\/home\/?p=6114","title":{"rendered":"Unsere Jungforscher sind spitze!"},"content":{"rendered":"<div id=\"attachment_6115\" style=\"width: 360px\" class=\"wp-caption alignleft\"><a href=\"https:\/\/www.rwg-bayreuth.de\/home\/wp-content\/uploads\/2015\/02\/SchulpreisJufo2015_web.jpg\"><img loading=\"lazy\" decoding=\"async\" aria-describedby=\"caption-attachment-6115\" src=\"https:\/\/www.rwg-bayreuth.de\/home\/wp-content\/uploads\/2015\/02\/SchulpreisJufo2015_web.jpg\" alt=\"Auch Frau Fr\u00f6ber (vorne Mitte) freute sich \u00fcber den Scheck als Schulpreis.\" width=\"350\" height=\"232\" class=\"size-full wp-image-6115\" srcset=\"https:\/\/www.rwg-bayreuth.de\/home\/wp-content\/uploads\/2015\/02\/SchulpreisJufo2015_web.jpg 350w, https:\/\/www.rwg-bayreuth.de\/home\/wp-content\/uploads\/2015\/02\/SchulpreisJufo2015_web-150x99.jpg 150w, https:\/\/www.rwg-bayreuth.de\/home\/wp-content\/uploads\/2015\/02\/SchulpreisJufo2015_web-300x199.jpg 300w, https:\/\/www.rwg-bayreuth.de\/home\/wp-content\/uploads\/2015\/02\/SchulpreisJufo2015_web-250x166.jpg 250w\" sizes=\"(max-width: 350px) 100vw, 350px\" \/><\/a><p id=\"caption-attachment-6115\" class=\"wp-caption-text\">Auch Frau Fr\u00f6ber (vorne Mitte) freute sich \u00fcber den<br \/>\nScheck als Schulpreis.<\/p><\/div>\n<p>\u00c4u\u00dferst erfolgreich schnitten die Jung-Forscher unserer Schule beim diesj\u00e4hrigen Regionalwettbewerb \u201eJugend forscht\u201c ab: Es gab jede Menge Preise.<\/p>\n<p>Die M\u00fchen der Sch\u00fcler, die am Wettbewerb teilgenommen haben, fanden ihre Anerkennung in einem 1.Platz in Biologie und einem 2. Platz in Chemie sowie einem Sonderpreis in der Sparte \u201eArbeitswelt und Chemie\u201c. Au\u00dferdem erhielt unser Gymnasium den Schulpreis f\u00fcr die beste Gesamtleistung.<\/p>\n<p>Die Abschlusspr\u00e4sentationen fanden heuer in der Bayreuther Oberfrankenhalle statt. Dort hatten die Wettbewerbsteilnehmer ihre St\u00e4nde aufgebaut, an denen sie die Ergebnisse ihrer Forschung ausstellten. Au\u00dferdem mussten sie ihre Ergebnisse vor der gestrengen Bewertungskommission pr\u00e4sentieren und erl\u00e4utern. Die RWGler hatten alles topp vorbereitet und schlugen sich auch bei der Pr\u00e4sentation wacker<br \/>\nDie Arbeiten entstanden im Wahlkurs \u201eChemkids\u201c und im Begabtenkurs \u201eChemieexperten\u201c, angeregt und angeleitet von der Kursleiterin Sabine Fr\u00f6ber. Sie k\u00fcmmert sich schon seit einigen Jahren um die Hobbyforscher an unserer Schule und gibt ihnen die n\u00f6tige Portion Extraschwung, der n\u00f6tig ist, eine Arbeit \u00fcber einen l\u00e4ngeren Zeitraum durchzuziehen. In den Projekten stecken n\u00e4mlich viele zus\u00e4tzliche Stunden bei den Sch\u00fclerinnen und Sch\u00fclern zu Hause. <\/p>\n<p>Insgesamt haben an dieser Runde von Jugend forscht 188 Sch\u00fclerinnen und Sch\u00fcler teilgenommen. Wenn man auf die ersten Pl\u00e4tze kommt, dann ist das eine sehr respektable Leistung, auf die alle stolz sein k\u00f6nnen. Herzlichen Gl\u00fcckwunsch an alle Jufo Teilnehmer!<\/p>\n","protected":false},"excerpt":{"rendered":"<p>\u00c4u\u00dferst erfolgreich schnitten die Jung-Forscher unserer Schule beim diesj\u00e4hrigen Regionalwettbewerb \u201eJugend forscht\u201c ab: Es gab jede Menge Preise. Die M\u00fchen der Sch\u00fcler, die am Wettbewerb teilgenommen haben, fanden ihre Anerkennung in einem 1.Platz in Biologie und einem 2. Platz in Chemie sowie einem Sonderpreis in der Sparte \u201eArbeitswelt und Chemie\u201c. Au\u00dferdem erhielt unser Gymnasium den&hellip;<\/p>\n","protected":false},"author":2,"featured_media":0,"comment_status":"closed","ping_status":"closed","sticky":false,"template":"","format":"standard","meta":{"footnotes":""},"categories":[],"tags":[],"_links":{"self":[{"href":"https:\/\/www.rwg-bayreuth.de\/home\/index.php?rest_route=\/wp\/v2\/posts\/6114"}],"collection":[{"href":"https:\/\/www.rwg-bayreuth.de\/home\/index.php?rest_route=\/wp\/v2\/posts"}],"about":[{"href":"https:\/\/www.rwg-bayreuth.de\/home\/index.php?rest_route=\/wp\/v2\/types\/post"}],"author":[{"embeddable":true,"href":"https:\/\/www.rwg-bayreuth.de\/home\/index.php?rest_route=\/wp\/v2\/users\/2"}],"replies":[{"embeddable":true,"href":"https:\/\/www.rwg-bayreuth.de\/home\/index.php?rest_route=%2Fwp%2Fv2%2Fcomments&post=6114"}],"version-history":[{"count":2,"href":"https:\/\/www.rwg-bayreuth.de\/home\/index.php?rest_route=\/wp\/v2\/posts\/6114\/revisions"}],"predecessor-version":[{"id":6117,"href":"https:\/\/www.rwg-bayreuth.de\/home\/index.php?rest_route=\/wp\/v2\/posts\/6114\/revisions\/6117"}],"wp:attachment":[{"href":"https:\/\/www.rwg-bayreuth.de\/home\/index.php?rest_route=%2Fwp%2Fv2%2Fmedia&parent=6114"}],"wp:term":[{"taxonomy":"category","embeddable":true,"href":"https:\/\/www.rwg-bayreuth.de\/home\/index.php?rest_route=%2Fwp%2Fv2%2Fcategories&post=6114"},{"taxonomy":"post_tag","embeddable":true,"href":"https:\/\/www.rwg-bayreuth.de\/home\/index.php?rest_route=%2Fwp%2Fv2%2Ftags&post=6114"}],"curies":[{"name":"wp","href":"https:\/\/api.w.org\/{rel}","templated":true}]}}