{"id":5650,"date":"2015-01-28T21:44:52","date_gmt":"2015-01-28T20:44:52","guid":{"rendered":"http:\/\/www.rwg-bayreuth.de\/home\/?page_id=5650"},"modified":"2015-01-28T21:44:52","modified_gmt":"2015-01-28T20:44:52","slug":"sie-machen-mir-richtig-mut","status":"publish","type":"post","link":"https:\/\/www.rwg-bayreuth.de\/home\/?p=5650","title":{"rendered":"&#8222;Sie machen mir richtig Mut&#8230;&#8220;"},"content":{"rendered":"<div id=\"attachment_5644\" style=\"width: 360px\" class=\"wp-caption alignleft\"><a href=\"https:\/\/www.rwg-bayreuth.de\/home\/wp-content\/uploads\/2013\/10\/2015_Diakonie_Berufsmesse_1_web1.jpg\"><img loading=\"lazy\" decoding=\"async\" aria-describedby=\"caption-attachment-5644\" src=\"https:\/\/www.rwg-bayreuth.de\/home\/wp-content\/uploads\/2013\/10\/2015_Diakonie_Berufsmesse_1_web1.jpg\" alt=\"Schulleiterin Graf (links) besuchte den Stand der Diakonie.\" width=\"350\" height=\"263\" class=\"size-full wp-image-5644\" srcset=\"https:\/\/www.rwg-bayreuth.de\/home\/wp-content\/uploads\/2013\/10\/2015_Diakonie_Berufsmesse_1_web1.jpg 350w, https:\/\/www.rwg-bayreuth.de\/home\/wp-content\/uploads\/2013\/10\/2015_Diakonie_Berufsmesse_1_web1-150x113.jpg 150w, https:\/\/www.rwg-bayreuth.de\/home\/wp-content\/uploads\/2013\/10\/2015_Diakonie_Berufsmesse_1_web1-300x225.jpg 300w, https:\/\/www.rwg-bayreuth.de\/home\/wp-content\/uploads\/2013\/10\/2015_Diakonie_Berufsmesse_1_web1-250x188.jpg 250w\" sizes=\"(max-width: 350px) 100vw, 350px\" \/><\/a><p id=\"caption-attachment-5644\" class=\"wp-caption-text\">Schulleiterin Graf (links) besuchte den Stand der<br \/>\nDiakonie.<\/p><\/div>\n<p>Die Diakonie ist Partner unserer Schule. Immer wieder werden deshalb Projekte gemeinsam durchgef\u00fchrt. Auch bei der Berufsmesse des RWG war die Diakonie vertreten.<\/p>\n<p>Der Einladung, sich auf der Messe zu pr\u00e4sentieren, kam die Diakonie sehr gerne nach. \u201eBei einem gro\u00dfen kirchlichen Wohlfahrtsverband gibt es zahlreiche berufliche M\u00f6glichkeiten,\u201c erkl\u00e4rte die Sprecherin der Diakonie, Stefanie Finzel.<\/p>\n<p>Insgesamt pr\u00e4sentierten sich 15 verschiedene Institutionen und Firmen, um den Jugendlichen auch ganz konkret Auskunft geben zu k\u00f6nnen. Begleitende Fachvortr\u00e4ge gaben dar\u00fcber hinaus Einblick in verschiedenste Berufswelten. <\/p>\n<p>Im pers\u00f6nlichen Gespr\u00e4ch waren berufliche Entwicklungsm\u00f6glichkeiten, die Vereinbarkeit von Familie und Beruf sowie das Einkommensniveau die h\u00e4ufigsten Themen. <\/p>\n<p>Mit Blick in die Zeit nach dem Abitur bieten sich den Sch\u00fcler\/innen viele M\u00f6glichkeiten, es gibt aber auch viele Fragen und Unsicherheiten. Hier kann eine soziale Organisation wie die Diakonie Bayreuth als Arbeitgeber viel Sicherheit geben, zum Beispiel mit Blick auf eine m\u00f6gliche Familiengr\u00fcndung sowie hinsichtlich Arbeitsplatzsicherheit. <\/p>\n<p>Vor einer langfristigen beruflichen Weichenstellen lassen sich bei der Diakonie Bayreuth im Rahmen eines Freiwilligen Sozialen Jahrs (FSJ) erste Einblicke in das soziale Arbeitsfeld gewinnen, eine M\u00f6glichkeit, die bei der Messe auf gro\u00dfes Interesse stie\u00df. \u201eSie machen mir richtig Mut\u201c, meinte eine Sch\u00fclerin am Ende eines Gespr\u00e4ches am Diakonie-Stand, die aufgrund der F\u00fclle der Informationen fast ein wenig sorgenvoll wirkte: \u201eDie richtige Balance zu finden, zwischen Beruf, Einkommen und privater Erf\u00fcllung, das wird f\u00fcr mich eine gro\u00dfe Herausforderung werden. Da k\u00f6nnte die Diakonie vielleicht etwas f\u00fcr mich sein.\u201c<\/p>\n<p><a href=\"https:\/\/www.rwg-bayreuth.de\/home\/?page_id=2643\" title=\"Partner der Diakonie\">[mehr zur Partnerschaft mit der Diakonie&#8230;]<\/a><\/p>\n","protected":false},"excerpt":{"rendered":"<p>Die Diakonie ist Partner unserer Schule. Immer wieder werden deshalb Projekte gemeinsam durchgef\u00fchrt. Auch bei der Berufsmesse des RWG war die Diakonie vertreten. Der Einladung, sich auf der Messe zu pr\u00e4sentieren, kam die Diakonie sehr gerne nach. \u201eBei einem gro\u00dfen kirchlichen Wohlfahrtsverband gibt es zahlreiche berufliche M\u00f6glichkeiten,\u201c erkl\u00e4rte die Sprecherin der Diakonie, Stefanie Finzel. Insgesamt&hellip;<\/p>\n","protected":false},"author":2,"featured_media":0,"comment_status":"closed","ping_status":"closed","sticky":false,"template":"","format":"standard","meta":{"footnotes":""},"categories":[],"tags":[],"_links":{"self":[{"href":"https:\/\/www.rwg-bayreuth.de\/home\/index.php?rest_route=\/wp\/v2\/posts\/5650"}],"collection":[{"href":"https:\/\/www.rwg-bayreuth.de\/home\/index.php?rest_route=\/wp\/v2\/posts"}],"about":[{"href":"https:\/\/www.rwg-bayreuth.de\/home\/index.php?rest_route=\/wp\/v2\/types\/post"}],"author":[{"embeddable":true,"href":"https:\/\/www.rwg-bayreuth.de\/home\/index.php?rest_route=\/wp\/v2\/users\/2"}],"replies":[{"embeddable":true,"href":"https:\/\/www.rwg-bayreuth.de\/home\/index.php?rest_route=%2Fwp%2Fv2%2Fcomments&post=5650"}],"version-history":[{"count":1,"href":"https:\/\/www.rwg-bayreuth.de\/home\/index.php?rest_route=\/wp\/v2\/posts\/5650\/revisions"}],"predecessor-version":[{"id":5651,"href":"https:\/\/www.rwg-bayreuth.de\/home\/index.php?rest_route=\/wp\/v2\/posts\/5650\/revisions\/5651"}],"wp:attachment":[{"href":"https:\/\/www.rwg-bayreuth.de\/home\/index.php?rest_route=%2Fwp%2Fv2%2Fmedia&parent=5650"}],"wp:term":[{"taxonomy":"category","embeddable":true,"href":"https:\/\/www.rwg-bayreuth.de\/home\/index.php?rest_route=%2Fwp%2Fv2%2Fcategories&post=5650"},{"taxonomy":"post_tag","embeddable":true,"href":"https:\/\/www.rwg-bayreuth.de\/home\/index.php?rest_route=%2Fwp%2Fv2%2Ftags&post=5650"}],"curies":[{"name":"wp","href":"https:\/\/api.w.org\/{rel}","templated":true}]}}