{"id":546,"date":"2012-04-22T10:53:37","date_gmt":"2012-04-22T09:53:37","guid":{"rendered":"http:\/\/www.rwg-bayreuth.de\/home\/?p=546"},"modified":"2013-10-05T18:12:15","modified_gmt":"2013-10-05T17:12:15","slug":"partner-diakonie","status":"publish","type":"post","link":"https:\/\/www.rwg-bayreuth.de\/home\/?p=546","title":{"rendered":"Partner Diakonie"},"content":{"rendered":"<div id=\"attachment_2615\" style=\"width: 201px\" class=\"wp-caption alignleft\"><a href=\"https:\/\/www.rwg-bayreuth.de\/home\/wp-content\/uploads\/2012\/04\/Diakonievereinbarung_web.jpg\"><img loading=\"lazy\" decoding=\"async\" aria-describedby=\"caption-attachment-2615\" src=\"https:\/\/www.rwg-bayreuth.de\/home\/wp-content\/uploads\/2012\/04\/Diakonievereinbarung_web.jpg\" alt=\"Die Partnerschaft mit der Diakonie in Bayreuth wurde 2006 besiegelt.\" width=\"191\" height=\"300\" class=\"size-full wp-image-2615\" srcset=\"https:\/\/www.rwg-bayreuth.de\/home\/wp-content\/uploads\/2012\/04\/Diakonievereinbarung_web.jpg 255w, https:\/\/www.rwg-bayreuth.de\/home\/wp-content\/uploads\/2012\/04\/Diakonievereinbarung_web-96x150.jpg 96w, https:\/\/www.rwg-bayreuth.de\/home\/wp-content\/uploads\/2012\/04\/Diakonievereinbarung_web-191x300.jpg 191w, https:\/\/www.rwg-bayreuth.de\/home\/wp-content\/uploads\/2012\/04\/Diakonievereinbarung_web-250x392.jpg 250w\" sizes=\"(max-width: 191px) 100vw, 191px\" \/><\/a><p id=\"caption-attachment-2615\" class=\"wp-caption-text\">Die Partnerschaft mit der Diakonie in Bayreuth wurde 2006 besiegelt.<\/p><\/div> Das Richard-Wagner-Gymnasium Bayreuth und verschiedene diakonische Tr\u00e4ger in Bayreuth haben eine offizielle Partnerschaft geschlossen, die am 19. Juli 2006 im Rahmen einer \u00f6ffentlichen Auftaktveranstaltung besiegelt wurde.<\/p>\n<p>Die Idee zu einer offiziellen Kooperation zwischen dem Richard-Wagner-Gymnasium Bayreuth und den drei verschiedenen diakonischen Tr\u00e4gern in Bayreuth (Diakonie Bayreuth, Jean-Paul-Verein und M\u00fchlhofer-Stift) entwickelte sich infolge bereits l\u00e4nger bestehender Einzelkontakte, die zahlenm\u00e4\u00dfig ausgebaut und inhaltlich intensiviert werden sollen.<\/p>\n<p>Als Gymnasium mit sozialwissenschaftlichem Zweig haben die Sch\u00fclerinnen und Sch\u00fcler des RWG ein dreiw\u00f6chiges Sozialpraktikum in einer sozialen Einrichtung abzuleisten. Seit langer Zeit geschieht dies unter anderem in Senioreneinrichtungen sowie Kindertagesst\u00e4tten der Diakonie. Gleichzeitig besteht seit langem eine Partnerschaft zwischen dem RWG und dem Jean-Paul-Verein, die im Rahmen dieser weiter gefassten Kooperation mit allen diakonischen Tr\u00e4gern in Bayreuth ausgebaut wurde. Bereits Bestehendes soll ist auf eine feste Basis gestellt und ausgedehnt worden.<\/p>\n<p>So haben sich die beteiligten Partner RWG und Diakonie dazu entschlossen, das Miteinander auf alle Klassenstufen auszudehnen und in ganz unterschiedlichen diakonischen Arbeitsfeldern zusammenzuarbeiten. Die Sch\u00fcler, die Lehrkr\u00e4fte und die Menschen in diakonischen Einrichtungen profitieren gleicherma\u00dfen voneinander und festigen im Rahmen dieses Miteinanders ihre soziale Kompetenz.<\/p>\n<p>Weiterf\u00fchrende Links:<\/p>\n<p><a href=\"https:\/\/www.rwg-bayreuth.de\/home\/wp-content\/uploads\/2012\/04\/logoband_Diakonie_button.jpg\"><img loading=\"lazy\" decoding=\"async\" src=\"https:\/\/www.rwg-bayreuth.de\/home\/wp-content\/uploads\/2012\/04\/logoband_Diakonie_button.jpg\" alt=\"\" width=\"458\" height=\"52\" class=\"aligncenter size-full wp-image-2614\" srcset=\"https:\/\/www.rwg-bayreuth.de\/home\/wp-content\/uploads\/2012\/04\/logoband_Diakonie_button.jpg 458w, https:\/\/www.rwg-bayreuth.de\/home\/wp-content\/uploads\/2012\/04\/logoband_Diakonie_button-150x17.jpg 150w, https:\/\/www.rwg-bayreuth.de\/home\/wp-content\/uploads\/2012\/04\/logoband_Diakonie_button-450x52.jpg 450w, https:\/\/www.rwg-bayreuth.de\/home\/wp-content\/uploads\/2012\/04\/logoband_Diakonie_button-250x28.jpg 250w\" sizes=\"(max-width: 458px) 100vw, 458px\" \/><\/a><\/p>\n<p align=\"center\"><a href=\"http:\/\/www.diakonie-bayreuth.de\" target=\"_blank\">Diakonie in Bayreuth<\/a> &#8211; <a href=\"http:\/\/www.jean-paul-verein.de\/\" target=\"_blank\">Jean-Paul-Verein e.V.<\/a> &#8211; <a href=\"http:\/\/www.pflege.de\/pflegeanbieter\/suche\/muehlhofer-stift\" target=\"_blank\">M\u00fchlhofer Stift<\/a><\/p>\n<p><HR><font size=4>Aus dem Leben der Partnerschaft<\/font><br \/>\n<HR><br \/>\n<font size=4>Viele gute Ideen auf den Weg gebracht<\/font><br \/>\n<div id=\"attachment_2630\" style=\"width: 360px\" class=\"wp-caption alignleft\"><a href=\"https:\/\/www.rwg-bayreuth.de\/home\/wp-content\/uploads\/2012\/04\/2013_Diakonie_Elternbeirat_web1.jpg\"><img loading=\"lazy\" decoding=\"async\" aria-describedby=\"caption-attachment-2630\" src=\"https:\/\/www.rwg-bayreuth.de\/home\/wp-content\/uploads\/2012\/04\/2013_Diakonie_Elternbeirat_web1.jpg\" alt=\"Stefanie Finzel (hinten links) informierte \u00fcber die Partnerschaft\" width=\"350\" height=\"263\" class=\"size-full wp-image-2630\" srcset=\"https:\/\/www.rwg-bayreuth.de\/home\/wp-content\/uploads\/2012\/04\/2013_Diakonie_Elternbeirat_web1.jpg 350w, https:\/\/www.rwg-bayreuth.de\/home\/wp-content\/uploads\/2012\/04\/2013_Diakonie_Elternbeirat_web1-150x113.jpg 150w, https:\/\/www.rwg-bayreuth.de\/home\/wp-content\/uploads\/2012\/04\/2013_Diakonie_Elternbeirat_web1-300x225.jpg 300w, https:\/\/www.rwg-bayreuth.de\/home\/wp-content\/uploads\/2012\/04\/2013_Diakonie_Elternbeirat_web1-250x188.jpg 250w\" sizes=\"(max-width: 350px) 100vw, 350px\" \/><\/a><p id=\"caption-attachment-2630\" class=\"wp-caption-text\">Stefanie Finzel (hinten links) informierte \u00fcber die Partnerschaft<\/p><\/div>Stefanie Finzel, Referentin f\u00fcr Presse- und \u00d6ffentlichkeitsarbeit der Diakonie Bayreuth, informierte den Elternbeirat \u00fcber die seit dem Jahr 2006 bestehende Partnerschaft zwischen RWG und den verschiedenen diakonischen Einrichtungen in Bayreuth. Dabei gab sie zun\u00e4chst einen \u00dcberblick \u00fcber die vergangenen Aktivit\u00e4ten, um dann mit den Elternbeir\u00e4ten gemeinsame Zukunftspl\u00e4ne zu schmieden.<\/p>\n<p>Viele gute Ideen wurden gesammelt, wobei einige Themen besonderes Gewicht hatten. So m\u00f6chte man gerne eine Ausstellung der \u201eRoten Katze\u201c, ein Kunstprojekt des Sozialpsychiatrischen Dienstes der Diakonie Bayreuth, an die Schule holen. Au\u00dferdem ist geplant, beim n\u00e4chsten Elternsprechtag dem Sozialpsychiatrischen Dienst (SpDi), einer Anlaufstelle f\u00fcr Menschen mit einer psychischen Erkrankung, die M\u00f6glichkeit zu geben, mit einem Infostand pr\u00e4sent zu sein. Leider, so die Mitglieder des Elternbeirats, w\u00e4re auch am RWG die Beobachtung zu machen, dass bei Sch\u00fcler\/innen bzw. in deren Elternh\u00e4usern immer h\u00e4ufiger psychische Belastungen auftr\u00e4ten, denen mit professioneller Hilfe begegnet werden m\u00fcsste. Eine Enttabuisierung des Themas k\u00f6nnte hier ein erster Schritt sein.<br \/>\nAngesprochen wurden u. a. auch die Stra\u00dfensammlungen der Diakonie, an denen sich leider immer weniger Sch\u00fcler\/innen beteiligen. Dabei k\u00f6nnten die Jugendlichen hier viel Gutes tun und auch wertvolle pers\u00f6nliche Erfahrungen sammeln, so Finzel. In enger Zusammenarbeit mit der Fachschaft \u201eEvangelische Religionslehre\u201c kann vielleicht besonders die Unterstufe mehr dazu motiviert werden, sich \u201emit der B\u00fcchse in der Hand\u201c auf den nicht immer einfachen Weg zu machen.<\/p>\n<p>Insgesamt waren sich die Elternvertreter darin einig, dass es im Rahmen dieser Partnerschaft quer durch alle Fachschaften und Altersgruppen vielerlei M\u00f6glichkeiten des Miteinanders gibt. Besonders auch die P-Seminare in der Oberstufe bieten viele Chancen. Der Elternbeirat des Richard-Wagner-Gymnasiums m\u00f6chte jedenfalls sehr gerne seinen Beitrag dazu leisten!<\/p>\n<p><HR><font size=4>Informationen zum Freiwilligen Jahr<\/font><br \/>\n<div id=\"attachment_2631\" style=\"width: 360px\" class=\"wp-caption alignleft\"><a href=\"https:\/\/www.rwg-bayreuth.de\/home\/wp-content\/uploads\/2012\/04\/2013_Diakonie_Vortrag_BFD_web1.jpg\"><img loading=\"lazy\" decoding=\"async\" aria-describedby=\"caption-attachment-2631\" src=\"https:\/\/www.rwg-bayreuth.de\/home\/wp-content\/uploads\/2012\/04\/2013_Diakonie_Vortrag_BFD_web1.jpg\" alt=\"Stefanie Finzel (Mitte) von der Diakonie Bayreuth referierte \u00fcber FSJ und BFD. Sophie Engelhardt, zu dieser Zeit selbst FSJ-lerin in den Kitas der Diakonie, informierte aus erster Hand \u00fcber ihre praktischen Erfahrungen und motivierte damit sicherlich die ein oder andere Sch\u00fclerin zu diesem sozialen Einsatz.\" width=\"350\" height=\"307\" class=\"size-full wp-image-2631\" srcset=\"https:\/\/www.rwg-bayreuth.de\/home\/wp-content\/uploads\/2012\/04\/2013_Diakonie_Vortrag_BFD_web1.jpg 350w, https:\/\/www.rwg-bayreuth.de\/home\/wp-content\/uploads\/2012\/04\/2013_Diakonie_Vortrag_BFD_web1-150x132.jpg 150w, https:\/\/www.rwg-bayreuth.de\/home\/wp-content\/uploads\/2012\/04\/2013_Diakonie_Vortrag_BFD_web1-300x263.jpg 300w, https:\/\/www.rwg-bayreuth.de\/home\/wp-content\/uploads\/2012\/04\/2013_Diakonie_Vortrag_BFD_web1-250x219.jpg 250w\" sizes=\"(max-width: 350px) 100vw, 350px\" \/><\/a><p id=\"caption-attachment-2631\" class=\"wp-caption-text\">Stefanie Finzel (Mitte) von der Diakonie Bayreuth referierte \u00fcber FSJ und BFD. Sophie Engelhardt, zu dieser Zeit selbst FSJ-lerin in den Kitas der Diakonie, informierte aus erster Hand \u00fcber ihre praktischen Erfahrungen und motivierte damit sicherlich die ein oder andere Sch\u00fclerin zu diesem sozialen Einsatz.<\/p><\/div>Im Rahmen der Partnerschaft zwischen dem Richard-Wagner-Gymnasium und der Diakonie in Bayreuth fand eine Info-Veranstaltung zum Thema \u201eFreiwilliges Soziales Jahr (FSJ) und Bundesfreiwilligendienst (BFD) in den Einrichtungen der Diakonie Bayreuth\u201c statt, eine Form des sozialen Engagements, das aufgrund der Verk\u00fcrzung der Schulzeit und des gegenw\u00e4rtigen Wegfalls des Wehr- bzw. Ersatzdienstes bei den Jugendlichen auf gro\u00dfes Interesses stie\u00df.<\/p>\n<p>Viele von ihnen f\u00fchlen sich hinsichtlich Berufswahl noch unsicher und sind froh, nach den lernintensiven Monaten hin zum Abitur eine Orientierungsphase zu haben, die ihnen praktische und fachliche Einblicke in soziale Alltagswelten bietet. Genau dies erm\u00f6glicht ein  FSJ bzw. der Bundesfreiwilligendienst (BFD), die jeweils eine gro\u00dfe pers\u00f6nliche Bereicherung mit sich bringen k\u00f6nnen. <\/p>\n<p>Die R\u00fcckmeldungen ehemaliger FSJler und Bufdis zeigen in erfreulicherweise, wie positiv die Zeit in diakonischen Einrichtungen bewertet wurde: Viel habe man in dieser Zeit hinsichtlich Organisation, kollegialem Miteinander, Konfliktbew\u00e4ltigung sowie Umgang mit Neuem und Fremden gelernt. Ganz abgesehen von der pers\u00f6nlichen Wertsch\u00e4tzung und Anerkennung, die einem von Seiten der betreuten Kinder, Senioren oder Menschen mit Behinderung, aber auch vom Personal entgegengebracht worden sei. Bedenkt man zudem eine gewisse finanzielle Verg\u00fctung, so wird dieser Freiwilligendienst als \u00e4u\u00dferst attraktiv charakterisiert. Und so freut sich die Diakonie Bayreuth besonders \u00fcber Abiturienten des Richard-Wagner-Gymnasiums, die bei uns ein FSJ machen oder den BFD ableisten m\u00f6chten. <\/p>\n<p><HR><font size=4>Spendenlauf am R\u00f6hrensee<\/font><br \/>\n<div id=\"attachment_2620\" style=\"width: 310px\" class=\"wp-caption alignleft\"><a href=\"https:\/\/www.rwg-bayreuth.de\/home\/wp-content\/uploads\/2012\/04\/2012_Spendenlauf_web.jpg\"><img loading=\"lazy\" decoding=\"async\" aria-describedby=\"caption-attachment-2620\" src=\"https:\/\/www.rwg-bayreuth.de\/home\/wp-content\/uploads\/2012\/04\/2012_Spendenlauf_web.jpg\" alt=\"Der Spendenlauf am R\u00f6hrensee war eines der gemeinsamen Projekte.\" width=\"300\" height=\"225\" class=\"size-full wp-image-2620\" srcset=\"https:\/\/www.rwg-bayreuth.de\/home\/wp-content\/uploads\/2012\/04\/2012_Spendenlauf_web.jpg 300w, https:\/\/www.rwg-bayreuth.de\/home\/wp-content\/uploads\/2012\/04\/2012_Spendenlauf_web-150x113.jpg 150w, https:\/\/www.rwg-bayreuth.de\/home\/wp-content\/uploads\/2012\/04\/2012_Spendenlauf_web-250x188.jpg 250w\" sizes=\"(max-width: 300px) 100vw, 300px\" \/><\/a><p id=\"caption-attachment-2620\" class=\"wp-caption-text\">Der Spendenlauf am R\u00f6hrensee war eines der gemeinsamen Projekte.<\/p><\/div>Unter dem Motto \u201eRWG hilft &#8211; Sport f\u00fcr alle\u201c veranstalteten Sch\u00fclerinnen und Sch\u00fcler der Q12 des Richard-Wagner-Gymnasiums in Zusammenarbeit mit dem Jugendparlament Bayreuth und der Diakonie am Bayreuther R\u00f6hrensee einen Sponsoringlauf. <\/p>\n<p>Alle beteiligten Sch\u00fclerinnen und Sch\u00fcler der Unterstufe (Klassen 5 &#8211; 7) des RWGs liefen zeitlich versetzt in einem festgelegten Zeitrahmen von einer halben Stunde m\u00f6glichst viele Runden einer abgesteckten Rundstrecke von ca. 700 Metern um den R\u00f6hrensee. Pro Runde wurde ein vorher individuell festgelegter Betrag von Verwandten oder Bekannten der jungen L\u00e4ufer\/innen gespendet.  Erfreulicherweise waren auch zahlreiche Zuschauer wie zum Beispiel Eltern, Gro\u00dfeltern und Mitarbeiter der Diakonie zur Unterst\u00fctzung an die Strecke gekommen. Sogar der ein oder andere Jogger gliederte sich spontan in den Sch\u00fclerlauf mit ein. <\/p>\n<p>Eine ganz besonders sch\u00f6ne \u00dcberraschung war das Kommen der gesamten Schulvorbereitenden Einrichtung. Die M\u00e4dchen und Buben feuerten die RWG-L\u00e4ufer nicht nur an, sondern liefen teilweise sogar selbst eine Runde mit. Besondere Freude hatten sie dabei, zum Beginn des Laufs das Startband halten zu d\u00fcrfen. Und die \u00fcberraschten Spazierg\u00e4nger zeigten gro\u00dfes Verst\u00e4ndnis daf\u00fcr, dass an diesem Tag mehr Trubel am R\u00f6hrensee herrschte, als dies normalerweise der Fall ist. \u201eRWG hilft &#8211; Sport f\u00fcr alle\u201c \u2013 kein besseres Motto h\u00e4tte f\u00fcr diese wunderbare Aktion gefunden werden k\u00f6nnen. <a href=\"http:\/\/www.diakonie-bayreuth.de\/de\/spenden\/spendenprojekte-im-detail\/article\/rwg-engagiert-sich-fuer-schulvorbereitende-einrichtung-1\/\" target=\"_blank\">[mehr vom Spendenlauf&#8230;]<\/a><\/p>\n<p font size=2><em>Texte: Stefanie Finzel (Presse- und \u00d6ffentlichkeitsarbeit Diakonie Bayreuth)<\/em><\/p>\n","protected":false},"excerpt":{"rendered":"<p>Das Richard-Wagner-Gymnasium Bayreuth und verschiedene diakonische Tr\u00e4ger in Bayreuth haben eine offizielle Partnerschaft geschlossen, die am 19. Juli 2006 im Rahmen einer \u00f6ffentlichen Auftaktveranstaltung besiegelt wurde. Die Idee zu einer offiziellen Kooperation zwischen dem Richard-Wagner-Gymnasium Bayreuth und den drei verschiedenen diakonischen Tr\u00e4gern in Bayreuth (Diakonie Bayreuth, Jean-Paul-Verein und M\u00fchlhofer-Stift) entwickelte sich infolge bereits l\u00e4nger bestehender&hellip;<\/p>\n","protected":false},"author":1,"featured_media":0,"comment_status":"closed","ping_status":"closed","sticky":false,"template":"","format":"standard","meta":{"footnotes":""},"categories":[1],"tags":[],"_links":{"self":[{"href":"https:\/\/www.rwg-bayreuth.de\/home\/index.php?rest_route=\/wp\/v2\/posts\/546"}],"collection":[{"href":"https:\/\/www.rwg-bayreuth.de\/home\/index.php?rest_route=\/wp\/v2\/posts"}],"about":[{"href":"https:\/\/www.rwg-bayreuth.de\/home\/index.php?rest_route=\/wp\/v2\/types\/post"}],"author":[{"embeddable":true,"href":"https:\/\/www.rwg-bayreuth.de\/home\/index.php?rest_route=\/wp\/v2\/users\/1"}],"replies":[{"embeddable":true,"href":"https:\/\/www.rwg-bayreuth.de\/home\/index.php?rest_route=%2Fwp%2Fv2%2Fcomments&post=546"}],"version-history":[{"count":30,"href":"https:\/\/www.rwg-bayreuth.de\/home\/index.php?rest_route=\/wp\/v2\/posts\/546\/revisions"}],"predecessor-version":[{"id":2595,"href":"https:\/\/www.rwg-bayreuth.de\/home\/index.php?rest_route=\/wp\/v2\/posts\/546\/revisions\/2595"}],"wp:attachment":[{"href":"https:\/\/www.rwg-bayreuth.de\/home\/index.php?rest_route=%2Fwp%2Fv2%2Fmedia&parent=546"}],"wp:term":[{"taxonomy":"category","embeddable":true,"href":"https:\/\/www.rwg-bayreuth.de\/home\/index.php?rest_route=%2Fwp%2Fv2%2Fcategories&post=546"},{"taxonomy":"post_tag","embeddable":true,"href":"https:\/\/www.rwg-bayreuth.de\/home\/index.php?rest_route=%2Fwp%2Fv2%2Ftags&post=546"}],"curies":[{"name":"wp","href":"https:\/\/api.w.org\/{rel}","templated":true}]}}