{"id":4771,"date":"2014-12-22T23:01:48","date_gmt":"2014-12-22T22:01:48","guid":{"rendered":"http:\/\/www.rwg-bayreuth.de\/home\/?page_id=4771"},"modified":"2014-12-22T23:02:28","modified_gmt":"2014-12-22T22:02:28","slug":"feierliche-weihnachtsstimmung","status":"publish","type":"post","link":"https:\/\/www.rwg-bayreuth.de\/home\/?p=4771","title":{"rendered":"Feierliche Weihnachtsstimmung"},"content":{"rendered":"<div id=\"attachment_4772\" style=\"width: 360px\" class=\"wp-caption alignleft\"><a href=\"https:\/\/www.rwg-bayreuth.de\/home\/wp-content\/uploads\/2014\/12\/2014_Weihnachtskonzert_Gr_Chor_web.jpg\"><img loading=\"lazy\" decoding=\"async\" aria-describedby=\"caption-attachment-4772\" src=\"https:\/\/www.rwg-bayreuth.de\/home\/wp-content\/uploads\/2014\/12\/2014_Weihnachtskonzert_Gr_Chor_web.jpg\" alt=\"Der Chor sang aus dem Weihnachtsoratorium von Saint-Saens.\" width=\"350\" height=\"263\" class=\"size-full wp-image-4772\" srcset=\"https:\/\/www.rwg-bayreuth.de\/home\/wp-content\/uploads\/2014\/12\/2014_Weihnachtskonzert_Gr_Chor_web.jpg 350w, https:\/\/www.rwg-bayreuth.de\/home\/wp-content\/uploads\/2014\/12\/2014_Weihnachtskonzert_Gr_Chor_web-150x113.jpg 150w, https:\/\/www.rwg-bayreuth.de\/home\/wp-content\/uploads\/2014\/12\/2014_Weihnachtskonzert_Gr_Chor_web-300x225.jpg 300w, https:\/\/www.rwg-bayreuth.de\/home\/wp-content\/uploads\/2014\/12\/2014_Weihnachtskonzert_Gr_Chor_web-250x188.jpg 250w\" sizes=\"(max-width: 350px) 100vw, 350px\" \/><\/a><p id=\"caption-attachment-4772\" class=\"wp-caption-text\">Der Chor sang aus dem Weihnachtsoratorium<br \/>\nvon Camille Saint-Sa\u00ebns.<\/p><\/div>\n<p>Mit einem feierlichen Weihnachtskonzert stimmten die Ch\u00f6re, S\u00e4nger und Musikgruppen unserer Schule auf das nahende Fest ein. In der Christuskirche gab es zwei Auff\u00fchrungen, die bis auf den letzten Platz voll waren.<\/p>\n<p>Pfarrer Karl Hufnagel von der Christuskirche hatte sich in seinem Gusswort gew\u00fcnscht, im Weihnachtsfest mehr als nur Kommerz zu sehen. Zu diesem Wunsch passte das diesj\u00e4hrige Konzert unserer Sch\u00fcler perfekt, denn wenn es eines war, dann kommerzfrei: Es entsprang kein Ros und es gab auch keinen Jingle Bell Rock, Rudolfs Rentiere durften zu Hause bleiben und eine feierliche Nacht muss keine stille sein.<\/p>\n<p>Wenn das Konzert auf unbeschreibliche Weise anr\u00fchrte, dann deshalb weil die klassische Musik, die es zu h\u00f6ren gibt, etwas ist, was hilft, den Blick nach Innen zu kehren, sich anr\u00fchren zu lassen von der Stimmgewalt unserer S\u00e4nger, von den lyrischen Passagen Solisten und den gef\u00fchlvollen St\u00fccken der Orchester- und Spielgruppen. Es waren alles Weisen, die nicht in die Gesch\u00e4ftwelt passen, wo s\u00fc\u00dfer die Kassen nie klingen als in der seligen Weihnachtszeit, sondern Weisen, die einluden, still zu werden und den Alltagstrott eine Stunde lang zu vergessen.<\/p>\n<p>Das geht zum Beispiel beim Weihnachtsoratorium von Camille Saint-Sa\u00ebns: Die kraftvollen Chorpartien taugen daf\u00fcr ebenso wie die Sologes\u00e4nge, denen der lateinische Text eine besonders feierliche Stimmung mitgibt. Vollendet vorgetragen wurden sie vom Gro\u00dfen Chor und Jana P\u00f6hlmann, Kaitlyn Schumann, Annika Schwarz und Meike Kratzer als Solisten. Schade, dass es wie in der gro\u00dfen Oper keine \u00dcbertitel gab, denn die Texte der Psalmen, die Saint-Sa\u00ebns vertonte, haben, was man heute \u201eMessage\u201c nennt: \u201eQuare fremuerunt gentes, \/ Et populi meditati sunt inania?\u201c &#8211; \u201eWarum toben die Nationen und \/ Schmieden die V\u00f6lker vergebliche Pl\u00e4ne?\u201c Der Psalm 2 gibt die Antwort: \u201eGloria Patri, gloria Filio, \/ Gloria Spiritu Sancto\u201d &#8211; \u201cEhre sei dem Vater und dem Sohn \/ und dem Heiligen Geist.\u201d<\/p>\n<div id=\"attachment_4773\" style=\"width: 360px\" class=\"wp-caption alignleft\"><a href=\"https:\/\/www.rwg-bayreuth.de\/home\/wp-content\/uploads\/2014\/12\/2014_Weihnachtskonzert_Kammerchor_web.jpg\"><img loading=\"lazy\" decoding=\"async\" aria-describedby=\"caption-attachment-4773\" src=\"https:\/\/www.rwg-bayreuth.de\/home\/wp-content\/uploads\/2014\/12\/2014_Weihnachtskonzert_Kammerchor_web.jpg\" alt=\"Der Kammerchor unter der Leitung von Helmut Mehling.\" width=\"350\" height=\"241\" class=\"size-full wp-image-4773\" srcset=\"https:\/\/www.rwg-bayreuth.de\/home\/wp-content\/uploads\/2014\/12\/2014_Weihnachtskonzert_Kammerchor_web.jpg 350w, https:\/\/www.rwg-bayreuth.de\/home\/wp-content\/uploads\/2014\/12\/2014_Weihnachtskonzert_Kammerchor_web-150x103.jpg 150w, https:\/\/www.rwg-bayreuth.de\/home\/wp-content\/uploads\/2014\/12\/2014_Weihnachtskonzert_Kammerchor_web-300x206.jpg 300w, https:\/\/www.rwg-bayreuth.de\/home\/wp-content\/uploads\/2014\/12\/2014_Weihnachtskonzert_Kammerchor_web-250x172.jpg 250w\" sizes=\"(max-width: 350px) 100vw, 350px\" \/><\/a><p id=\"caption-attachment-4773\" class=\"wp-caption-text\">Der Kammerchor unter der Leitung von Helmut Mehling.<\/p><\/div>\n<p>Er\u00f6ffnet hatte das Konzert das Blechbl\u00e4serensemble um Herrn Mehl mit einer Intrade von Gottfried August Homilius. Das Gitarrenensemble erfreute zusammen mit den Blockfl\u00f6ten mit alten Weisen. Traditionelle Weihnachtslieder, an denen der Fluch am Kunstwerk im Zeitalter der technischen Reproduzierbarkeit noch weitgehend vorbeigegangen ist, sang der Unterstufenchor. Der Kammerchor mit seinen Solisten hatte sich Gro\u00dfes und Gro\u00dfartiges vorgenommen: Felix Mendelssohns Vertonung des Psalms 100 \u201eJauchzet dem Herrn, alle Welt\u201c. Bestens aufgelegt zeigte sich unser Schulorchester unter der Leitung von Albert Hubert mit einem kleinen Konzert von Johann Christoph Pepusch, bei dem Sara Heyert mit ihrer Querfl\u00f6te brillierte. Den majest\u00e4tischen Schlusspunkt bildete noch einmal Saint-Sa\u00ebns mit dem Schlussgesang aus dem Weihnachtsoratorium.<\/p>\n<div id=\"attachment_4774\" style=\"width: 360px\" class=\"wp-caption alignleft\"><a href=\"https:\/\/www.rwg-bayreuth.de\/home\/wp-content\/uploads\/2014\/12\/2014_Weihnachtskonzert_Orch_web.jpg\"><img loading=\"lazy\" decoding=\"async\" aria-describedby=\"caption-attachment-4774\" src=\"https:\/\/www.rwg-bayreuth.de\/home\/wp-content\/uploads\/2014\/12\/2014_Weihnachtskonzert_Orch_web.jpg\" alt=\"Albert Hubert leitete das Schulorchester.\" width=\"350\" height=\"254\" class=\"size-full wp-image-4774\" srcset=\"https:\/\/www.rwg-bayreuth.de\/home\/wp-content\/uploads\/2014\/12\/2014_Weihnachtskonzert_Orch_web.jpg 350w, https:\/\/www.rwg-bayreuth.de\/home\/wp-content\/uploads\/2014\/12\/2014_Weihnachtskonzert_Orch_web-150x109.jpg 150w, https:\/\/www.rwg-bayreuth.de\/home\/wp-content\/uploads\/2014\/12\/2014_Weihnachtskonzert_Orch_web-300x217.jpg 300w, https:\/\/www.rwg-bayreuth.de\/home\/wp-content\/uploads\/2014\/12\/2014_Weihnachtskonzert_Orch_web-250x181.jpg 250w\" sizes=\"(max-width: 350px) 100vw, 350px\" \/><\/a><p id=\"caption-attachment-4774\" class=\"wp-caption-text\">Albert Hubert leitete das Schulorchester.<\/p><\/div>\n<p>Was am sch\u00f6nsten war, ist schnell gesagt: Nat\u00fcrlich die Auswahl der Musik und die Perfektion der Umsetzung unter den H\u00e4nden von Ulrike, Helmut und Florian Mehling, Tatjana und Albert Hubert, Wolfgang Mehl, Maja Popp und Susanne R\u00f6ttger, die die Leitung des Konzertes hatten; mehr aber noch die Inbrunst und die sichtbare Sangesfreude, mit der die Sch\u00fclerinnen und Sch\u00fcler unserer Schule bei der Sache waren. Es sage niemand, Klassik sei tot &#8211; sie lebt in der Begeisterung der Musiker und im Herzen der dankbaren Zuh\u00f6rer. <\/p>\n","protected":false},"excerpt":{"rendered":"<p>Mit einem feierlichen Weihnachtskonzert stimmten die Ch\u00f6re, S\u00e4nger und Musikgruppen unserer Schule auf das nahende Fest ein. In der Christuskirche gab es zwei Auff\u00fchrungen, die bis auf den letzten Platz voll waren. Pfarrer Karl Hufnagel von der Christuskirche hatte sich in seinem Gusswort gew\u00fcnscht, im Weihnachtsfest mehr als nur Kommerz zu sehen. Zu diesem Wunsch&hellip;<\/p>\n","protected":false},"author":2,"featured_media":0,"comment_status":"closed","ping_status":"closed","sticky":false,"template":"","format":"standard","meta":{"footnotes":""},"categories":[],"tags":[],"_links":{"self":[{"href":"https:\/\/www.rwg-bayreuth.de\/home\/index.php?rest_route=\/wp\/v2\/posts\/4771"}],"collection":[{"href":"https:\/\/www.rwg-bayreuth.de\/home\/index.php?rest_route=\/wp\/v2\/posts"}],"about":[{"href":"https:\/\/www.rwg-bayreuth.de\/home\/index.php?rest_route=\/wp\/v2\/types\/post"}],"author":[{"embeddable":true,"href":"https:\/\/www.rwg-bayreuth.de\/home\/index.php?rest_route=\/wp\/v2\/users\/2"}],"replies":[{"embeddable":true,"href":"https:\/\/www.rwg-bayreuth.de\/home\/index.php?rest_route=%2Fwp%2Fv2%2Fcomments&post=4771"}],"version-history":[{"count":2,"href":"https:\/\/www.rwg-bayreuth.de\/home\/index.php?rest_route=\/wp\/v2\/posts\/4771\/revisions"}],"predecessor-version":[{"id":4776,"href":"https:\/\/www.rwg-bayreuth.de\/home\/index.php?rest_route=\/wp\/v2\/posts\/4771\/revisions\/4776"}],"wp:attachment":[{"href":"https:\/\/www.rwg-bayreuth.de\/home\/index.php?rest_route=%2Fwp%2Fv2%2Fmedia&parent=4771"}],"wp:term":[{"taxonomy":"category","embeddable":true,"href":"https:\/\/www.rwg-bayreuth.de\/home\/index.php?rest_route=%2Fwp%2Fv2%2Fcategories&post=4771"},{"taxonomy":"post_tag","embeddable":true,"href":"https:\/\/www.rwg-bayreuth.de\/home\/index.php?rest_route=%2Fwp%2Fv2%2Ftags&post=4771"}],"curies":[{"name":"wp","href":"https:\/\/api.w.org\/{rel}","templated":true}]}}