{"id":4763,"date":"2014-12-22T10:56:22","date_gmt":"2014-12-22T09:56:22","guid":{"rendered":"http:\/\/www.rwg-bayreuth.de\/home\/?page_id=4763"},"modified":"2014-12-22T10:57:55","modified_gmt":"2014-12-22T09:57:55","slug":"konflikte-clever-loesen","status":"publish","type":"post","link":"https:\/\/www.rwg-bayreuth.de\/home\/?p=4763","title":{"rendered":"Konflikte clever l\u00f6sen"},"content":{"rendered":"<div id=\"attachment_4765\" style=\"width: 360px\" class=\"wp-caption alignleft\"><a href=\"https:\/\/www.rwg-bayreuth.de\/home\/wp-content\/uploads\/2014\/12\/2014_Comenius_Pr\u00e4sentation_web.jpg\"><img loading=\"lazy\" decoding=\"async\" aria-describedby=\"caption-attachment-4765\" src=\"https:\/\/www.rwg-bayreuth.de\/home\/wp-content\/uploads\/2014\/12\/2014_Comenius_Pr\u00e4sentation_web.jpg\" alt=\"Die Teilnehmer des Projekts pr\u00e4sentierten ihre Ergebnisse in der Aula.\" width=\"350\" height=\"254\" class=\"size-full wp-image-4765\" srcset=\"https:\/\/www.rwg-bayreuth.de\/home\/wp-content\/uploads\/2014\/12\/2014_Comenius_Pr\u00e4sentation_web.jpg 350w, https:\/\/www.rwg-bayreuth.de\/home\/wp-content\/uploads\/2014\/12\/2014_Comenius_Pr\u00e4sentation_web-150x109.jpg 150w, https:\/\/www.rwg-bayreuth.de\/home\/wp-content\/uploads\/2014\/12\/2014_Comenius_Pr\u00e4sentation_web-300x217.jpg 300w, https:\/\/www.rwg-bayreuth.de\/home\/wp-content\/uploads\/2014\/12\/2014_Comenius_Pr\u00e4sentation_web-250x181.jpg 250w\" sizes=\"(max-width: 350px) 100vw, 350px\" \/><\/a><p id=\"caption-attachment-4765\" class=\"wp-caption-text\">Die Teilnehmer des Projekts pr\u00e4sentierten ihre<br \/>\nErgebnisse in der Aula.<\/p><\/div>\n<p>Man sagt immer so sch\u00f6n, dass Lernen lebenslang geht. Das gilt nat\u00fcrlich f\u00fcr Wissen, aber auch f\u00fcr den sozialen Bereich, n\u00e4mlich den Umgang miteinander. Dieses Feld nahm sich die COMENIUS-Gruppe unserer Schule vor, die jetzt ihre Ergebnisse pr\u00e4sentierten.<\/p>\n<p>Ziel des Projektes zum Thema \u201eKonflikte clever l\u00f6sen\u201c  war es, das Zusammenleben der Sch\u00fcler innerhalb der Schule zu verbessern und dar\u00fcber nachzudenken, wie man einen gewaltfreien Umgang miteinander f\u00f6rdern kann. Dazu wurden Umfragen an den Schulen durchgef\u00fchrt und es wurden Strategien zur Konfliktbew\u00e4ltigung ausgearbeitet. Die Sch\u00fcler haben Filme zu Konfliktsituationen gedreht, Tageb\u00fccher geschrieben und es ist auch ein sehenswerter Kalender entstanden, der typische Konfliktsituationen an symbolischen Fotos festmacht und mit einem gut gemeinten Motto verbindet. Dies erfolgte in einer internationalen Zusammenarbeit mit Sch\u00fclern aus Polen, der T\u00fcrkei und aus Italien.<\/p>\n<p>Die COMENIUS-Gruppe um Frau Kemnitzer und einige andere Lehrer des RWG  stellte ihren Mitsch\u00fclern aus der 10. Jahrgangsstufe dies alles vor, indem sie von ihren Aktivit\u00e4ten berichteten und ihre Ergebnisse vorf\u00fchrten. Sie zeigten, dass dort, wo Menschen zusammen sind, Konflikte nicht ausbleiben. Das ist normal und eine allt\u00e4gliche Erfahrung. Eine spannende Frage f\u00fcr uns alle ist, wie wir mit solchen Konflikten um gehen: Indem wir uns beleidigt einigeln, den anderen links liegen lassen, ihn beschimpfen und bespucken? Das kann es nicht sein. Doch wie macht man es besser? Durch reden, Verst\u00e4ndnis und \u00fcberzeugen? Vielleicht schon eher, aber wo liegt die Grenze des Verst\u00e4ndnisses und wo ist Zivilcourage gefragt? Schauen wir weg, wenn jemand gemobbt wird? M\u00fcssten wir nicht Flagge zeigen, wenn die Asylantenheime brennen?<\/p>\n<div id=\"attachment_4764\" style=\"width: 360px\" class=\"wp-caption alignleft\"><a href=\"https:\/\/www.rwg-bayreuth.de\/home\/wp-content\/uploads\/2014\/12\/Kalenderbild_web.jpg\"><img loading=\"lazy\" decoding=\"async\" aria-describedby=\"caption-attachment-4764\" src=\"https:\/\/www.rwg-bayreuth.de\/home\/wp-content\/uploads\/2014\/12\/Kalenderbild_web.jpg\" alt=\"&quot;Friede ist, wenn die Hautfarbe egal ist.&quot;\" width=\"350\" height=\"226\" class=\"size-full wp-image-4764\" srcset=\"https:\/\/www.rwg-bayreuth.de\/home\/wp-content\/uploads\/2014\/12\/Kalenderbild_web.jpg 350w, https:\/\/www.rwg-bayreuth.de\/home\/wp-content\/uploads\/2014\/12\/Kalenderbild_web-150x97.jpg 150w, https:\/\/www.rwg-bayreuth.de\/home\/wp-content\/uploads\/2014\/12\/Kalenderbild_web-300x193.jpg 300w, https:\/\/www.rwg-bayreuth.de\/home\/wp-content\/uploads\/2014\/12\/Kalenderbild_web-250x161.jpg 250w\" sizes=\"(max-width: 350px) 100vw, 350px\" \/><\/a><p id=\"caption-attachment-4764\" class=\"wp-caption-text\">&#8222;Friede ist, wenn die Hautfarbe egal ist.&#8220;<\/p><\/div>\n<p>Vielleicht ist es ein erster Schritt, sich auf solche Dinge zun\u00e4chst zu besinnen und f\u00fcr solche Fragen empf\u00e4nglich zu sein. Dazu kann der Motto-Kalender der COMENIUS-Gruppe einen Beitrag leisten. Zu jedem Monat wurde ein symbolisches Foto gestellt und mit einem klugen Mottospruch versehen. \u201eDer beste Weg, ein Problem zu l\u00f6sen, ist gemeinsam,\u201c hei\u00dft es da oder \u201eFriede ist, wenn die Hautfarbe egal ist.\u201c Es w\u00e4re sch\u00f6n, sich auf solche S\u00e4tze zu besinnen, wenn es Streit in der Klasse gibt oder jemand auf die Asylsuchenden aus Afrika schimpft. Deshalb sollen sie im neuen Jahr als Monatsbild und Monatsmotto auf der Homepage ganz oben stehen. <\/p>\n","protected":false},"excerpt":{"rendered":"<p>Man sagt immer so sch\u00f6n, dass Lernen lebenslang geht. Das gilt nat\u00fcrlich f\u00fcr Wissen, aber auch f\u00fcr den sozialen Bereich, n\u00e4mlich den Umgang miteinander. Dieses Feld nahm sich die COMENIUS-Gruppe unserer Schule vor, die jetzt ihre Ergebnisse pr\u00e4sentierten. Ziel des Projektes zum Thema \u201eKonflikte clever l\u00f6sen\u201c war es, das Zusammenleben der Sch\u00fcler innerhalb der Schule&hellip;<\/p>\n","protected":false},"author":2,"featured_media":0,"comment_status":"closed","ping_status":"closed","sticky":false,"template":"","format":"standard","meta":{"footnotes":""},"categories":[],"tags":[],"_links":{"self":[{"href":"https:\/\/www.rwg-bayreuth.de\/home\/index.php?rest_route=\/wp\/v2\/posts\/4763"}],"collection":[{"href":"https:\/\/www.rwg-bayreuth.de\/home\/index.php?rest_route=\/wp\/v2\/posts"}],"about":[{"href":"https:\/\/www.rwg-bayreuth.de\/home\/index.php?rest_route=\/wp\/v2\/types\/post"}],"author":[{"embeddable":true,"href":"https:\/\/www.rwg-bayreuth.de\/home\/index.php?rest_route=\/wp\/v2\/users\/2"}],"replies":[{"embeddable":true,"href":"https:\/\/www.rwg-bayreuth.de\/home\/index.php?rest_route=%2Fwp%2Fv2%2Fcomments&post=4763"}],"version-history":[{"count":2,"href":"https:\/\/www.rwg-bayreuth.de\/home\/index.php?rest_route=\/wp\/v2\/posts\/4763\/revisions"}],"predecessor-version":[{"id":4770,"href":"https:\/\/www.rwg-bayreuth.de\/home\/index.php?rest_route=\/wp\/v2\/posts\/4763\/revisions\/4770"}],"wp:attachment":[{"href":"https:\/\/www.rwg-bayreuth.de\/home\/index.php?rest_route=%2Fwp%2Fv2%2Fmedia&parent=4763"}],"wp:term":[{"taxonomy":"category","embeddable":true,"href":"https:\/\/www.rwg-bayreuth.de\/home\/index.php?rest_route=%2Fwp%2Fv2%2Fcategories&post=4763"},{"taxonomy":"post_tag","embeddable":true,"href":"https:\/\/www.rwg-bayreuth.de\/home\/index.php?rest_route=%2Fwp%2Fv2%2Ftags&post=4763"}],"curies":[{"name":"wp","href":"https:\/\/api.w.org\/{rel}","templated":true}]}}