{"id":4731,"date":"2014-12-18T23:37:12","date_gmt":"2014-12-18T22:37:12","guid":{"rendered":"http:\/\/www.rwg-bayreuth.de\/home\/?page_id=4731"},"modified":"2014-12-18T23:37:12","modified_gmt":"2014-12-18T22:37:12","slug":"weihnachtskonzert-in-der-christuskirche","status":"publish","type":"post","link":"https:\/\/www.rwg-bayreuth.de\/home\/?p=4731","title":{"rendered":"Weihnachtskonzert in der Christuskirche"},"content":{"rendered":"<p><a href=\"https:\/\/www.rwg-bayreuth.de\/home\/wp-content\/uploads\/2014\/12\/Weihnachtskonzert_Titel.jpg\"><img loading=\"lazy\" decoding=\"async\" src=\"https:\/\/www.rwg-bayreuth.de\/home\/wp-content\/uploads\/2014\/12\/Weihnachtskonzert_Titel.jpg\" alt=\"Weihnachtskonzert_Titel\" width=\"241\" height=\"350\" class=\"alignleft size-full wp-image-4732\" srcset=\"https:\/\/www.rwg-bayreuth.de\/home\/wp-content\/uploads\/2014\/12\/Weihnachtskonzert_Titel.jpg 241w, https:\/\/www.rwg-bayreuth.de\/home\/wp-content\/uploads\/2014\/12\/Weihnachtskonzert_Titel-103x150.jpg 103w, https:\/\/www.rwg-bayreuth.de\/home\/wp-content\/uploads\/2014\/12\/Weihnachtskonzert_Titel-206x300.jpg 206w\" sizes=\"(max-width: 241px) 100vw, 241px\" \/><\/a>Das Weihnachtsoratorium von Camille Saint-Sa\u00ebns soll im Mittelpunkt des diesj\u00e4hrigen Weihnachtskonzertes unserer Schule stehen. Es findet am Montag, 22.12., um 17 und um 19 Uhr in der Christuskirche statt.<\/p>\n<p>Das feierliche Weihnachtsoratorium von Saint-Sa\u00ebns verwendet lateinische Verse aus dem Evangelien und den Psalmen und bietet einen Wechsel von Solopartien und Chorgesang. Unsere Sch\u00fcler wurden von der Familie Mehling sehr gewissenhaft vorbereitet, denn die St\u00fccke sind durchaus anspruchsvoll: Man h\u00f6rt sie auch in Konzerten mit professionellen Musikern.<\/p>\n<p>Es spielen au\u00dferdem das Blechbl\u00e4serensemble, das Gitarrenensemble und die Blockfl\u00f6ten sowie das Schulorchester. Zum Programm geh\u00f6ren alte Weisen ebenso wie traditionelle Weihnachtslieder. Ein besonderer H\u00f6hepunkt verspricht au\u00dferdem Felix Mendelssohns Vertonung des Psalms 100 zu werden: \u201eJauchzet dem Herrn, alle Welt\u201c. <\/p>\n<p>Die Leitung des Konzerts haben Tatjana und Albert Hubert, Wolfgang Mehl, Maja Popp, Susanne R\u00f6ttger, Ulrike, Florian und Helmut Mehling. Karten gibt es im Sekretariat und an der Abendkasse, der Eintritt ist frei.<\/p>\n","protected":false},"excerpt":{"rendered":"<p>Das Weihnachtsoratorium von Camille Saint-Sa\u00ebns soll im Mittelpunkt des diesj\u00e4hrigen Weihnachtskonzertes unserer Schule stehen. Es findet am Montag, 22.12., um 17 und um 19 Uhr in der Christuskirche statt. Das feierliche Weihnachtsoratorium von Saint-Sa\u00ebns verwendet lateinische Verse aus dem Evangelien und den Psalmen und bietet einen Wechsel von Solopartien und Chorgesang. Unsere Sch\u00fcler wurden von&hellip;<\/p>\n","protected":false},"author":2,"featured_media":0,"comment_status":"closed","ping_status":"closed","sticky":false,"template":"","format":"standard","meta":{"footnotes":""},"categories":[],"tags":[],"_links":{"self":[{"href":"https:\/\/www.rwg-bayreuth.de\/home\/index.php?rest_route=\/wp\/v2\/posts\/4731"}],"collection":[{"href":"https:\/\/www.rwg-bayreuth.de\/home\/index.php?rest_route=\/wp\/v2\/posts"}],"about":[{"href":"https:\/\/www.rwg-bayreuth.de\/home\/index.php?rest_route=\/wp\/v2\/types\/post"}],"author":[{"embeddable":true,"href":"https:\/\/www.rwg-bayreuth.de\/home\/index.php?rest_route=\/wp\/v2\/users\/2"}],"replies":[{"embeddable":true,"href":"https:\/\/www.rwg-bayreuth.de\/home\/index.php?rest_route=%2Fwp%2Fv2%2Fcomments&post=4731"}],"version-history":[{"count":1,"href":"https:\/\/www.rwg-bayreuth.de\/home\/index.php?rest_route=\/wp\/v2\/posts\/4731\/revisions"}],"predecessor-version":[{"id":4733,"href":"https:\/\/www.rwg-bayreuth.de\/home\/index.php?rest_route=\/wp\/v2\/posts\/4731\/revisions\/4733"}],"wp:attachment":[{"href":"https:\/\/www.rwg-bayreuth.de\/home\/index.php?rest_route=%2Fwp%2Fv2%2Fmedia&parent=4731"}],"wp:term":[{"taxonomy":"category","embeddable":true,"href":"https:\/\/www.rwg-bayreuth.de\/home\/index.php?rest_route=%2Fwp%2Fv2%2Fcategories&post=4731"},{"taxonomy":"post_tag","embeddable":true,"href":"https:\/\/www.rwg-bayreuth.de\/home\/index.php?rest_route=%2Fwp%2Fv2%2Ftags&post=4731"}],"curies":[{"name":"wp","href":"https:\/\/api.w.org\/{rel}","templated":true}]}}