{"id":4716,"date":"2014-12-16T18:33:14","date_gmt":"2014-12-16T17:33:14","guid":{"rendered":"http:\/\/www.rwg-bayreuth.de\/home\/?page_id=4716"},"modified":"2014-12-16T18:33:25","modified_gmt":"2014-12-16T17:33:25","slug":"leben-im-unrechtsstaat","status":"publish","type":"post","link":"https:\/\/www.rwg-bayreuth.de\/home\/?p=4716","title":{"rendered":"Leben im Unrechtsstaat"},"content":{"rendered":"<div id=\"attachment_4717\" style=\"width: 360px\" class=\"wp-caption alignleft\"><a href=\"https:\/\/www.rwg-bayreuth.de\/home\/wp-content\/uploads\/2014\/12\/Artikel-Kowalczuk_web.jpg\"><img loading=\"lazy\" decoding=\"async\" aria-describedby=\"caption-attachment-4717\" src=\"https:\/\/www.rwg-bayreuth.de\/home\/wp-content\/uploads\/2014\/12\/Artikel-Kowalczuk_web.jpg\" alt=\"Ilko-Sascha Kowalczuk erz\u00e4hlte vom Leben in der DDR. \" width=\"350\" height=\"245\" class=\"size-full wp-image-4717\" srcset=\"https:\/\/www.rwg-bayreuth.de\/home\/wp-content\/uploads\/2014\/12\/Artikel-Kowalczuk_web.jpg 350w, https:\/\/www.rwg-bayreuth.de\/home\/wp-content\/uploads\/2014\/12\/Artikel-Kowalczuk_web-150x105.jpg 150w, https:\/\/www.rwg-bayreuth.de\/home\/wp-content\/uploads\/2014\/12\/Artikel-Kowalczuk_web-300x210.jpg 300w, https:\/\/www.rwg-bayreuth.de\/home\/wp-content\/uploads\/2014\/12\/Artikel-Kowalczuk_web-250x175.jpg 250w\" sizes=\"(max-width: 350px) 100vw, 350px\" \/><\/a><p id=\"caption-attachment-4717\" class=\"wp-caption-text\">Ilko-Sascha Kowalczuk erz\u00e4hlte vom Leben in der DDR.<\/p><\/div>\n<p>Der DDR-Historiker Ilko-Sascha Kowalczuk stellte sich im Rahmen des Geschichtsunterrichts den interessierten Fragen der Klasse 10b zur Rolle der Stasi, dem t\u00e4glichen Leben in der DDR und dem Mauerfall.<\/p>\n<p>Der Historiker, Vater zweier Sch\u00fcler am RWG, ist seit 2001 wissenschaftlicher Mitarbeiter und Projektleiter der Abteilung Bildung und Forschung beim Bundesbeauftragten f\u00fcr die Unterlagen des Staatssicherheitsdienstes der ehemaligen DDR. Er besuchte unsere Schule auf Einladung von Frau Herrmann-Maier und hat bekannte B\u00fccher zur DDR-Geschichte verfasst, z.B.<br \/>\n&#8211; Endspiel. Die Revolution von 1989 in der DDR (2009)<br \/>\n&#8211; Die 101 wichtigsten Fragen \u2013 DDR (2009)<br \/>\n&#8211; Stasi konkret. \u00dcberwachung und Repression in der DDR (2013)<br \/>\n&#8211; \u201eFasse Dich kurz!\u201c Der grenz\u00fcberschreitende Telefonverkehr der Opposition in den 1980er Jahren und das Ministerium f\u00fcr Staatssicherheit (2014).<\/p>\n<p>Dr. Kowalczuk erz\u00e4hlte in einer gelungenen Mischung aus Vortrag und Gespr\u00e4ch mit den Sch\u00fclern auch seinen pers\u00f6nlichen Werdegang. So durfte er das Abitur in der DDR nicht machen, da er sich mit 16 gegen den Milit\u00e4rdienst entschied, daraufhin eine Ausbildung zum Baufacharbeiter absolvierte und erst nach dem Mauerfall das Abitur nachholen und dann studieren konnte. In Ostberlin lebend, war es seiner Meinung nach in den Jahren vor dem Mauerfall besonders f\u00fcr Jugendlicher sehr schwierig, die politischen Verh\u00e4ltnisse zu ertragen, weil man st\u00e4ndig mit dem Westfernsehen, der Musik und dem westlichen Lebensstil konfrontiert war und wusste, dass die Westg\u00fcter aber trotz geringer r\u00e4umlicher Entfernung doch unerreichbar waren.<\/p>\n<p>Die DDR bezeichnete er als Unrechtsstaat, da es keine freie Justiz gab und die Rechtsprechung v\u00f6llig willk\u00fcrlich war. Die entscheidende Kategorie bei der Beurteilung eines politischen Systems sei die Freiheit, die in der DDR nicht gegeben war, erl\u00e4uterte der Autor den Sch\u00fclern, die dem interessanten und abwechslungsreichen Vortrag noch gerne l\u00e4nger zugeh\u00f6rt h\u00e4tten und sich bei Herrn Kowalczuk mit einem kr\u00e4ftigen Applaus bedankten.<\/p>\n<p>Maria Herrmann-Maier<\/p>\n","protected":false},"excerpt":{"rendered":"<p>Der DDR-Historiker Ilko-Sascha Kowalczuk stellte sich im Rahmen des Geschichtsunterrichts den interessierten Fragen der Klasse 10b zur Rolle der Stasi, dem t\u00e4glichen Leben in der DDR und dem Mauerfall. Der Historiker, Vater zweier Sch\u00fcler am RWG, ist seit 2001 wissenschaftlicher Mitarbeiter und Projektleiter der Abteilung Bildung und Forschung beim Bundesbeauftragten f\u00fcr die Unterlagen des Staatssicherheitsdienstes&hellip;<\/p>\n","protected":false},"author":2,"featured_media":0,"comment_status":"closed","ping_status":"closed","sticky":false,"template":"","format":"standard","meta":{"footnotes":""},"categories":[],"tags":[],"_links":{"self":[{"href":"https:\/\/www.rwg-bayreuth.de\/home\/index.php?rest_route=\/wp\/v2\/posts\/4716"}],"collection":[{"href":"https:\/\/www.rwg-bayreuth.de\/home\/index.php?rest_route=\/wp\/v2\/posts"}],"about":[{"href":"https:\/\/www.rwg-bayreuth.de\/home\/index.php?rest_route=\/wp\/v2\/types\/post"}],"author":[{"embeddable":true,"href":"https:\/\/www.rwg-bayreuth.de\/home\/index.php?rest_route=\/wp\/v2\/users\/2"}],"replies":[{"embeddable":true,"href":"https:\/\/www.rwg-bayreuth.de\/home\/index.php?rest_route=%2Fwp%2Fv2%2Fcomments&post=4716"}],"version-history":[{"count":1,"href":"https:\/\/www.rwg-bayreuth.de\/home\/index.php?rest_route=\/wp\/v2\/posts\/4716\/revisions"}],"predecessor-version":[{"id":4718,"href":"https:\/\/www.rwg-bayreuth.de\/home\/index.php?rest_route=\/wp\/v2\/posts\/4716\/revisions\/4718"}],"wp:attachment":[{"href":"https:\/\/www.rwg-bayreuth.de\/home\/index.php?rest_route=%2Fwp%2Fv2%2Fmedia&parent=4716"}],"wp:term":[{"taxonomy":"category","embeddable":true,"href":"https:\/\/www.rwg-bayreuth.de\/home\/index.php?rest_route=%2Fwp%2Fv2%2Fcategories&post=4716"},{"taxonomy":"post_tag","embeddable":true,"href":"https:\/\/www.rwg-bayreuth.de\/home\/index.php?rest_route=%2Fwp%2Fv2%2Ftags&post=4716"}],"curies":[{"name":"wp","href":"https:\/\/api.w.org\/{rel}","templated":true}]}}