{"id":4679,"date":"2014-12-15T15:42:10","date_gmt":"2014-12-15T14:42:10","guid":{"rendered":"http:\/\/www.rwg-bayreuth.de\/home\/?page_id=4679"},"modified":"2014-12-15T15:47:09","modified_gmt":"2014-12-15T14:47:09","slug":"am-anfang-war-der-schulaustausch","status":"publish","type":"post","link":"https:\/\/www.rwg-bayreuth.de\/home\/?p=4679","title":{"rendered":"Am Anfang war der Schulaustausch"},"content":{"rendered":"<div id=\"attachment_4680\" style=\"width: 360px\" class=\"wp-caption alignleft\"><a href=\"https:\/\/www.rwg-bayreuth.de\/home\/wp-content\/uploads\/2014\/12\/2014_St\u00e4dtepartner_La_Spezia_web.jpg\"><img loading=\"lazy\" decoding=\"async\" aria-describedby=\"caption-attachment-4680\" src=\"https:\/\/www.rwg-bayreuth.de\/home\/wp-content\/uploads\/2014\/12\/2014_St\u00e4dtepartner_La_Spezia_web.jpg\" alt=\"In einer Kommission gibt es nur W\u00fcrdentr\u00e4ger: Frau Graf, Oberb\u00fcrgermeistern Merk-Erbe, Kulturreferentin Patrizia Saccone, Avvocato Fabrizio delle Piane, Preside Paolo Manfredini (vordere Reihe, von links).\" width=\"350\" height=\"233\" class=\"size-full wp-image-4680\" srcset=\"https:\/\/www.rwg-bayreuth.de\/home\/wp-content\/uploads\/2014\/12\/2014_St\u00e4dtepartner_La_Spezia_web.jpg 350w, https:\/\/www.rwg-bayreuth.de\/home\/wp-content\/uploads\/2014\/12\/2014_St\u00e4dtepartner_La_Spezia_web-150x100.jpg 150w, https:\/\/www.rwg-bayreuth.de\/home\/wp-content\/uploads\/2014\/12\/2014_St\u00e4dtepartner_La_Spezia_web-300x199.jpg 300w, https:\/\/www.rwg-bayreuth.de\/home\/wp-content\/uploads\/2014\/12\/2014_St\u00e4dtepartner_La_Spezia_web-250x166.jpg 250w\" sizes=\"(max-width: 350px) 100vw, 350px\" \/><\/a><p id=\"caption-attachment-4680\" class=\"wp-caption-text\">In einer Kommission gibt es nur W\u00fcrdentr\u00e4ger:<br \/>\nFrau Graf, Oberb\u00fcrgermeistern Merk-Erbe,<br \/>\nKulturreferentin Patrizia Saccone, Avvocato<br \/>\nFabrizio delle Piane, Preside Paolo Manfredini<br \/>\n(vordere Reihe, von links).<\/p><\/div>\n<p>Bei einer Arbeitsbesprechung stattete die Partnerschaftskommission f\u00fcr die St\u00e4dtepartnerschaft mit La Spezia unserer Schule einen Besuch ab.<\/p>\n<p>Der Kommission geh\u00f6ren Vertreter des Bayreuther Stadtrates und der italienischen Partnerstadt La Spezia an, ebenso wie beratende Mitglieder, etwa Herr Polaczek von unserer Schule oder die Deutsch-Italienische Gesellschaft, die es in Bayreuth gibt. Sie trafen sich, um das weitere gemeinsame Vorgehen des Partnerschaftsprojektes zu beraten. Weil es beim Essen leichter f\u00e4llt, sich zwangloser auszutauschen, fand ein gemeinsames Mittagessen statt. <\/p>\n<p>Dass dieses in unserer Schulmensa abgehalten wurde, hat einen guten Grund, denn die offizielle St\u00e4dtepartnerschaft zwischen Bayreuth und La Spezia w\u00e4re ohne das RWG vielleicht gar nicht denkbar: Alles nahm vor fast 30 Jahren mit dem Schulaustausch zwischen dem RWG und der ligurischen Hafenstadt seinen Anfang. 1986 fuhr die erste RWG-Gruppe nach La Spezia, schon damals betreut von Hern Polaczek, der sich freute, bei dem Treffen dabei sein zu k\u00f6nnen. Schon damals was das I.T.C Fossati Partnerschule, und sie ist es heute noch. Damit d\u00fcrfte die Schulpartnerschaft eine der \u00e4ltesten und langlebigsten sein. Deshalb war man beim Mittagessen und beim anschlie\u00dfenden Gang durch die Schule schnell auf vertraulichem Fu\u00dfe &#8211; Schulleiterin Ursula Graf und ihr italienischer Kollege Paolo Manfredini, der zugleich Stadtratsvorsitzender ist und im ligurischen Bezirkstag sitzt, Oberb\u00fcrgermeisterin Brigitte Merk-Erbe und die Kulturreferentin Patrizia Saccone, Frau Klamt,  Frau Saathoff-Stark und Frau Segalla als Lehrerinnen. <\/p>\n<p>Selbstverst\u00e4ndlich gab es auch Geschenke, K\u00fcsschen und Herzlichkeiten und die gegenseitige Versicherung, dass der Austausch und die St\u00e4dtepartnerschaft eine gute Sache seien. Kontakte gibt es mittlerweile auf Vereinsebene und &#8211; junge Leute aufgepasst &#8211; es besteht im Rahmen der Partnerschaft auch die M\u00f6glichkeit, in der jeweils anderen Stadt im Rahmen einer Ferienbesch\u00e4ftigung zu hospitieren. Wer sich daf\u00fcr interessiert, darf sich an Herrn Polaczek wenden. Er wei\u00df alles zum Thema.<\/p>\n","protected":false},"excerpt":{"rendered":"<p>Bei einer Arbeitsbesprechung stattete die Partnerschaftskommission f\u00fcr die St\u00e4dtepartnerschaft mit La Spezia unserer Schule einen Besuch ab. Der Kommission geh\u00f6ren Vertreter des Bayreuther Stadtrates und der italienischen Partnerstadt La Spezia an, ebenso wie beratende Mitglieder, etwa Herr Polaczek von unserer Schule oder die Deutsch-Italienische Gesellschaft, die es in Bayreuth gibt. Sie trafen sich, um das&hellip;<\/p>\n","protected":false},"author":2,"featured_media":0,"comment_status":"closed","ping_status":"closed","sticky":false,"template":"","format":"standard","meta":{"footnotes":""},"categories":[],"tags":[],"_links":{"self":[{"href":"https:\/\/www.rwg-bayreuth.de\/home\/index.php?rest_route=\/wp\/v2\/posts\/4679"}],"collection":[{"href":"https:\/\/www.rwg-bayreuth.de\/home\/index.php?rest_route=\/wp\/v2\/posts"}],"about":[{"href":"https:\/\/www.rwg-bayreuth.de\/home\/index.php?rest_route=\/wp\/v2\/types\/post"}],"author":[{"embeddable":true,"href":"https:\/\/www.rwg-bayreuth.de\/home\/index.php?rest_route=\/wp\/v2\/users\/2"}],"replies":[{"embeddable":true,"href":"https:\/\/www.rwg-bayreuth.de\/home\/index.php?rest_route=%2Fwp%2Fv2%2Fcomments&post=4679"}],"version-history":[{"count":2,"href":"https:\/\/www.rwg-bayreuth.de\/home\/index.php?rest_route=\/wp\/v2\/posts\/4679\/revisions"}],"predecessor-version":[{"id":4682,"href":"https:\/\/www.rwg-bayreuth.de\/home\/index.php?rest_route=\/wp\/v2\/posts\/4679\/revisions\/4682"}],"wp:attachment":[{"href":"https:\/\/www.rwg-bayreuth.de\/home\/index.php?rest_route=%2Fwp%2Fv2%2Fmedia&parent=4679"}],"wp:term":[{"taxonomy":"category","embeddable":true,"href":"https:\/\/www.rwg-bayreuth.de\/home\/index.php?rest_route=%2Fwp%2Fv2%2Fcategories&post=4679"},{"taxonomy":"post_tag","embeddable":true,"href":"https:\/\/www.rwg-bayreuth.de\/home\/index.php?rest_route=%2Fwp%2Fv2%2Ftags&post=4679"}],"curies":[{"name":"wp","href":"https:\/\/api.w.org\/{rel}","templated":true}]}}