{"id":4637,"date":"2014-12-11T10:05:21","date_gmt":"2014-12-11T09:05:21","guid":{"rendered":"http:\/\/www.rwg-bayreuth.de\/home\/?page_id=4637"},"modified":"2014-12-11T13:25:31","modified_gmt":"2014-12-11T12:25:31","slug":"die-kunstkalender-sind-da","status":"publish","type":"post","link":"https:\/\/www.rwg-bayreuth.de\/home\/?p=4637","title":{"rendered":"Die Kunstkalender sind da"},"content":{"rendered":"<div id=\"attachment_4638\" style=\"width: 360px\" class=\"wp-caption alignleft\"><a href=\"https:\/\/www.rwg-bayreuth.de\/home\/wp-content\/uploads\/2014\/12\/201_Kalender_web.jpg\"><img loading=\"lazy\" decoding=\"async\" aria-describedby=\"caption-attachment-4638\" src=\"https:\/\/www.rwg-bayreuth.de\/home\/wp-content\/uploads\/2014\/12\/201_Kalender_web.jpg\" alt=\"Die Bilder h\u00e4ngen im Lehrerzimmergang.\" width=\"350\" height=\"269\" class=\"size-full wp-image-4638\" srcset=\"https:\/\/www.rwg-bayreuth.de\/home\/wp-content\/uploads\/2014\/12\/201_Kalender_web.jpg 350w, https:\/\/www.rwg-bayreuth.de\/home\/wp-content\/uploads\/2014\/12\/201_Kalender_web-150x115.jpg 150w, https:\/\/www.rwg-bayreuth.de\/home\/wp-content\/uploads\/2014\/12\/201_Kalender_web-300x230.jpg 300w, https:\/\/www.rwg-bayreuth.de\/home\/wp-content\/uploads\/2014\/12\/201_Kalender_web-250x192.jpg 250w\" sizes=\"(max-width: 350px) 100vw, 350px\" \/><\/a><p id=\"caption-attachment-4638\" class=\"wp-caption-text\">Die Bilder h\u00e4ngen im Lehrerzimmergang.<\/p><\/div>\n<p>Dank der guten Nachfrage wird es f\u00fcr das Jahr 2015 einen RWG-Kunstkalender geben. Die Probeabz\u00fcge sind bereits da und k\u00f6nnen im Lehrerzimmergang bestaunt werden.<\/p>\n<p>Die zw\u00f6lf Monatsbilder sind im Kunstunterricht von Herrn Just und Frau Gerdes entstanden. Sie kommen aus den verschiedenen Jahrgangsstufen, zeigen logischerweise verschiedene Motive und sind in ganz unterschiedlichen Darstellungstechniken ausgef\u00fchrt. Dadurch entsteht eine bunte Vielfalt, welche einen interessanten Einblick in die Ergebnisse des Kunstunterrichtes am Richard-Wagner-Gymnasium bietet.<\/p>\n<p>Der Kalender ist gro\u00dfformatig und auf qualitativ hochwertigem Papier gedruckt. Trotzdem konnte der Preis auf 5 Euro gesenkt werden. Bestellt und gekauft werden kann er bei Herrn Just. Wer also noch ein sch\u00f6nes Weihnachtsgeschenk sucht\u2026<\/p>\n<div id=\"attachment_4639\" style=\"width: 460px\" class=\"wp-caption alignleft\"><a href=\"https:\/\/www.rwg-bayreuth.de\/home\/wp-content\/uploads\/2014\/12\/Kalender_\u00dcbersicht_webt.jpg\"><img loading=\"lazy\" decoding=\"async\" aria-describedby=\"caption-attachment-4639\" src=\"https:\/\/www.rwg-bayreuth.de\/home\/wp-content\/uploads\/2014\/12\/Kalender_\u00dcbersicht_webt.jpg\" alt=\"Jedes Monatsblatt hat ein eigenes Motiv.\" width=\"450\" height=\"278\" class=\"size-full wp-image-4639\" srcset=\"https:\/\/www.rwg-bayreuth.de\/home\/wp-content\/uploads\/2014\/12\/Kalender_\u00dcbersicht_webt.jpg 450w, https:\/\/www.rwg-bayreuth.de\/home\/wp-content\/uploads\/2014\/12\/Kalender_\u00dcbersicht_webt-150x93.jpg 150w, https:\/\/www.rwg-bayreuth.de\/home\/wp-content\/uploads\/2014\/12\/Kalender_\u00dcbersicht_webt-300x185.jpg 300w, https:\/\/www.rwg-bayreuth.de\/home\/wp-content\/uploads\/2014\/12\/Kalender_\u00dcbersicht_webt-250x154.jpg 250w\" sizes=\"(max-width: 450px) 100vw, 450px\" \/><\/a><p id=\"caption-attachment-4639\" class=\"wp-caption-text\">Jedes Monatsblatt hat ein eigenes Motiv.<\/p><\/div>\n","protected":false},"excerpt":{"rendered":"<p>Dank der guten Nachfrage wird es f\u00fcr das Jahr 2015 einen RWG-Kunstkalender geben. Die Probeabz\u00fcge sind bereits da und k\u00f6nnen im Lehrerzimmergang bestaunt werden. Die zw\u00f6lf Monatsbilder sind im Kunstunterricht von Herrn Just und Frau Gerdes entstanden. Sie kommen aus den verschiedenen Jahrgangsstufen, zeigen logischerweise verschiedene Motive und sind in ganz unterschiedlichen Darstellungstechniken ausgef\u00fchrt. Dadurch&hellip;<\/p>\n","protected":false},"author":2,"featured_media":0,"comment_status":"closed","ping_status":"closed","sticky":false,"template":"","format":"standard","meta":{"footnotes":""},"categories":[],"tags":[],"_links":{"self":[{"href":"https:\/\/www.rwg-bayreuth.de\/home\/index.php?rest_route=\/wp\/v2\/posts\/4637"}],"collection":[{"href":"https:\/\/www.rwg-bayreuth.de\/home\/index.php?rest_route=\/wp\/v2\/posts"}],"about":[{"href":"https:\/\/www.rwg-bayreuth.de\/home\/index.php?rest_route=\/wp\/v2\/types\/post"}],"author":[{"embeddable":true,"href":"https:\/\/www.rwg-bayreuth.de\/home\/index.php?rest_route=\/wp\/v2\/users\/2"}],"replies":[{"embeddable":true,"href":"https:\/\/www.rwg-bayreuth.de\/home\/index.php?rest_route=%2Fwp%2Fv2%2Fcomments&post=4637"}],"version-history":[{"count":5,"href":"https:\/\/www.rwg-bayreuth.de\/home\/index.php?rest_route=\/wp\/v2\/posts\/4637\/revisions"}],"predecessor-version":[{"id":4654,"href":"https:\/\/www.rwg-bayreuth.de\/home\/index.php?rest_route=\/wp\/v2\/posts\/4637\/revisions\/4654"}],"wp:attachment":[{"href":"https:\/\/www.rwg-bayreuth.de\/home\/index.php?rest_route=%2Fwp%2Fv2%2Fmedia&parent=4637"}],"wp:term":[{"taxonomy":"category","embeddable":true,"href":"https:\/\/www.rwg-bayreuth.de\/home\/index.php?rest_route=%2Fwp%2Fv2%2Fcategories&post=4637"},{"taxonomy":"post_tag","embeddable":true,"href":"https:\/\/www.rwg-bayreuth.de\/home\/index.php?rest_route=%2Fwp%2Fv2%2Ftags&post=4637"}],"curies":[{"name":"wp","href":"https:\/\/api.w.org\/{rel}","templated":true}]}}