{"id":4487,"date":"2014-11-26T21:50:01","date_gmt":"2014-11-26T20:50:01","guid":{"rendered":"http:\/\/www.rwg-bayreuth.de\/home\/?page_id=4487"},"modified":"2014-11-26T21:53:42","modified_gmt":"2014-11-26T20:53:42","slug":"4487-2","status":"publish","type":"post","link":"https:\/\/www.rwg-bayreuth.de\/home\/?p=4487","title":{"rendered":"Der Sprechtag als Chance"},"content":{"rendered":"<div id=\"attachment_4488\" style=\"width: 360px\" class=\"wp-caption alignleft\"><a href=\"https:\/\/www.rwg-bayreuth.de\/home\/wp-content\/uploads\/2014\/11\/2014_Sprechtag_web.jpg\"><img loading=\"lazy\" decoding=\"async\" aria-describedby=\"caption-attachment-4488\" src=\"https:\/\/www.rwg-bayreuth.de\/home\/wp-content\/uploads\/2014\/11\/2014_Sprechtag_web.jpg\" alt=\"&quot;Wo bleibt denn nur die Kundschaft?&quot; Dabei gab es so sch\u00f6ne Sachen an den St\u00e4nden.\" width=\"350\" height=\"254\" class=\"size-full wp-image-4488\" srcset=\"https:\/\/www.rwg-bayreuth.de\/home\/wp-content\/uploads\/2014\/11\/2014_Sprechtag_web.jpg 350w, https:\/\/www.rwg-bayreuth.de\/home\/wp-content\/uploads\/2014\/11\/2014_Sprechtag_web-150x109.jpg 150w, https:\/\/www.rwg-bayreuth.de\/home\/wp-content\/uploads\/2014\/11\/2014_Sprechtag_web-300x217.jpg 300w, https:\/\/www.rwg-bayreuth.de\/home\/wp-content\/uploads\/2014\/11\/2014_Sprechtag_web-250x181.jpg 250w\" sizes=\"(max-width: 350px) 100vw, 350px\" \/><\/a><p id=\"caption-attachment-4488\" class=\"wp-caption-text\">&#8222;Wo bleibt denn nur die Kundschaft?&#8220;<br \/>\nDabei ga es so sch\u00f6ne Sachen an den St\u00e4nden.<\/p><\/div>\n<p>Ein Elternabend ist oft eine aufregende Sache. Manchen Sch\u00fcler mag im Vorfeld schon etwas Bangigkeit beschlichen haben: \u201eWas wird der Lehrer alles \u00fcber mich erz\u00e4hlen?\u201c, werden sich viele fragen und m\u00f6glicherweise innerlich ihr S\u00fcndenregister des Schuljahres durchgehen, von dem man m\u00f6glicherweise doch nicht alles daheim gebeichtet hat. Bangigkeit mag auch manche Eltern \u00fcberkommen: \u201eWas werde ich alles \u00fcber mein Kind erfahren?\u201c, geht ihnen dann durch den Kopf. Und auch die Lehrer l\u00e4sst der Termin nicht ganz kalt: \u201eHabe ich auch alles richtig gemacht oder werden Vorw\u00fcrfe kommen?\u201c<\/p>\n<p>Alle diese Fragen sind gut und richtig und deshalb sind die Elternsprechtage ein wichtiger Termin. Es ist gut f\u00fcr die Sch\u00fcler, einmal in sich zu gehen, was Lernverhalten, Aufmerksamkeit und Disziplin betrifft. Es ist wichtig, dass sich Eltern mit den Schulleistungen ihrer Kinder auseinandersetzen und den Kontakt mit den Lehrern suchen. Die kennen die Kinder meist nur aus dem Unterricht. Aber es ist auch wichtig, \u00fcber ihre Freuden und Leiden Bescheid zu wissen. Viele Konflikte beruhen auf Missverst\u00e4ndnissen, Informationsdefiziten und Fehleinsch\u00e4tzungen. Sie lassen sich in einem ehrlichen Gespr\u00e4ch leicht ausr\u00e4umen. <\/p>\n<p>Deshalb gibt es Elternsprechtage. Der n\u00e4chste ist am Dienstag, 2. Dezember, f\u00fcr die Klassen 7 bis 12. Es ist klar, dass sich nicht alles in sieben Minuten kl\u00e4ren l\u00e4sst. Aber es ist ein Anfang gemacht, und es gibt auch noch die w\u00f6chentlichen Sprechstunden, in denen mehr Zeit ist, echte Probleme zu vertiefen und gemeinsam nach L\u00f6sungen zu suchen. So viel Zeit m\u00fcssen uns unsere Kinder wert sein.<\/p>\n<p>P.S.: Nicht jedes Elterngespr\u00e4ch ist \u00fcbrigens ein Krisengespr\u00e4ch. Es tut allen &#8211; auch den Lehrern &#8211; gut, wenn man sich versichern kann, dass alles in Butter ist und die Botschaft hei\u00dft: \u201eWeiter so!\u201c <\/p>\n<p>P.P.S.: Entt\u00e4uscht vom Sprechtag waren die Verk\u00e4ufer: Dass es angesichts der genauen Sprechzeitenplanung kaum Warteschlagen an den Zimmern gibt, ist gut f\u00fcr die Eltern, aber schlecht f\u00fcr den Umsatz bei Seife und Brezeln. Da m\u00fcsste sich doch am Dienstag etwas machen lassen\u2026<\/p>\n","protected":false},"excerpt":{"rendered":"<p>Ein Elternabend ist oft eine aufregende Sache. Manchen Sch\u00fcler mag im Vorfeld schon etwas Bangigkeit beschlichen haben: \u201eWas wird der Lehrer alles \u00fcber mich erz\u00e4hlen?\u201c, werden sich viele fragen und m\u00f6glicherweise innerlich ihr S\u00fcndenregister des Schuljahres durchgehen, von dem man m\u00f6glicherweise doch nicht alles daheim gebeichtet hat. Bangigkeit mag auch manche Eltern \u00fcberkommen: \u201eWas werde&hellip;<\/p>\n","protected":false},"author":2,"featured_media":0,"comment_status":"closed","ping_status":"closed","sticky":false,"template":"","format":"standard","meta":{"footnotes":""},"categories":[],"tags":[],"_links":{"self":[{"href":"https:\/\/www.rwg-bayreuth.de\/home\/index.php?rest_route=\/wp\/v2\/posts\/4487"}],"collection":[{"href":"https:\/\/www.rwg-bayreuth.de\/home\/index.php?rest_route=\/wp\/v2\/posts"}],"about":[{"href":"https:\/\/www.rwg-bayreuth.de\/home\/index.php?rest_route=\/wp\/v2\/types\/post"}],"author":[{"embeddable":true,"href":"https:\/\/www.rwg-bayreuth.de\/home\/index.php?rest_route=\/wp\/v2\/users\/2"}],"replies":[{"embeddable":true,"href":"https:\/\/www.rwg-bayreuth.de\/home\/index.php?rest_route=%2Fwp%2Fv2%2Fcomments&post=4487"}],"version-history":[{"count":4,"href":"https:\/\/www.rwg-bayreuth.de\/home\/index.php?rest_route=\/wp\/v2\/posts\/4487\/revisions"}],"predecessor-version":[{"id":4495,"href":"https:\/\/www.rwg-bayreuth.de\/home\/index.php?rest_route=\/wp\/v2\/posts\/4487\/revisions\/4495"}],"wp:attachment":[{"href":"https:\/\/www.rwg-bayreuth.de\/home\/index.php?rest_route=%2Fwp%2Fv2%2Fmedia&parent=4487"}],"wp:term":[{"taxonomy":"category","embeddable":true,"href":"https:\/\/www.rwg-bayreuth.de\/home\/index.php?rest_route=%2Fwp%2Fv2%2Fcategories&post=4487"},{"taxonomy":"post_tag","embeddable":true,"href":"https:\/\/www.rwg-bayreuth.de\/home\/index.php?rest_route=%2Fwp%2Fv2%2Ftags&post=4487"}],"curies":[{"name":"wp","href":"https:\/\/api.w.org\/{rel}","templated":true}]}}