{"id":4406,"date":"2014-11-14T11:20:13","date_gmt":"2014-11-14T10:20:13","guid":{"rendered":"http:\/\/www.rwg-bayreuth.de\/home\/?page_id=4406"},"modified":"2014-11-14T11:23:22","modified_gmt":"2014-11-14T10:23:22","slug":"zu-gast-bei-goethe-und-schiller","status":"publish","type":"post","link":"https:\/\/www.rwg-bayreuth.de\/home\/?p=4406","title":{"rendered":"Zu Gast bei Goethe und Schiller"},"content":{"rendered":"<p><a href=\"https:\/\/www.rwg-bayreuth.de\/home\/wp-content\/uploads\/2014\/11\/2014_weimar_web.jpg\"><img loading=\"lazy\" decoding=\"async\" src=\"https:\/\/www.rwg-bayreuth.de\/home\/wp-content\/uploads\/2014\/11\/2014_weimar_web.jpg\" alt=\"2014_weimar_web\" width=\"350\" height=\"244\" class=\"alignleft size-full wp-image-4407\" srcset=\"https:\/\/www.rwg-bayreuth.de\/home\/wp-content\/uploads\/2014\/11\/2014_weimar_web.jpg 350w, https:\/\/www.rwg-bayreuth.de\/home\/wp-content\/uploads\/2014\/11\/2014_weimar_web-150x105.jpg 150w, https:\/\/www.rwg-bayreuth.de\/home\/wp-content\/uploads\/2014\/11\/2014_weimar_web-300x209.jpg 300w, https:\/\/www.rwg-bayreuth.de\/home\/wp-content\/uploads\/2014\/11\/2014_weimar_web-250x174.jpg 250w\" sizes=\"(max-width: 350px) 100vw, 350px\" \/><\/a>Am 10.Oktober 2014 unternahmen die Deutschkurse von Frau Herrmann-Maier und Frau Steininger eine Exkursion nach Weimar, in die Stadt der deutschen Klassik.<\/p>\n<p>In Weimar angekommen, besichtigte die Gruppe zuerst das Goethemuseum, in dem Goethes Leben, seine Werke und wichtige Bezugspersonen verst\u00e4ndlich n\u00e4her gebracht wurden. Danach konnten sich alle mit Hilfe von Audioguides ein Bild von Goethes Wohnhaus und den damit verbundenen Geschichten machen.<\/p>\n<p>In der Mittagspause war Gelegenheit, selbst Eindr\u00fccke von Weimars Innenstadt zu sammeln und au\u00dferdem \u00fcber den bekannten Zwiebelmarkt zu schlendern. Nach der Mittagspause ging es zusammen am Schillermuseum vorbei zum Theaterplatz, wo sich das Deutsche Nationaltheater Weimar und das ber\u00fchmte Goethe- und Schiller-Denkmal befindet. Anschlie\u00dfend wurde die Ausstellung \u201eKrieg der Geister\u201c im Neuen Museum Weimar besucht, die von der Bedeutung Weimars vor und nach 1914 handelt. Damit endete der Aufenthalt in Weimar und alle traten mit vielen neugewonnenen Eindr\u00fccken und Informationen die Heimreise nach Bayreuth an.<br \/>\nFranziska Seidel und Doreen Zeilmann, Q11<\/p>\n","protected":false},"excerpt":{"rendered":"<p>Am 10.Oktober 2014 unternahmen die Deutschkurse von Frau Herrmann-Maier und Frau Steininger eine Exkursion nach Weimar, in die Stadt der deutschen Klassik. In Weimar angekommen, besichtigte die Gruppe zuerst das Goethemuseum, in dem Goethes Leben, seine Werke und wichtige Bezugspersonen verst\u00e4ndlich n\u00e4her gebracht wurden. Danach konnten sich alle mit Hilfe von Audioguides ein Bild von&hellip;<\/p>\n","protected":false},"author":2,"featured_media":0,"comment_status":"closed","ping_status":"closed","sticky":false,"template":"","format":"standard","meta":{"footnotes":""},"categories":[],"tags":[],"_links":{"self":[{"href":"https:\/\/www.rwg-bayreuth.de\/home\/index.php?rest_route=\/wp\/v2\/posts\/4406"}],"collection":[{"href":"https:\/\/www.rwg-bayreuth.de\/home\/index.php?rest_route=\/wp\/v2\/posts"}],"about":[{"href":"https:\/\/www.rwg-bayreuth.de\/home\/index.php?rest_route=\/wp\/v2\/types\/post"}],"author":[{"embeddable":true,"href":"https:\/\/www.rwg-bayreuth.de\/home\/index.php?rest_route=\/wp\/v2\/users\/2"}],"replies":[{"embeddable":true,"href":"https:\/\/www.rwg-bayreuth.de\/home\/index.php?rest_route=%2Fwp%2Fv2%2Fcomments&post=4406"}],"version-history":[{"count":2,"href":"https:\/\/www.rwg-bayreuth.de\/home\/index.php?rest_route=\/wp\/v2\/posts\/4406\/revisions"}],"predecessor-version":[{"id":4413,"href":"https:\/\/www.rwg-bayreuth.de\/home\/index.php?rest_route=\/wp\/v2\/posts\/4406\/revisions\/4413"}],"wp:attachment":[{"href":"https:\/\/www.rwg-bayreuth.de\/home\/index.php?rest_route=%2Fwp%2Fv2%2Fmedia&parent=4406"}],"wp:term":[{"taxonomy":"category","embeddable":true,"href":"https:\/\/www.rwg-bayreuth.de\/home\/index.php?rest_route=%2Fwp%2Fv2%2Fcategories&post=4406"},{"taxonomy":"post_tag","embeddable":true,"href":"https:\/\/www.rwg-bayreuth.de\/home\/index.php?rest_route=%2Fwp%2Fv2%2Ftags&post=4406"}],"curies":[{"name":"wp","href":"https:\/\/api.w.org\/{rel}","templated":true}]}}